{"id":128404,"date":"2023-03-16T14:19:30","date_gmt":"2023-03-16T20:19:30","guid":{"rendered":"https:\/\/www.uv.mx\/prensa\/?p=128404"},"modified":"2023-03-16T14:19:30","modified_gmt":"2023-03-16T20:19:30","slug":"estudiante-uv-realizo-estancia-en-universidad-espanola","status":"publish","type":"post","link":"https:\/\/www.uv.mx\/prensa\/general\/estudiante-uv-realizo-estancia-en-universidad-espanola\/","title":{"rendered":"Estudiante UV realiz\u00f3 estancia en universidad espa\u00f1ola\u00a0"},"content":{"rendered":"<ul>\n<li data-leveltext=\"\uf0b7\" data-font=\"Symbol\" data-listid=\"1\" data-list-defn-props=\"{&quot;335552541&quot;:1,&quot;335559684&quot;:-2,&quot;335559685&quot;:720,&quot;335559991&quot;:360,&quot;469769226&quot;:&quot;Symbol&quot;,&quot;469769242&quot;:[8226],&quot;469777803&quot;:&quot;left&quot;,&quot;469777804&quot;:&quot;\uf0b7&quot;,&quot;469777815&quot;:&quot;hybridMultilevel&quot;}\" data-aria-posinset=\"1\" data-aria-level=\"1\"><i><span data-contrast=\"auto\">Marely Miguel Rodr\u00edguez, quien cursa la Licenciatura en Administraci\u00f3n de Negocios Internacionales, trabaj\u00f3 durante un mes con el Grupo de Estudio de las Transformaciones de la Econom\u00eda Mundial<\/span><\/i><span data-ccp-props=\"{}\">\u00a0<\/span><\/li>\n<li data-leveltext=\"\uf0b7\" data-font=\"Symbol\" data-listid=\"1\" data-list-defn-props=\"{&quot;335552541&quot;:1,&quot;335559684&quot;:-2,&quot;335559685&quot;:720,&quot;335559991&quot;:360,&quot;469769226&quot;:&quot;Symbol&quot;,&quot;469769242&quot;:[8226],&quot;469777803&quot;:&quot;left&quot;,&quot;469777804&quot;:&quot;\uf0b7&quot;,&quot;469777815&quot;:&quot;hybridMultilevel&quot;}\" data-aria-posinset=\"2\" data-aria-level=\"1\"><i><span data-contrast=\"auto\">\u201cEl capital cultural que te brinda una movilidad es enorme, se vuelve una experiencia interesante y muy enriquecedora\u201d<\/span><\/i><span data-ccp-props=\"{}\">\u00a0<\/span><\/li>\n<\/ul>\n<p><span data-ccp-props=\"{}\">\u00a0<\/span><\/p>\n<div id=\"attachment_128405\" style=\"width: 732px\" class=\"wp-caption aligncenter\"><img loading=\"lazy\" decoding=\"async\" aria-describedby=\"caption-attachment-128405\" class=\"size-full wp-image-128405\" src=\"https:\/\/www.uv.mx\/prensa\/files\/2023\/03\/160323-PAOLA-Movilidad-Espana-1.jpg\" alt=\"\" width=\"722\" height=\"542\" srcset=\"https:\/\/www.uv.mx\/prensa\/files\/2023\/03\/160323-PAOLA-Movilidad-Espana-1.jpg 722w, https:\/\/www.uv.mx\/prensa\/files\/2023\/03\/160323-PAOLA-Movilidad-Espana-1-300x225.jpg 300w\" sizes=\"auto, (max-width: 722px) 100vw, 722px\" \/><p id=\"caption-attachment-128405\" class=\"wp-caption-text\">Marely Miguel realiz\u00f3 estancia de un mes con grupo de investigaci\u00f3n de Espa\u00f1a<\/p><\/div>\n<p><span data-ccp-props=\"{}\">\u00a0<\/span><\/p>\n<p><b><i><span data-contrast=\"auto\">Paola Cort\u00e9s P\u00e9rez<\/span><\/i><\/b><span data-ccp-props=\"{}\">\u00a0<\/span><\/p>\n<p><b><i><span data-contrast=\"auto\">Fotos: Cortes\u00eda Marely Miguel Rodr\u00edguez<\/span><\/i><\/b><span data-ccp-props=\"{}\">\u00a0<\/span><\/p>\n<p><b><i><span data-contrast=\"auto\">16\/03\/2023, Xalapa, Ver.-<\/span><\/i><\/b><span data-contrast=\"auto\"> La oportunidad de realizar una estancia o una experiencia de movilidad internacional enriquece a nivel personal y acad\u00e9mico a las y los j\u00f3venes, expres\u00f3 Marely Miguel Rodr\u00edguez, estudiante de la Licenciatura en Administraci\u00f3n de Negocios Internacionales de la Universidad Veracruzana (UV).<\/span><span data-ccp-props=\"{}\">\u00a0<\/span><\/p>\n<p><span data-contrast=\"auto\">La UV cuenta con un programa para que estudiantes y acad\u00e9micos realicen una estancia o movilidad nacional y\/o internacional, lo que representa una oportunidad para incrementar sus conocimientos y fortalecer su formaci\u00f3n profesional.<\/span><span data-ccp-props=\"{&quot;335559731&quot;:708}\">\u00a0<\/span><\/p>\n<p><span data-contrast=\"auto\">La universitaria realiz\u00f3 estancia por un mes en la Universidad Aut\u00f3noma de Madrid, Espa\u00f1a, espec\u00edficamente con el Grupo de Estudio de las Transformaciones de la Econom\u00eda Mundial (GETEM), en el cual ya han realizado movilidad otros estudiantes de la UV.<\/span><span data-ccp-props=\"{&quot;335559731&quot;:708}\">\u00a0<\/span><\/p>\n<p><span data-contrast=\"auto\">Marely Miguel cont\u00f3 que la estancia realizada en la Universidad Aut\u00f3noma de Madrid tuvo un impacto importante a nivel personal pues su perspectiva sobre el mundo cambi\u00f3 mucho; a nivel acad\u00e9mico, se siente m\u00e1s centrada sobre lo que quiere hacer.<\/span><span data-ccp-props=\"{&quot;335559731&quot;:708}\">\u00a0<\/span><\/p>\n<p><span data-contrast=\"auto\">\u201cVengo muy acelerada con todas las ideas que tengo en mi cabeza en estos momentos; el capital cultural que te brinda una movilidad es enorme, conoces y convives con personas de diversas partes del planeta. Se vuelve una experiencia interesante y muy enriquecedora.\u201d<\/span><span data-ccp-props=\"{&quot;335559731&quot;:708}\">\u00a0<\/span><\/p>\n<p>&nbsp;<\/p>\n<div id=\"attachment_128406\" style=\"width: 281px\" class=\"wp-caption aligncenter\"><img loading=\"lazy\" decoding=\"async\" aria-describedby=\"caption-attachment-128406\" class=\"size-full wp-image-128406\" src=\"https:\/\/www.uv.mx\/prensa\/files\/2023\/03\/160323-PAOLA-Movilidad-Espana-2.jpg\" alt=\"\" width=\"271\" height=\"481\" srcset=\"https:\/\/www.uv.mx\/prensa\/files\/2023\/03\/160323-PAOLA-Movilidad-Espana-2.jpg 271w, https:\/\/www.uv.mx\/prensa\/files\/2023\/03\/160323-PAOLA-Movilidad-Espana-2-169x300.jpg 169w\" sizes=\"auto, (max-width: 271px) 100vw, 271px\" \/><p id=\"caption-attachment-128406\" class=\"wp-caption-text\">Seleccion\u00f3 al GETEM porque su proyecto de investigaci\u00f3n est\u00e1 encaminado hacia las <em>Pymes<\/em> y la Agenda 2030<\/p><\/div>\n<p>&nbsp;<\/p>\n<p><span data-contrast=\"auto\">Con respecto al programa de movilidad que tiene la UV, la universitaria opin\u00f3 que es una oportunidad relevante que debe aprovechar la comunidad estudiantil, ya que aprender en contextos diferentes les ayudar\u00e1 a fortalecer su formaci\u00f3n profesional. \u201cSin duda te ayuda a orientarte\u00a0hacia las metas planteadas\u201d.<\/span><span data-ccp-props=\"{&quot;335559731&quot;:708}\">\u00a0<\/span><\/p>\n<p><span data-contrast=\"auto\">Sin embargo, son pocos los estudiantes que deciden participar en los programas de movilidad. Marely Miguel consider\u00f3 que esto podr\u00eda deberse a que resulta una experiencia intimidante pues implica vivir solo, en un lugar donde no se conoce a nadie y alejado de la familia, no obstante, \u201cdejando de lado este miedo, la experiencia vale much\u00edsimo la pena\u201d.<\/span><span data-ccp-props=\"{&quot;335559731&quot;:708}\">\u00a0<\/span><\/p>\n<p><span data-contrast=\"auto\">Al preguntarle por qu\u00e9 decidi\u00f3 realizar su estancia con el GETEM, dijo que se debi\u00f3 a que su proyecto est\u00e1 relacionado con las peque\u00f1as y medianas empresas (<\/span><i><span data-contrast=\"auto\">Pymes<\/span><\/i><span data-contrast=\"auto\">) y los Objetivos de Desarrollo Sostenible (ODS) de la Agenda 2030 de la Organizaci\u00f3n de las Naciones Unidas (ONU), ambos rubros relevantes a nivel internacional.<\/span><\/p>\n<p>&nbsp;<\/p>\n<div id=\"attachment_128407\" style=\"width: 732px\" class=\"wp-caption aligncenter\"><img loading=\"lazy\" decoding=\"async\" aria-describedby=\"caption-attachment-128407\" class=\"size-full wp-image-128407\" src=\"https:\/\/www.uv.mx\/prensa\/files\/2023\/03\/160323-PAOLA-Movilidad-Espana-3.jpg\" alt=\"\" width=\"722\" height=\"542\" srcset=\"https:\/\/www.uv.mx\/prensa\/files\/2023\/03\/160323-PAOLA-Movilidad-Espana-3.jpg 722w, https:\/\/www.uv.mx\/prensa\/files\/2023\/03\/160323-PAOLA-Movilidad-Espana-3-300x225.jpg 300w\" sizes=\"auto, (max-width: 722px) 100vw, 722px\" \/><p id=\"caption-attachment-128407\" class=\"wp-caption-text\">La universitaria dijo que esta experiencia la ayuda a encauzar sus metas profesionales y personale<\/p><\/div>\n<p>&nbsp;<\/p>\n<p><span data-contrast=\"auto\">Las <\/span><i><span data-contrast=\"auto\">Pymes<\/span><\/i><span data-contrast=\"auto\"> representan el 90% del total de las empresas mundiales, mientras que la Agenda 2030 de la ONU es un plan de acci\u00f3n para hacer frente a problem\u00e1ticas como la desigualdad, velar por el ambiente y la paz.<\/span><span data-ccp-props=\"{&quot;335559731&quot;:708}\">\u00a0<\/span><\/p>\n<p><span data-contrast=\"auto\">\u201cLa Agenda 2030 tiene entre sus principios rectores la responsabilidad compartida; es decir, gobiernos y actores sociales deben contribuir a alcanzar los ODS, as\u00ed que me resulta interesante conocer la manera en la que se territorializan las pol\u00edticas p\u00fablicas para que las <\/span><i><span data-contrast=\"auto\">Pymes<\/span><\/i><span data-contrast=\"auto\"> figuren, participen y contribuyan a la Agenda.\u201d<\/span><span data-ccp-props=\"{&quot;335559731&quot;:708}\">\u00a0<\/span><\/p>\n<p><span data-contrast=\"auto\">As\u00ed que, realizar una estancia durante un mes le permiti\u00f3 a Marely Miguel tener una perspectiva mejor y m\u00e1s completa para poder realizar una comparativa, pues en las calles espa\u00f1olas es notoria la difusi\u00f3n que les dan a los ODS.<\/span><span data-ccp-props=\"{&quot;335559731&quot;:708}\">\u00a0<\/span><\/p>\n<p><span data-contrast=\"auto\">\u201cEl GETEM me ha asesorado y brindado una mejor percepci\u00f3n de lo que pasa en Espa\u00f1a, as\u00ed como de las deficiencias que enfrentan; alcanzar los Objetivos de Desarrollo Sostenible es un reto para cualquier pa\u00eds pues se trata de redise\u00f1ar \u2013desde las bases\u2013 una nueva manera de vivir, consumir y concebir el mundo donde nadie se quede atr\u00e1s.\u201d<\/span><\/p>\n","protected":false},"excerpt":{"rendered":"<p>Marely Miguel cont\u00f3 que la movilidad realizada en la Universidad Aut\u00f3noma de Madrid cambi\u00f3 su perspectiva sobre el mundo y ahora se siente m\u00e1s centrada sobre lo que quiere hacer\u00a0<\/p>\n","protected":false},"author":1869,"featured_media":0,"comment_status":"closed","ping_status":"closed","sticky":false,"template":"","format":"standard","meta":{"footnotes":""},"categories":[1,8454,61],"tags":[10714,10490,10715,10107,4164,3447,1650],"class_list":["post-128404","post","type-post","status-publish","format-standard","hentry","category-general","category-movilidad","category-banner","tag-grupo-de-estudio-de-las-transformaciones-de-la-economia-mundial-getem","tag-licenciatura-en-administracion-de-negocios-internacionales","tag-objetivos-de-desarrollo-sostenible-ods","tag-organizacion-de-las-naciones-unidas-onu","tag-paola-cortes-perez","tag-pymes","tag-universidad-autonoma-de-madrid"],"_links":{"self":[{"href":"https:\/\/www.uv.mx\/prensa\/wp-json\/wp\/v2\/posts\/128404","targetHints":{"allow":["GET"]}}],"collection":[{"href":"https:\/\/www.uv.mx\/prensa\/wp-json\/wp\/v2\/posts"}],"about":[{"href":"https:\/\/www.uv.mx\/prensa\/wp-json\/wp\/v2\/types\/post"}],"author":[{"embeddable":true,"href":"https:\/\/www.uv.mx\/prensa\/wp-json\/wp\/v2\/users\/1869"}],"replies":[{"embeddable":true,"href":"https:\/\/www.uv.mx\/prensa\/wp-json\/wp\/v2\/comments?post=128404"}],"version-history":[{"count":1,"href":"https:\/\/www.uv.mx\/prensa\/wp-json\/wp\/v2\/posts\/128404\/revisions"}],"predecessor-version":[{"id":128409,"href":"https:\/\/www.uv.mx\/prensa\/wp-json\/wp\/v2\/posts\/128404\/revisions\/128409"}],"wp:attachment":[{"href":"https:\/\/www.uv.mx\/prensa\/wp-json\/wp\/v2\/media?parent=128404"}],"wp:term":[{"taxonomy":"category","embeddable":true,"href":"https:\/\/www.uv.mx\/prensa\/wp-json\/wp\/v2\/categories?post=128404"},{"taxonomy":"post_tag","embeddable":true,"href":"https:\/\/www.uv.mx\/prensa\/wp-json\/wp\/v2\/tags?post=128404"}],"curies":[{"name":"wp","href":"https:\/\/api.w.org\/{rel}","templated":true}]}}