{"id":128323,"date":"2023-03-14T18:13:52","date_gmt":"2023-03-15T00:13:52","guid":{"rendered":"https:\/\/www.uv.mx\/prensa\/?p=128323"},"modified":"2023-03-23T14:37:53","modified_gmt":"2023-03-23T20:37:53","slug":"uv-capacito-a-su-personal-respondiente-en-primeros-auxilios","status":"publish","type":"post","link":"https:\/\/www.uv.mx\/prensa\/general\/uv-capacito-a-su-personal-respondiente-en-primeros-auxilios\/","title":{"rendered":"UV capacit\u00f3 a su personal respondiente en primeros auxilios"},"content":{"rendered":"<ul style=\"font-weight: 400\">\n<li data-leveltext=\"\uf0b7\" data-font=\"Symbol\" data-listid=\"1\" data-list-defn-props=\"{&quot;335551671&quot;:0,&quot;335552541&quot;:1,&quot;335559684&quot;:-2,&quot;335559685&quot;:720,&quot;335559991&quot;:360,&quot;469769226&quot;:&quot;Symbol&quot;,&quot;469769242&quot;:[8226],&quot;469777803&quot;:&quot;left&quot;,&quot;469777804&quot;:&quot;\uf0b7&quot;,&quot;469777815&quot;:&quot;hybridMultilevel&quot;}\" data-aria-posinset=\"0\" data-aria-level=\"1\"><i><span data-contrast=\"auto\">Elementos de la Cruz Roja Mexicana Delegaci\u00f3n Xalapa brindaron conocimientos te\u00f3rico-pr\u00e1cticos a responsables de estas acciones en la Rector\u00eda<\/span><\/i><span data-ccp-props=\"{&quot;134233117&quot;:false,&quot;134233118&quot;:false,&quot;201341983&quot;:0,&quot;335559738&quot;:0,&quot;335559739&quot;:0,&quot;335559740&quot;:240}\">\u00a0<\/span><\/li>\n<li data-leveltext=\"\uf0b7\" data-font=\"Symbol\" data-listid=\"1\" data-list-defn-props=\"{&quot;335551671&quot;:0,&quot;335552541&quot;:1,&quot;335559684&quot;:-2,&quot;335559685&quot;:720,&quot;335559991&quot;:360,&quot;469769226&quot;:&quot;Symbol&quot;,&quot;469769242&quot;:[8226],&quot;469777803&quot;:&quot;left&quot;,&quot;469777804&quot;:&quot;\uf0b7&quot;,&quot;469777815&quot;:&quot;hybridMultilevel&quot;}\" data-aria-posinset=\"0\" data-aria-level=\"1\"><i><span data-contrast=\"auto\">Se tiene previsto replicar el curso b\u00e1sico en las dem\u00e1s regiones universitarias<\/span><\/i><\/li>\n<\/ul>\n<p>&nbsp;<\/p>\n<div id=\"attachment_128277\" style=\"width: 732px\" class=\"wp-caption aligncenter\"><img aria-describedby=\"caption-attachment-128277\" decoding=\"async\" loading=\"lazy\" class=\"size-full wp-image-128277\" src=\"https:\/\/www.uv.mx\/prensa\/files\/2023\/03\/14032023-Couttolenc-Capacitacion-primeros-auxilios-1-100k.jpg\" alt=\"Personal encargado de primeros auxilios de Rector\u00eda recibi\u00f3 capacitaci\u00f3n\" width=\"722\" height=\"439\" srcset=\"https:\/\/www.uv.mx\/prensa\/files\/2023\/03\/14032023-Couttolenc-Capacitacion-primeros-auxilios-1-100k.jpg 722w, https:\/\/www.uv.mx\/prensa\/files\/2023\/03\/14032023-Couttolenc-Capacitacion-primeros-auxilios-1-100k-300x182.jpg 300w\" sizes=\"(max-width: 722px) 100vw, 722px\" \/><p id=\"caption-attachment-128277\" class=\"wp-caption-text\">Personal encargado de primeros auxilios de Rector\u00eda recibi\u00f3 capacitaci\u00f3n<\/p><\/div>\n<p><b><i><span data-contrast=\"auto\">Jos\u00e9 Luis Couttolenc Soto<\/span><\/i><\/b><span data-ccp-props=\"{&quot;134233117&quot;:false,&quot;134233118&quot;:false,&quot;201341983&quot;:0,&quot;335559738&quot;:0,&quot;335559739&quot;:0,&quot;335559740&quot;:240}\">\u00a0<\/span><\/p>\n<p><b><i><span data-contrast=\"auto\">Fotos: Omar Portilla Palacios<\/span><\/i><\/b><span data-ccp-props=\"{&quot;134233117&quot;:false,&quot;134233118&quot;:false,&quot;201341983&quot;:0,&quot;335559738&quot;:0,&quot;335559739&quot;:0,&quot;335559740&quot;:240}\">\u00a0<\/span><\/p>\n<p><span data-ccp-props=\"{&quot;134233117&quot;:false,&quot;134233118&quot;:false,&quot;201341983&quot;:0,&quot;335559738&quot;:0,&quot;335559739&quot;:0,&quot;335559740&quot;:240}\">\u00a0<\/span><\/p>\n<p><b><i><span data-contrast=\"auto\">14\/03\/2023, Xalapa, Ver.- <\/span><\/i><\/b><span data-contrast=\"auto\">La Universidad Veracruzana (UV), a trav\u00e9s de la Secretar\u00eda de Desarrollo Institucional (SDI) y el <a href=\"https:\/\/www.uv.mx\/sugir\/\" target=\"_blank\" rel=\"noopener\">Sistema Universitario de Gesti\u00f3n Integral del Riesgo<\/a> (SUGIR), ofreci\u00f3 un curso de capacitaci\u00f3n con conocimientos b\u00e1sicos al personal encargado como primer respondiente en primeros auxilios de las oficinas centrales de Rector\u00eda.<\/span><span data-ccp-props=\"{&quot;134233117&quot;:false,&quot;134233118&quot;:false,&quot;201341983&quot;:0,&quot;335559738&quot;:0,&quot;335559739&quot;:0,&quot;335559740&quot;:240}\">\u00a0<\/span><\/p>\n<p><span data-contrast=\"auto\">El curso estuvo a cargo de elementos de la Cruz Roja Mexicana (CRM) Delegaci\u00f3n Xalapa, quienes durante dos d\u00edas trasmitieron conocimientos sobre<\/span> <span data-contrast=\"auto\">soporte vital b\u00e1sico, obstrucci\u00f3n de v\u00edas respiratorias, heridas hemorr\u00e1gicas, estado de <\/span><i><span data-contrast=\"auto\">shock<\/span><\/i><span data-contrast=\"auto\">, reconocimiento y atenci\u00f3n de fracturas, quemaduras, intoxicaciones, emergencias por fr\u00edo o calor, movilizaci\u00f3n y transporte de lesionados, enfermedades que ponen en peligro la vida, identificaci\u00f3n de conmoci\u00f3n cerebral, atenci\u00f3n inicial al trauma, crisis convulsivas, s\u00edncope, lipotimia y primeros auxilios psicol\u00f3gicos.<\/span><span data-ccp-props=\"{&quot;134233117&quot;:false,&quot;134233118&quot;:false,&quot;201341983&quot;:0,&quot;335559731&quot;:708,&quot;335559738&quot;:0,&quot;335559739&quot;:0,&quot;335559740&quot;:240}\">\u00a0<\/span><\/p>\n<p><span data-contrast=\"auto\">Antero Borboa Lara, director del SUGIR, dio a conocer que en esta ocasi\u00f3n se capacit\u00f3 a 69 personas, con el fin de que sepan valorar al paciente para tomar decisiones correctas y, en su caso, activar el sistema 911 ante una situaci\u00f3n que se salga de control.<\/span><span data-ccp-props=\"{&quot;134233117&quot;:false,&quot;134233118&quot;:false,&quot;201341983&quot;:0,&quot;335559731&quot;:708,&quot;335559738&quot;:0,&quot;335559739&quot;:0,&quot;335559740&quot;:240}\">\u00a0<\/span><\/p>\n<p><span data-contrast=\"auto\">\u201cEstamos tratando de hacer alianzas con diversas instituciones, organismos y cuerpos de seguridad para permear la cultura de la prevenci\u00f3n entre toda la comunidad universitaria\u201d, dijo Borboa Lara.<\/span><span data-ccp-props=\"{&quot;134233117&quot;:false,&quot;134233118&quot;:false,&quot;201341983&quot;:0,&quot;335559731&quot;:708,&quot;335559738&quot;:0,&quot;335559739&quot;:0,&quot;335559740&quot;:240}\">\u00a0<\/span><\/p>\n<p><span data-contrast=\"auto\">Agreg\u00f3 que se han impartido otros cursos como el de guardia y custodia que ofreci\u00f3 la Fuerza Civil a conductores; se capacit\u00f3 a las brigadas para atender incendios, que estuvo a cargo del H. Cuerpo de bomberos, y anunci\u00f3 que se tiene programado otro m\u00e1s para el personal de evacuaci\u00f3n.<\/span><span data-ccp-props=\"{&quot;134233117&quot;:false,&quot;134233118&quot;:false,&quot;201341983&quot;:0,&quot;335559731&quot;:708,&quot;335559738&quot;:0,&quot;335559739&quot;:0,&quot;335559740&quot;:240}\">\u00a0<\/span><\/p>\n<p>&nbsp;<\/p>\n<div id=\"attachment_128278\" style=\"width: 732px\" class=\"wp-caption aligncenter\"><img aria-describedby=\"caption-attachment-128278\" decoding=\"async\" loading=\"lazy\" class=\"size-full wp-image-128278\" src=\"https:\/\/www.uv.mx\/prensa\/files\/2023\/03\/14032023-Couttolenc-Capacitacion-primeros-auxilios-2-100k.jpg\" alt=\"El personal de diversas dependencias de la UV fue capacitado\" width=\"722\" height=\"467\" srcset=\"https:\/\/www.uv.mx\/prensa\/files\/2023\/03\/14032023-Couttolenc-Capacitacion-primeros-auxilios-2-100k.jpg 722w, https:\/\/www.uv.mx\/prensa\/files\/2023\/03\/14032023-Couttolenc-Capacitacion-primeros-auxilios-2-100k-300x194.jpg 300w\" sizes=\"(max-width: 722px) 100vw, 722px\" \/><p id=\"caption-attachment-128278\" class=\"wp-caption-text\">El personal de diversas dependencias de la UV fue capacitado<\/p><\/div>\n<p><span data-ccp-props=\"{&quot;134233117&quot;:false,&quot;134233118&quot;:false,&quot;201341983&quot;:0,&quot;335559738&quot;:0,&quot;335559739&quot;:0,&quot;335559740&quot;:240}\">\u00a0<\/span><\/p>\n<p><b><span data-contrast=\"auto\">Simulacro el 19 de abril<\/span><\/b><span data-ccp-props=\"{&quot;134233117&quot;:false,&quot;134233118&quot;:false,&quot;201341983&quot;:0,&quot;335559738&quot;:0,&quot;335559739&quot;:0,&quot;335559740&quot;:240}\">\u00a0<\/span><\/p>\n<p><span data-contrast=\"auto\">El titular de SUGIR inform\u00f3 que la UV se sumar\u00e1 al simulacro nacional que ha convocado el gobierno federal para el pr\u00f3ximo 19 de abril a las 11:00 horas, a fin de definir y practicar las acciones que la sociedad debe emprender ante una emergencia y salvar vidas.<\/span><span data-ccp-props=\"{&quot;134233117&quot;:false,&quot;134233118&quot;:false,&quot;201341983&quot;:0,&quot;335559738&quot;:0,&quot;335559739&quot;:0,&quot;335559740&quot;:240}\">\u00a0<\/span><\/p>\n<p><span data-contrast=\"auto\">En el caso de la UV, se har\u00e1 de manera integral con la participaci\u00f3n de las brigadas compuestas por personal universitario, que tienen una funci\u00f3n espec\u00edfica.<\/span><span data-ccp-props=\"{&quot;134233117&quot;:false,&quot;134233118&quot;:false,&quot;201341983&quot;:0,&quot;335559738&quot;:0,&quot;335559739&quot;:0,&quot;335559740&quot;:240}\">\u00a0<\/span><\/p>\n<p>&nbsp;<\/p>\n<div id=\"attachment_128279\" style=\"width: 732px\" class=\"wp-caption aligncenter\"><img aria-describedby=\"caption-attachment-128279\" decoding=\"async\" loading=\"lazy\" class=\"size-full wp-image-128279\" src=\"https:\/\/www.uv.mx\/prensa\/files\/2023\/03\/14032023-Couttolenc-Capacitacion-primeros-auxilios-3-100k.jpg\" alt=\"Antero Borboa Lara, director del SUGIR\" width=\"722\" height=\"480\" srcset=\"https:\/\/www.uv.mx\/prensa\/files\/2023\/03\/14032023-Couttolenc-Capacitacion-primeros-auxilios-3-100k.jpg 722w, https:\/\/www.uv.mx\/prensa\/files\/2023\/03\/14032023-Couttolenc-Capacitacion-primeros-auxilios-3-100k-300x199.jpg 300w\" sizes=\"(max-width: 722px) 100vw, 722px\" \/><p id=\"caption-attachment-128279\" class=\"wp-caption-text\">Antero Borboa Lara, director del SUGIR<\/p><\/div>\n<p><span data-ccp-props=\"{&quot;134233117&quot;:false,&quot;134233118&quot;:false,&quot;201341983&quot;:0,&quot;335559738&quot;:0,&quot;335559739&quot;:0,&quot;335559740&quot;:240}\">\u00a0<\/span><\/p>\n<p><b><span data-contrast=\"auto\">UV, siempre a la vanguardia<\/span><\/b><span data-ccp-props=\"{&quot;134233117&quot;:false,&quot;134233118&quot;:false,&quot;201341983&quot;:0,&quot;335559738&quot;:0,&quot;335559739&quot;:0,&quot;335559740&quot;:240}\">\u00a0<\/span><\/p>\n<p><span data-contrast=\"auto\">Rai Alexis Dom\u00ednguez Pozos, m\u00e9dico egresado de esta casa de estudios, t\u00e9cnico de urgencias m\u00e9dicas nivel intermedio de la CRM y param\u00e9dico de cuidados cr\u00edticos y de vuelo, se congratul\u00f3 porque la UV se interese por estar siempre a la vanguardia en cuanto a actualizaci\u00f3n en los diferentes campos, en este caso para garantizar la seguridad y cuidados de la salud de su comunidad (docentes, alumnos y personal administrativo, t\u00e9cnico y manual).<\/span><span data-ccp-props=\"{&quot;134233117&quot;:false,&quot;134233118&quot;:false,&quot;201341983&quot;:0,&quot;335559738&quot;:0,&quot;335559739&quot;:0,&quot;335559740&quot;:240}\">\u00a0<\/span><\/p>\n<p><span data-contrast=\"auto\">A\u00f1adi\u00f3 que no estamos exentos de cualquier eventualidad pues cada vez son m\u00e1s frecuentes los casos de muertes prevenibles, una de ellas es el paro cardiaco, algo bastante com\u00fan en donde con conocimientos b\u00e1sicos podemos hacer diferentes acciones que pueden salvaguardar la vida de un paciente, mejorar el pron\u00f3stico y situaciones que pudieran complicarse.<\/span><\/p>\n<p>&nbsp;<\/p>\n<div id=\"attachment_128280\" style=\"width: 732px\" class=\"wp-caption aligncenter\"><img aria-describedby=\"caption-attachment-128280\" decoding=\"async\" loading=\"lazy\" class=\"size-full wp-image-128280\" src=\"https:\/\/www.uv.mx\/prensa\/files\/2023\/03\/14032023-Couttolenc-Capacitacion-primeros-auxilios-4-100k.jpg\" alt=\"Rai Alexis Dom\u00ednguez Pozos, t\u00e9cnico de urgencias m\u00e9dicas nivel intermedio de la CRM\" width=\"722\" height=\"472\" srcset=\"https:\/\/www.uv.mx\/prensa\/files\/2023\/03\/14032023-Couttolenc-Capacitacion-primeros-auxilios-4-100k.jpg 722w, https:\/\/www.uv.mx\/prensa\/files\/2023\/03\/14032023-Couttolenc-Capacitacion-primeros-auxilios-4-100k-300x196.jpg 300w\" sizes=\"(max-width: 722px) 100vw, 722px\" \/><p id=\"caption-attachment-128280\" class=\"wp-caption-text\">Rai Alexis Dom\u00ednguez Pozos, t\u00e9cnico de urgencias m\u00e9dicas nivel intermedio de la CRM<\/p><\/div>\n","protected":false},"excerpt":{"rendered":"<p>Cada vez son m\u00e1s frecuentes los casos de muertes prevenibles, que con conocimientos b\u00e1sicos pueden evitarse<\/p>\n","protected":false},"author":2349,"featured_media":128325,"comment_status":"closed","ping_status":"closed","sticky":false,"template":"","format":"standard","meta":[],"categories":[1,61],"tags":[10659,9795,8393,10658,10660,10656,10661,4162,6462,1974,6522,10657,9794,8213,8700],"_links":{"self":[{"href":"https:\/\/www.uv.mx\/prensa\/wp-json\/wp\/v2\/posts\/128323"}],"collection":[{"href":"https:\/\/www.uv.mx\/prensa\/wp-json\/wp\/v2\/posts"}],"about":[{"href":"https:\/\/www.uv.mx\/prensa\/wp-json\/wp\/v2\/types\/post"}],"author":[{"embeddable":true,"href":"https:\/\/www.uv.mx\/prensa\/wp-json\/wp\/v2\/users\/2349"}],"replies":[{"embeddable":true,"href":"https:\/\/www.uv.mx\/prensa\/wp-json\/wp\/v2\/comments?post=128323"}],"version-history":[{"count":1,"href":"https:\/\/www.uv.mx\/prensa\/wp-json\/wp\/v2\/posts\/128323\/revisions"}],"predecessor-version":[{"id":128652,"href":"https:\/\/www.uv.mx\/prensa\/wp-json\/wp\/v2\/posts\/128323\/revisions\/128652"}],"wp:featuredmedia":[{"embeddable":true,"href":"https:\/\/www.uv.mx\/prensa\/wp-json\/wp\/v2\/media\/128325"}],"wp:attachment":[{"href":"https:\/\/www.uv.mx\/prensa\/wp-json\/wp\/v2\/media?parent=128323"}],"wp:term":[{"taxonomy":"category","embeddable":true,"href":"https:\/\/www.uv.mx\/prensa\/wp-json\/wp\/v2\/categories?post=128323"},{"taxonomy":"post_tag","embeddable":true,"href":"https:\/\/www.uv.mx\/prensa\/wp-json\/wp\/v2\/tags?post=128323"}],"curies":[{"name":"wp","href":"https:\/\/api.w.org\/{rel}","templated":true}]}}