{"id":128237,"date":"2023-03-13T14:40:01","date_gmt":"2023-03-13T20:40:01","guid":{"rendered":"https:\/\/www.uv.mx\/prensa\/?p=128237"},"modified":"2023-03-14T11:01:41","modified_gmt":"2023-03-14T17:01:41","slug":"egresados-de-posgrado-en-ciencias-biologicas-mostraron-investigaciones","status":"publish","type":"post","link":"https:\/\/www.uv.mx\/prensa\/general\/egresados-de-posgrado-en-ciencias-biologicas-mostraron-investigaciones\/","title":{"rendered":"Egresados de posgrado en Ciencias Biol\u00f3gicas mostraron investigaciones\u00a0"},"content":{"rendered":"<ul>\n<li data-leveltext=\"\uf0b7\" data-font=\"Symbol\" data-listid=\"3\" data-list-defn-props=\"{&quot;335551671&quot;:0,&quot;335552541&quot;:1,&quot;335559684&quot;:-2,&quot;335559685&quot;:720,&quot;335559991&quot;:360,&quot;469769226&quot;:&quot;Symbol&quot;,&quot;469769242&quot;:[8226],&quot;469777803&quot;:&quot;left&quot;,&quot;469777804&quot;:&quot;\uf0b7&quot;,&quot;469777815&quot;:&quot;hybridMultilevel&quot;}\" data-aria-posinset=\"0\" data-aria-level=\"1\"><i><span data-contrast=\"auto\">Monitoreo ac\u00fastico de tiburones permite identificar sus sitios de preferencia dentro del Parque Nacional del Sistema Arrecifal Veracruzano<\/span><\/i><span data-ccp-props=\"{&quot;201341983&quot;:0,&quot;335559739&quot;:0,&quot;335559740&quot;:240}\">\u00a0<\/span><\/li>\n<li data-leveltext=\"\uf0b7\" data-font=\"Symbol\" data-listid=\"3\" data-list-defn-props=\"{&quot;335551671&quot;:0,&quot;335552541&quot;:1,&quot;335559684&quot;:-2,&quot;335559685&quot;:720,&quot;335559991&quot;:360,&quot;469769226&quot;:&quot;Symbol&quot;,&quot;469769242&quot;:[8226],&quot;469777803&quot;:&quot;left&quot;,&quot;469777804&quot;:&quot;\uf0b7&quot;,&quot;469777815&quot;:&quot;hybridMultilevel&quot;}\" data-aria-posinset=\"0\" data-aria-level=\"1\"><i><span data-contrast=\"auto\">\u201cMi formaci\u00f3n en la MCB ayud\u00f3 en mi desarrollo y crecimiento profesional, organizaci\u00f3n, trabajo en equipo y sintetizar ideas\u201d: Nail\u00fa Alejandra Morales Garc\u00eda<\/span><\/i><span data-ccp-props=\"{&quot;201341983&quot;:0,&quot;335559739&quot;:0,&quot;335559740&quot;:240}\">\u00a0<\/span><\/li>\n<\/ul>\n<p><span data-ccp-props=\"{&quot;201341983&quot;:0,&quot;335559739&quot;:0,&quot;335559740&quot;:240}\">\u00a0<\/span><\/p>\n<div id=\"attachment_128238\" style=\"width: 732px\" class=\"wp-caption aligncenter\"><img loading=\"lazy\" decoding=\"async\" aria-describedby=\"caption-attachment-128238\" class=\"size-full wp-image-128238\" src=\"https:\/\/www.uv.mx\/prensa\/files\/2023\/03\/13032023-Coutolenc-Conversatorio-MaCBio-1.jpg\" alt=\"\" width=\"722\" height=\"482\" srcset=\"https:\/\/www.uv.mx\/prensa\/files\/2023\/03\/13032023-Coutolenc-Conversatorio-MaCBio-1.jpg 722w, https:\/\/www.uv.mx\/prensa\/files\/2023\/03\/13032023-Coutolenc-Conversatorio-MaCBio-1-300x200.jpg 300w\" sizes=\"auto, (max-width: 722px) 100vw, 722px\" \/><p id=\"caption-attachment-128238\" class=\"wp-caption-text\">Ibiza Mart\u00ednez inaugur\u00f3 el \u201cSegundo conversatorio de alumnos y egresados de la Maestr\u00eda de Ciencias Biol\u00f3gicas\u201d<\/p><\/div>\n<p><span data-ccp-props=\"{&quot;201341983&quot;:0,&quot;335559739&quot;:0,&quot;335559740&quot;:240}\">\u00a0<\/span><\/p>\n<p><b><i><span data-contrast=\"auto\">Jos\u00e9 Luis Couttolenc Soto<\/span><\/i><\/b><span data-ccp-props=\"{&quot;201341983&quot;:0,&quot;335559739&quot;:0,&quot;335559740&quot;:240}\">\u00a0<\/span><\/p>\n<p><b><i><span data-contrast=\"auto\">Fotos: C\u00e9sar Pisil Ramos<\/span><\/i><\/b><span data-ccp-props=\"{&quot;201341983&quot;:0,&quot;335559739&quot;:0,&quot;335559740&quot;:240}\">\u00a0<\/span><\/p>\n<p><b><i><span data-contrast=\"auto\">13\/03\/2023, Xalapa, Ver.- <\/span><\/i><\/b><span data-contrast=\"auto\">De acuerdo a estudios de monitoreo ac\u00fastico realizado con tiburones gata o nodriza (<\/span><i><span data-contrast=\"auto\">Ginglymostoma cirratum<\/span><\/i><span data-contrast=\"auto\">) y aleta de cart\u00f3n (<\/span><i><span data-contrast=\"auto\">Carcharhinus plumbeus<\/span><\/i><span data-contrast=\"auto\">), por medio de un seguimiento activo se pudo establecer cu\u00e1les son sus sitios de preferencia dentro del Parque Nacional del Sistema Arrecifal Veracruzano (PNSAV).<\/span><span data-ccp-props=\"{&quot;201341983&quot;:0,&quot;335559739&quot;:0,&quot;335559740&quot;:240}\">\u00a0<\/span><\/p>\n<p><span data-contrast=\"auto\">Nail\u00fa Alejandra Morales Garc\u00eda, egresada de la Maestr\u00eda en Ciencias Biol\u00f3gicas (MCB) de la <a href=\"https:\/\/www.uv.mx\/\" target=\"_blank\" rel=\"noopener\">Universidad Veracruzana<\/a> (UV), dio a conocer los resultados de esta investigaci\u00f3n en el \u201cSegundo conversatorio de alumnos y egresados\u201d del posgrado, precisando que escogi\u00f3 el PNSAV por su importancia biol\u00f3gica, y por la presencia y distribuci\u00f3n de diversas especies marinas, entre las que se encuentran mam\u00edferos, tortugas y tiburones.<\/span><span data-ccp-props=\"{&quot;201341983&quot;:0,&quot;335559739&quot;:0,&quot;335559740&quot;:240}\">\u00a0<\/span><\/p>\n<p><span data-contrast=\"auto\">Prob\u00f3 una nueva t\u00e9cnica de monitoreo con telemetr\u00eda ac\u00fastica que ha sido utilizada en otros lugares, pero no en este parque arrecifal; como resultado, se pudo precisar que el tibur\u00f3n gata fue detectado movi\u00e9ndose en los alrededores de los arrecifes Anegada de Afuera, Anegadilla y Santiaguillo.<\/span><span data-ccp-props=\"{&quot;201341983&quot;:0,&quot;335559739&quot;:0,&quot;335559740&quot;:240}\">\u00a0<\/span><\/p>\n<p><span data-contrast=\"auto\">En tanto, al tibur\u00f3n aleta de cart\u00f3n se le detect\u00f3 por unas horas dentro del parque, alrededor del arrecife Santiaguillo, cerca del l\u00edmite del pol\u00edgono del PNSAV.<\/span><span data-ccp-props=\"{&quot;201341983&quot;:0,&quot;335559731&quot;:708,&quot;335559739&quot;:0,&quot;335559740&quot;:240}\">\u00a0<\/span><\/p>\n<p><span data-contrast=\"auto\">Morales Garc\u00eda apunt\u00f3 que la MCB le proporcion\u00f3 conocimientos que enriquecen su crecimiento y formaci\u00f3n profesional, organizaci\u00f3n, trabajo en equipo, para sintetizar ideas y tener una mejor visi\u00f3n de su \u00e1rea de aplicaci\u00f3n de conocimientos.<\/span><span data-ccp-props=\"{&quot;201341983&quot;:0,&quot;335559739&quot;:0,&quot;335559740&quot;:240}\">\u00a0<\/span><\/p>\n<p><span data-ccp-props=\"{&quot;201341983&quot;:0,&quot;335559739&quot;:0,&quot;335559740&quot;:240}\">\u00a0<\/span><\/p>\n<div id=\"attachment_128239\" style=\"width: 732px\" class=\"wp-caption aligncenter\"><img loading=\"lazy\" decoding=\"async\" aria-describedby=\"caption-attachment-128239\" class=\"size-full wp-image-128239\" src=\"https:\/\/www.uv.mx\/prensa\/files\/2023\/03\/13032023-Coutolenc-Conversatorio-MaCBio-2.jpg\" alt=\"\" width=\"722\" height=\"535\" srcset=\"https:\/\/www.uv.mx\/prensa\/files\/2023\/03\/13032023-Coutolenc-Conversatorio-MaCBio-2.jpg 722w, https:\/\/www.uv.mx\/prensa\/files\/2023\/03\/13032023-Coutolenc-Conversatorio-MaCBio-2-300x222.jpg 300w\" sizes=\"auto, (max-width: 722px) 100vw, 722px\" \/><p id=\"caption-attachment-128239\" class=\"wp-caption-text\">Nail\u00fa Morales realiz\u00f3 una investigaci\u00f3n para establecer la preferencia de tiburones dentro del Parque Nacional del Sistema Arrecifal Veracruzano<\/p><\/div>\n<p>&nbsp;<\/p>\n<p><b><span data-contrast=\"auto\">Zopilote negro e ingesta de microbasura<\/span><\/b><span data-ccp-props=\"{&quot;201341983&quot;:0,&quot;335559739&quot;:0,&quot;335559740&quot;:240}\">\u00a0<\/span><\/p>\n<p><span data-contrast=\"auto\">Mohamed Mahmoud Saad Luna, egresado tambi\u00e9n de la MCB, expuso su trabajo sobre la asociaci\u00f3n entre abundancia de zopilote negro (<\/span><i><span data-contrast=\"auto\">Coragyps atratus<\/span><\/i><span data-contrast=\"auto\">) y su relaci\u00f3n con la ingesta de microbasura y los desechos urbanos en Xalapa durante el verano.<\/span><span data-ccp-props=\"{&quot;201341983&quot;:0,&quot;335559739&quot;:0,&quot;335559740&quot;:240}\">\u00a0<\/span><\/p>\n<p><span data-contrast=\"auto\">Indic\u00f3 que existe una falsa idea que relaciona a los zopilotes con algo sucio y lleno de basura, cuando en realidad no eligen d\u00f3nde duermen, descansan o por qu\u00e9 comen basura. Apunt\u00f3 que van a esos puntos por otras circunstancias, pero tienen dormideros naturales que no est\u00e1n determinados por la presencia de basura, cuyos residuos encontrados en sus egagr\u00f3pilas (bolas de alimento regurgitadas por las aves) fue menor a los encontrados en otras especies de cat\u00e1rtidos.<\/span><span data-ccp-props=\"{&quot;201341983&quot;:0,&quot;335559739&quot;:0,&quot;335559740&quot;:240}\">\u00a0<\/span><\/p>\n<p><span data-contrast=\"auto\">No obstante, refiri\u00f3 que la presencia de los zopilotes es bastante positiva, debido a que su funci\u00f3n carro\u00f1era ayuda a limpiar el ecosistema de las enfermedades que causa un cad\u00e1ver en descomposici\u00f3n.<\/span><span data-ccp-props=\"{&quot;201341983&quot;:0,&quot;335559739&quot;:0,&quot;335559740&quot;:240}\">\u00a0<\/span><\/p>\n<p><span data-ccp-props=\"{&quot;201341983&quot;:0,&quot;335559739&quot;:0,&quot;335559740&quot;:240}\">\u00a0<\/span><\/p>\n<div id=\"attachment_128240\" style=\"width: 732px\" class=\"wp-caption aligncenter\"><img loading=\"lazy\" decoding=\"async\" aria-describedby=\"caption-attachment-128240\" class=\"size-full wp-image-128240\" src=\"https:\/\/www.uv.mx\/prensa\/files\/2023\/03\/13032023-Coutolenc-Conversatorio-MaCBio-3.jpg\" alt=\"\" width=\"722\" height=\"482\" srcset=\"https:\/\/www.uv.mx\/prensa\/files\/2023\/03\/13032023-Coutolenc-Conversatorio-MaCBio-3.jpg 722w, https:\/\/www.uv.mx\/prensa\/files\/2023\/03\/13032023-Coutolenc-Conversatorio-MaCBio-3-300x200.jpg 300w\" sizes=\"auto, (max-width: 722px) 100vw, 722px\" \/><p id=\"caption-attachment-128240\" class=\"wp-caption-text\">Mohamed Mahmoud Saad expuso su trabajo sobre el zopilote negro y su relaci\u00f3n con la ingesta de microbasura<\/p><\/div>\n<p>&nbsp;<\/p>\n<p><b><span data-contrast=\"auto\">Asociaci\u00f3n de competencias en la formaci\u00f3n del bi\u00f3logo<\/span><\/b><span data-ccp-props=\"{&quot;201341983&quot;:0,&quot;335559739&quot;:0,&quot;335559740&quot;:240}\">\u00a0<\/span><\/p>\n<p><span data-contrast=\"auto\">Kenia Raquel Moctezuma Viera habl\u00f3 de su proyecto \u201cCompetencias axiol\u00f3gicas en la formaci\u00f3n del bi\u00f3logo e integraci\u00f3n de la bio\u00e9tica en universidades del sureste de M\u00e9xico\u201d.<\/span><span data-ccp-props=\"{&quot;201341983&quot;:0,&quot;335559739&quot;:0,&quot;335559740&quot;:240}\">\u00a0<\/span><\/p>\n<p><span data-contrast=\"auto\">Analiz\u00f3 planes de estudio, as\u00ed como cuestionarios a docentes y estudiantes de seis universidades, con la finalidad de conocer c\u00f3mo se aplican las competencias a nivel axiol\u00f3gico, principalmente las relacionadas con los valores humanos en la formaci\u00f3n de futuros bi\u00f3logos del sureste del pa\u00eds.<\/span><span data-ccp-props=\"{&quot;201341983&quot;:0,&quot;335559739&quot;:0,&quot;335559740&quot;:240}\">\u00a0<\/span><\/p>\n<p><span data-contrast=\"auto\">Encontr\u00f3 que hay asociaci\u00f3n entre las competencias que se ense\u00f1an con la problem\u00e1tica existente en la regi\u00f3n; sin embargo, pudo observar que la formaci\u00f3n de este profesional est\u00e1 dirigida m\u00e1s a la conservaci\u00f3n ambiental y la educaci\u00f3n sustentable, por lo que propone se trabaje en una formaci\u00f3n integral tomando en cuenta los problemas culturales, pol\u00edticos y sociales.<\/span><span data-ccp-props=\"{&quot;201341983&quot;:0,&quot;335559739&quot;:0,&quot;335559740&quot;:240}\">\u00a0<\/span><\/p>\n<p>&nbsp;<\/p>\n<div id=\"attachment_128241\" style=\"width: 732px\" class=\"wp-caption aligncenter\"><img loading=\"lazy\" decoding=\"async\" aria-describedby=\"caption-attachment-128241\" class=\"size-full wp-image-128241\" src=\"https:\/\/www.uv.mx\/prensa\/files\/2023\/03\/13032023-Coutolenc-Conversatorio-MaCBio-4.jpg\" alt=\"\" width=\"722\" height=\"482\" srcset=\"https:\/\/www.uv.mx\/prensa\/files\/2023\/03\/13032023-Coutolenc-Conversatorio-MaCBio-4.jpg 722w, https:\/\/www.uv.mx\/prensa\/files\/2023\/03\/13032023-Coutolenc-Conversatorio-MaCBio-4-300x200.jpg 300w\" sizes=\"auto, (max-width: 722px) 100vw, 722px\" \/><p id=\"caption-attachment-128241\" class=\"wp-caption-text\">Kenia Moctezuma habl\u00f3 de su proyecto \u201cCompetencias axiol\u00f3gicas en la formaci\u00f3n del bi\u00f3logo\u201d<\/p><\/div>\n<p><span data-ccp-props=\"{&quot;201341983&quot;:0,&quot;335559739&quot;:0,&quot;335559740&quot;:240}\">\u00a0<\/span><\/p>\n<p><b><span data-contrast=\"auto\">P\u00e1jaro <\/span><\/b><b><i><span data-contrast=\"auto\">Cardellina<\/span><\/i><\/b><b><span data-contrast=\"auto\">, dos especies diferentes<\/span><\/b><span data-ccp-props=\"{&quot;201341983&quot;:0,&quot;335559739&quot;:0,&quot;335559740&quot;:240}\">\u00a0<\/span><\/p>\n<p><span data-contrast=\"auto\">Gustavo Contreras Cuevas realiz\u00f3 un estudio sobre la variaci\u00f3n subespec\u00edfica del canto del p\u00e1jaro <\/span><i><span data-contrast=\"auto\">Cardellina<\/span><\/i> <i><span data-contrast=\"auto\">pusilla<\/span><\/i><span data-contrast=\"auto\">; explic\u00f3 que las aves producen diferentes sonidos, algunos de los cuales provienen de las plumas y las alas, y hay otros que generan con su \u00f3rgano bucal llamado siringe, que se localiza en la porci\u00f3n superior de su tr\u00e1quea.<\/span><span data-ccp-props=\"{&quot;201341983&quot;:0,&quot;335559739&quot;:0,&quot;335559740&quot;:240}\">\u00a0<\/span><\/p>\n<p><span data-contrast=\"auto\">Los sonidos que emiten por la siringe se les conoce como vocalizaciones y se clasifican en dos tipos: los llamados para requerir alimentos y los de voz de alerta para avisar la presencia de depredadores.<\/span><span data-ccp-props=\"{&quot;201341983&quot;:0,&quot;335559739&quot;:0,&quot;335559740&quot;:240}\">\u00a0<\/span><\/p>\n<p><span data-contrast=\"auto\">Los resultados del estudio apoyan la idea de que el p\u00e1jaro <\/span><i><span data-contrast=\"auto\">Cardellina pusilla <\/span><\/i><span data-contrast=\"auto\">constituye dos especies diferentes; la variaci\u00f3n en su canto se debe a la transici\u00f3n gen\u00e9tica entre subespecies impulsada por el aislamiento geogr\u00e1fico ocurrido hace 2.3 millones de a\u00f1os.<\/span><span data-ccp-props=\"{&quot;201341983&quot;:0,&quot;335559739&quot;:0,&quot;335559740&quot;:240}\">\u00a0<\/span><\/p>\n<p><span data-contrast=\"auto\">Un potencial a futuro de la investigaci\u00f3n es analizar los efectos del h\u00e1bitat con relaci\u00f3n a la variaci\u00f3n de la frecuencia y un experimento de <\/span><i><span data-contrast=\"auto\">playback<\/span><\/i><span data-contrast=\"auto\"> que ponga a prueba su reconocimiento espec\u00edfico.<\/span><span data-ccp-props=\"{&quot;201341983&quot;:0,&quot;335559739&quot;:0,&quot;335559740&quot;:240}\">\u00a0<\/span><\/p>\n<p><span data-contrast=\"auto\">El conversatorio fue inaugurado por Ibiza Mart\u00ednez Serrano, directora de la Facultad de Biolog\u00eda.<\/span><span data-ccp-props=\"{&quot;201341983&quot;:0,&quot;335559739&quot;:0,&quot;335559740&quot;:240}\">\u00a0<\/span><\/p>\n<p>&nbsp;<\/p>\n<div id=\"attachment_128242\" style=\"width: 732px\" class=\"wp-caption aligncenter\"><img loading=\"lazy\" decoding=\"async\" aria-describedby=\"caption-attachment-128242\" class=\"size-full wp-image-128242\" src=\"https:\/\/www.uv.mx\/prensa\/files\/2023\/03\/13032023-Coutolenc-Conversatorio-MaCBio-5.jpg\" alt=\"\" width=\"722\" height=\"482\" srcset=\"https:\/\/www.uv.mx\/prensa\/files\/2023\/03\/13032023-Coutolenc-Conversatorio-MaCBio-5.jpg 722w, https:\/\/www.uv.mx\/prensa\/files\/2023\/03\/13032023-Coutolenc-Conversatorio-MaCBio-5-300x200.jpg 300w\" sizes=\"auto, (max-width: 722px) 100vw, 722px\" \/><p id=\"caption-attachment-128242\" class=\"wp-caption-text\">Gustavo Contreras estudi\u00f3 el canto del p\u00e1jaro Cardellina pusilla<\/p><\/div>\n","protected":false},"excerpt":{"rendered":"<p>Expusieron investigaciones sobre zopilote negro y su relaci\u00f3n con la ingesta de microbasura; variaci\u00f3n del canto del p\u00e1jaro Cardellina pusilla, y competencia axiol\u00f3gica en la formaci\u00f3n del bi\u00f3logo\u00a0<\/p>\n","protected":false},"author":1869,"featured_media":128243,"comment_status":"closed","ping_status":"closed","sticky":false,"template":"","format":"standard","meta":{"footnotes":""},"categories":[45,47,1,61],"tags":[5331,733,6263,4162,5330,10640,10642,10641,307],"class_list":["post-128237","post","type-post","status-publish","format-standard","has-post-thumbnail","hentry","category-ciencia","category-eventos","category-general","category-banner","tag-bioetica","tag-biologo","tag-cesar-pisil-ramos","tag-jose-luis-couttolenc-soto","tag-maestria-en-ciencias-biologicas-mcb","tag-parque-nacional-del-sistema-arrecifal-veracruzano-pnsav","tag-tiburones","tag-urbanos","tag-xalapa"],"_links":{"self":[{"href":"https:\/\/www.uv.mx\/prensa\/wp-json\/wp\/v2\/posts\/128237","targetHints":{"allow":["GET"]}}],"collection":[{"href":"https:\/\/www.uv.mx\/prensa\/wp-json\/wp\/v2\/posts"}],"about":[{"href":"https:\/\/www.uv.mx\/prensa\/wp-json\/wp\/v2\/types\/post"}],"author":[{"embeddable":true,"href":"https:\/\/www.uv.mx\/prensa\/wp-json\/wp\/v2\/users\/1869"}],"replies":[{"embeddable":true,"href":"https:\/\/www.uv.mx\/prensa\/wp-json\/wp\/v2\/comments?post=128237"}],"version-history":[{"count":1,"href":"https:\/\/www.uv.mx\/prensa\/wp-json\/wp\/v2\/posts\/128237\/revisions"}],"predecessor-version":[{"id":128291,"href":"https:\/\/www.uv.mx\/prensa\/wp-json\/wp\/v2\/posts\/128237\/revisions\/128291"}],"wp:featuredmedia":[{"embeddable":true,"href":"https:\/\/www.uv.mx\/prensa\/wp-json\/wp\/v2\/media\/128243"}],"wp:attachment":[{"href":"https:\/\/www.uv.mx\/prensa\/wp-json\/wp\/v2\/media?parent=128237"}],"wp:term":[{"taxonomy":"category","embeddable":true,"href":"https:\/\/www.uv.mx\/prensa\/wp-json\/wp\/v2\/categories?post=128237"},{"taxonomy":"post_tag","embeddable":true,"href":"https:\/\/www.uv.mx\/prensa\/wp-json\/wp\/v2\/tags?post=128237"}],"curies":[{"name":"wp","href":"https:\/\/api.w.org\/{rel}","templated":true}]}}