{"id":12796,"date":"2016-06-27T12:21:47","date_gmt":"2016-06-27T17:21:47","guid":{"rendered":"https:\/\/www.uv.mx\/prensa\/?p=12796"},"modified":"2016-06-27T12:21:47","modified_gmt":"2016-06-27T17:21:47","slug":"mas-de-175-alumnos-practican-deportes-en-periodo-intersemestral","status":"publish","type":"post","link":"https:\/\/www.uv.mx\/prensa\/regiones\/mas-de-175-alumnos-practican-deportes-en-periodo-intersemestral\/","title":{"rendered":"M\u00e1s de 175 alumnos practican  deportes en periodo intersemestral"},"content":{"rendered":"<ul>\n<li><em>En Poza Rica-Tuxpan <\/em><\/li>\n<\/ul>\n<p>&nbsp;<\/p>\n<div id=\"attachment_12803\" style=\"width: 732px\" class=\"wp-caption aligncenter\"><a href=\"https:\/\/www.uv.mx\/prensa\/files\/2016\/06\/tivas-1.jpg\"><img loading=\"lazy\" decoding=\"async\" aria-describedby=\"caption-attachment-12803\" class=\"size-full wp-image-12803\" src=\"https:\/\/www.uv.mx\/prensa\/files\/2016\/06\/tivas-1.jpg\" alt=\"En Tuxpan los estudiantes practican nataci\u00f3n \" width=\"722\" height=\"406\" srcset=\"https:\/\/www.uv.mx\/prensa\/files\/2016\/06\/tivas-1.jpg 722w, https:\/\/www.uv.mx\/prensa\/files\/2016\/06\/tivas-1-300x169.jpg 300w\" sizes=\"auto, (max-width: 722px) 100vw, 722px\" \/><\/a><p id=\"caption-attachment-12803\" class=\"wp-caption-text\">En Tuxpan los estudiantes practican nataci\u00f3n<\/p><\/div>\n<p>&nbsp;<\/p>\n<p>&nbsp;<\/p>\n<p><strong><em>Alma Celia San Mart\u00edn<\/em><\/strong><\/p>\n<p>&nbsp;<\/p>\n<p><strong><em>Poza Rica, Ver.<\/em><\/strong>\u00a0<strong><em>27\/06\/2016.-<\/em><\/strong><em>\u00a0<\/em>Un total de 175 estudiantes de los diferentes programas educativos de la regi\u00f3n Poza Rica-Tuxpan participan en los cursos que la Coordinaci\u00f3n Regional de Actividades Deportivas ofrece durante el periodo intersemestral de verano, inform\u00f3 Eder Alfonso Blen Garc\u00eda, su titular.<\/p>\n<p>Los universitarios aprenden las reglas, jugadas y fundamentos de deportes como voleibol, judo, futbol, nataci\u00f3n y baloncesto. Precisamente este \u00faltimo es el que mayor n\u00famero de estudiantes inscritos tiene y las actividades se desarrollan en la Unidad de Ciencias de la Salud.<\/p>\n<p>Otra de las experiencias educativas m\u00e1s gustadas es la nataci\u00f3n, en la que participan estudiantes de las facultades de Ciencias Biol\u00f3gicas y Agropecuarias, y Contadur\u00eda.<\/p>\n<p>La Facultad de Ingenier\u00eda es la sede del voleibol y futbol, en tanto que el judo se imparte en la USBI.<\/p>\n<p>Blen Garc\u00eda indic\u00f3 que cada semestre incrementa la matr\u00edcula de\u00a0 alumnos que participa en algunos de los deportes que se ofrecen tanto en Poza Rica como en Tuxpan.<\/p>\n<p>Tambi\u00e9n que semestralmente se integran las selecciones regionales de las diferentes disciplinas que se practican, y que los alumnos m\u00e1s aventajados son quienes tienen m\u00e1s oportunidades de representar a la UV.<\/p>\n<div id=\"attachment_12805\" style=\"width: 732px\" class=\"wp-caption aligncenter\"><a href=\"https:\/\/www.uv.mx\/prensa\/files\/2016\/06\/Actportivas-2.jpg\"><img loading=\"lazy\" decoding=\"async\" aria-describedby=\"caption-attachment-12805\" class=\"size-full wp-image-12805\" src=\"https:\/\/www.uv.mx\/prensa\/files\/2016\/06\/Actportivas-2.jpg\" alt=\"En Ciencias de la Salud se imparte baloncesto, el deporte con el mayor n\u00famero de alumnos inscritos\" width=\"722\" height=\"963\" srcset=\"https:\/\/www.uv.mx\/prensa\/files\/2016\/06\/Actportivas-2.jpg 722w, https:\/\/www.uv.mx\/prensa\/files\/2016\/06\/Actportivas-2-225x300.jpg 225w\" sizes=\"auto, (max-width: 722px) 100vw, 722px\" \/><\/a><p id=\"caption-attachment-12805\" class=\"wp-caption-text\">En Ciencias de la Salud se imparte baloncesto, el deporte con el mayor n\u00famero de alumnos inscritos<\/p><\/div>\n","protected":false},"excerpt":{"rendered":"<p><strong><em>Alma Celia San Mart\u00edn.-<\/em><\/strong>Un total de 175 estudiantes de los diferentes programas educativos de la regi\u00f3n Poza Rica-Tuxpan participan en los cursos que la Coordinaci\u00f3n Regional de Actividades Deportivas ofrece durante el periodo intersemestral de verano, inform\u00f3 Eder Alfonso Blen Garc\u00eda, su titular.<\/p>\n","protected":false},"author":1810,"featured_media":12802,"comment_status":"closed","ping_status":"closed","sticky":false,"template":"","format":"standard","meta":{"footnotes":""},"categories":[32],"tags":[33],"class_list":["post-12796","post","type-post","status-publish","format-standard","has-post-thumbnail","hentry","category-regiones","tag-regiones"],"_links":{"self":[{"href":"https:\/\/www.uv.mx\/prensa\/wp-json\/wp\/v2\/posts\/12796","targetHints":{"allow":["GET"]}}],"collection":[{"href":"https:\/\/www.uv.mx\/prensa\/wp-json\/wp\/v2\/posts"}],"about":[{"href":"https:\/\/www.uv.mx\/prensa\/wp-json\/wp\/v2\/types\/post"}],"author":[{"embeddable":true,"href":"https:\/\/www.uv.mx\/prensa\/wp-json\/wp\/v2\/users\/1810"}],"replies":[{"embeddable":true,"href":"https:\/\/www.uv.mx\/prensa\/wp-json\/wp\/v2\/comments?post=12796"}],"version-history":[{"count":0,"href":"https:\/\/www.uv.mx\/prensa\/wp-json\/wp\/v2\/posts\/12796\/revisions"}],"wp:featuredmedia":[{"embeddable":true,"href":"https:\/\/www.uv.mx\/prensa\/wp-json\/wp\/v2\/media\/12802"}],"wp:attachment":[{"href":"https:\/\/www.uv.mx\/prensa\/wp-json\/wp\/v2\/media?parent=12796"}],"wp:term":[{"taxonomy":"category","embeddable":true,"href":"https:\/\/www.uv.mx\/prensa\/wp-json\/wp\/v2\/categories?post=12796"},{"taxonomy":"post_tag","embeddable":true,"href":"https:\/\/www.uv.mx\/prensa\/wp-json\/wp\/v2\/tags?post=12796"}],"curies":[{"name":"wp","href":"https:\/\/api.w.org\/{rel}","templated":true}]}}