{"id":127752,"date":"2023-03-01T15:00:39","date_gmt":"2023-03-01T21:00:39","guid":{"rendered":"https:\/\/www.uv.mx\/prensa\/?p=127752"},"modified":"2023-03-02T11:00:34","modified_gmt":"2023-03-02T17:00:34","slug":"udeg-y-uv-intercambian-experiencias-sobre-internacionalizacion","status":"publish","type":"post","link":"https:\/\/www.uv.mx\/prensa\/general\/udeg-y-uv-intercambian-experiencias-sobre-internacionalizacion\/","title":{"rendered":"UdeG y UV intercambian experiencias sobre internacionalizaci\u00f3n"},"content":{"rendered":"<ul style=\"font-weight: 400\">\n<li data-leveltext=\"\uf0b7\" data-font=\"Symbol\" data-listid=\"1\" data-list-defn-props=\"{&quot;335552541&quot;:1,&quot;335559684&quot;:-2,&quot;335559685&quot;:720,&quot;335559991&quot;:360,&quot;469769226&quot;:&quot;Symbol&quot;,&quot;469769242&quot;:[8226],&quot;469777803&quot;:&quot;left&quot;,&quot;469777804&quot;:&quot;\uf0b7&quot;,&quot;469777815&quot;:&quot;hybridMultilevel&quot;}\" data-aria-posinset=\"1\" data-aria-level=\"1\"><i><span data-contrast=\"auto\"><span class=\"TextRun SCXW5333928 BCX0\" lang=\"ES-MX\" xml:lang=\"ES-MX\" data-contrast=\"auto\"><span class=\"NormalTextRun SCXW5333928 BCX0\">Con el objetivo de conocer las buenas pr\u00e1cticas y experiencias, funcionarias de la Universidad de Guadalajara visitaron a la UV<\/span><\/span> <\/span><\/i><span data-ccp-props=\"{}\">\u00a0<\/span><\/li>\n<li data-leveltext=\"\uf0b7\" data-font=\"Symbol\" data-listid=\"1\" data-list-defn-props=\"{&quot;335552541&quot;:1,&quot;335559684&quot;:-2,&quot;335559685&quot;:720,&quot;335559991&quot;:360,&quot;469769226&quot;:&quot;Symbol&quot;,&quot;469769242&quot;:[8226],&quot;469777803&quot;:&quot;left&quot;,&quot;469777804&quot;:&quot;\uf0b7&quot;,&quot;469777815&quot;:&quot;hybridMultilevel&quot;}\" data-aria-posinset=\"2\" data-aria-level=\"1\"><i><span data-contrast=\"auto\">Reconocieron que la investigaci\u00f3n, el posgrado y el programa COIL son emblem\u00e1ticos de la instituci\u00f3n veracruzana<\/span><\/i><span data-ccp-props=\"{}\">\u00a0<\/span><\/li>\n<\/ul>\n<p>&nbsp;<\/p>\n<div id=\"attachment_127753\" style=\"width: 732px\" class=\"wp-caption aligncenter\"><a href=\"https:\/\/www.uv.mx\/prensa\/files\/2023\/03\/010323-PAOLA-Visita-Universidad-Guadalajara-1.jpg\"><img loading=\"lazy\" decoding=\"async\" aria-describedby=\"caption-attachment-127753\" class=\"size-full wp-image-127753\" src=\"https:\/\/www.uv.mx\/prensa\/files\/2023\/03\/010323-PAOLA-Visita-Universidad-Guadalajara-1.jpg\" alt=\"\" width=\"722\" height=\"481\" srcset=\"https:\/\/www.uv.mx\/prensa\/files\/2023\/03\/010323-PAOLA-Visita-Universidad-Guadalajara-1.jpg 722w, https:\/\/www.uv.mx\/prensa\/files\/2023\/03\/010323-PAOLA-Visita-Universidad-Guadalajara-1-300x200.jpg 300w\" sizes=\"auto, (max-width: 722px) 100vw, 722px\" \/><\/a><p id=\"caption-attachment-127753\" class=\"wp-caption-text\">Monserrat Molina y Valeria Padilla, de la UdeG, se reunieron con Mario Oliva, titular de la DGRI<\/p><\/div>\n<p>&nbsp;<\/p>\n<p><b><i><span data-contrast=\"auto\">Paola Cort\u00e9s P\u00e9rez<\/span><\/i><\/b><span data-ccp-props=\"{}\">\u00a0<\/span><\/p>\n<p><b><i><span data-contrast=\"auto\">Fotos: C\u00e9sar Pisil Ramos<\/span><\/i><\/b><span data-ccp-props=\"{}\">\u00a0<\/span><\/p>\n<p><b><i><span data-contrast=\"auto\">01\/03\/2023, Xalapa, Ver.-<\/span><\/i><\/b><span data-contrast=\"auto\"> Directivos de la Universidad de Guadalajara (UdeG) se reunieron con funcionarios de la Universidad Veracruzana (UV) para intercambiar buenas pr\u00e1cticas y experiencias en lo relativo a la internacionalizaci\u00f3n e investigaci\u00f3n.<\/span><span data-ccp-props=\"{}\">\u00a0<\/span><\/p>\n<p><span data-contrast=\"auto\">Valeria Padilla Navarro y Monserrat Molina D\u00edaz, coordinadora de Internacionalizaci\u00f3n y jefa de la Unidad para el Fomento a la Internacionalizaci\u00f3n de la UdeG, respectivamente, dialogaron e intercambiaron experiencias con los titulares de <a href=\"https:\/\/www.uv.mx\/investigacion\/\" target=\"_blank\" rel=\"noopener\">Direcciones Generales de Investigaciones<\/a> (DGI), de la Unidad de Estudios de Posgrado y de Relaciones Internacionales (DGRI), espec\u00edficamente con las direcciones de los Centros de Idiomas y Centros de Autoacceso, y de la Escuela para Estudiantes Extranjeros.<\/span><span data-ccp-props=\"{&quot;335559731&quot;:708}\">\u00a0<\/span><\/p>\n<p><span data-contrast=\"auto\">Valeria Padilla coment\u00f3 que la visita es resultado del encuentro que sostuvieron los rectores de la UdeG y la UV el a\u00f1o pasado. \u201cNos dieron el banderazo para trabajar, no como primerizos, porque la relaci\u00f3n data de varios a\u00f1os atr\u00e1s\u201d.<\/span><span data-ccp-props=\"{&quot;335559731&quot;:708}\">\u00a0<\/span><\/p>\n<p>&nbsp;<\/p>\n<div id=\"attachment_127754\" style=\"width: 732px\" class=\"wp-caption aligncenter\"><a href=\"https:\/\/www.uv.mx\/prensa\/files\/2023\/03\/010323-PAOLA-Visita-Universidad-Guadalajara-2.jpg\"><img loading=\"lazy\" decoding=\"async\" aria-describedby=\"caption-attachment-127754\" class=\"size-full wp-image-127754\" src=\"https:\/\/www.uv.mx\/prensa\/files\/2023\/03\/010323-PAOLA-Visita-Universidad-Guadalajara-2.jpg\" alt=\"\" width=\"722\" height=\"481\" srcset=\"https:\/\/www.uv.mx\/prensa\/files\/2023\/03\/010323-PAOLA-Visita-Universidad-Guadalajara-2.jpg 722w, https:\/\/www.uv.mx\/prensa\/files\/2023\/03\/010323-PAOLA-Visita-Universidad-Guadalajara-2-300x200.jpg 300w\" sizes=\"auto, (max-width: 722px) 100vw, 722px\" \/><\/a><p id=\"caption-attachment-127754\" class=\"wp-caption-text\">Valeria Padilla, coordinadora de Internacionalizaci\u00f3n de la UdeG<\/p><\/div>\n<p>&nbsp;<\/p>\n<p><span data-contrast=\"auto\">La visita, dijo, tuvo por objetivo abordar el tema de la internacionalizaci\u00f3n, con enfoque hacia la investigaci\u00f3n, los programas educativos de posgrado y el programa de Aprendizaje Colaborativo Internacional en L\u00ednea (COIL, por sus siglas en ingl\u00e9s).<\/span><span data-ccp-props=\"{&quot;335559731&quot;:708}\">\u00a0<\/span><\/p>\n<p><span data-contrast=\"auto\">\u201cSabemos que parte de la internacionalizaci\u00f3n es buscar socios y colaboraci\u00f3n con instituciones del exterior, pero tambi\u00e9n lo es buscarlos en el pa\u00eds, con las fortalezas que ofrecen ambas universidades\u201d, expres\u00f3 Padilla Navarro.<\/span><span data-ccp-props=\"{&quot;335559731&quot;:708}\">\u00a0<\/span><\/p>\n<p><span data-contrast=\"auto\">\u201cSomos instituciones de educaci\u00f3n superior con caracter\u00edsticas comunes: somos p\u00fablicas y macrouniversidades que quieren trabajar muy de la mano. Queremos aprovechar eso que tienen ustedes y que a nosotros nos hace falta en materia de internacionalizaci\u00f3n, y viceversa.\u201d<\/span><span data-ccp-props=\"{&quot;335559731&quot;:708}\">\u00a0<\/span><\/p>\n<p><span data-contrast=\"auto\">Detall\u00f3 que las vertientes en las que la UdeG est\u00e1 interesada en trabajar son: la investigaci\u00f3n, el \u00e1rea de posgrados y el programa COIL; en este \u00faltimo la UV es l\u00edder en M\u00e9xico y Am\u00e9rica Latina, y a trav\u00e9s \u201cde esta colaboraci\u00f3n queremos aprender\u201d, refiri\u00f3.<\/span><span data-ccp-props=\"{&quot;335559731&quot;:708}\">\u00a0<\/span><\/p>\n<p>&nbsp;<\/p>\n<div id=\"attachment_127755\" style=\"width: 732px\" class=\"wp-caption aligncenter\"><a href=\"https:\/\/www.uv.mx\/prensa\/files\/2023\/03\/010323-PAOLA-Visita-Universidad-Guadalajara-3.jpg\"><img loading=\"lazy\" decoding=\"async\" aria-describedby=\"caption-attachment-127755\" class=\"size-full wp-image-127755\" src=\"https:\/\/www.uv.mx\/prensa\/files\/2023\/03\/010323-PAOLA-Visita-Universidad-Guadalajara-3.jpg\" alt=\"\" width=\"722\" height=\"481\" srcset=\"https:\/\/www.uv.mx\/prensa\/files\/2023\/03\/010323-PAOLA-Visita-Universidad-Guadalajara-3.jpg 722w, https:\/\/www.uv.mx\/prensa\/files\/2023\/03\/010323-PAOLA-Visita-Universidad-Guadalajara-3-300x200.jpg 300w\" sizes=\"auto, (max-width: 722px) 100vw, 722px\" \/><\/a><p id=\"caption-attachment-127755\" class=\"wp-caption-text\">Mario Oliva, titular de la DGRI de esta casa de estudios<\/p><\/div>\n<p>&nbsp;<\/p>\n<p><span data-contrast=\"auto\">Monserrat Molina detall\u00f3 que con la DGI tiene el inter\u00e9s de abordar temas como la salud p\u00fablica y las neurociencias; las ciencias sociales y las humanidades.<\/span><span data-ccp-props=\"{&quot;335559731&quot;:708}\">\u00a0<\/span><\/p>\n<p><span data-contrast=\"auto\">De parte de la UV, mencion\u00f3 que Daniel Arturo Romero Le\u00f3n, coordinador de Movilidad Estudiantil y Acad\u00e9mica de la DGRI, ya trabaja con algunos programas acad\u00e9micos en el campus<\/span> <span data-contrast=\"auto\">de Ciencias Econ\u00f3mico-Administrativas de la UdeG.<\/span><span data-ccp-props=\"{&quot;335559731&quot;:708}\">\u00a0<\/span><\/p>\n<p><span data-contrast=\"auto\">Adelant\u00f3 que ahora le tocar\u00e1 el turno a una delegaci\u00f3n de la UV que se reunir\u00e1 con sus pares de la universidad jalisciense. \u201cPensamos que un primer contacto ser\u00eda por medio de la plataforma <\/span><i><span data-contrast=\"auto\">Zoom<\/span><\/i><span data-contrast=\"auto\">.\u201d<\/span><span data-ccp-props=\"{&quot;335559731&quot;:708}\">\u00a0<\/span><\/p>\n<p><span data-contrast=\"auto\">Mario Oliva Su\u00e1rez, titular de la DGRI, dijo que se busca fortalecer la relaci\u00f3n entre ambas universidades y, al mismo tiempo, entablar nuevas colaboraciones con otras instituciones de educaci\u00f3n superior.<\/span><span data-ccp-props=\"{&quot;335559731&quot;:708}\">\u00a0<\/span><\/p>\n<p>&nbsp;<\/p>\n<div id=\"attachment_127756\" style=\"width: 732px\" class=\"wp-caption aligncenter\"><a href=\"https:\/\/www.uv.mx\/prensa\/files\/2023\/03\/010323-PAOLA-Visita-Universidad-Guadalajara-4.jpg\"><img loading=\"lazy\" decoding=\"async\" aria-describedby=\"caption-attachment-127756\" class=\"size-full wp-image-127756\" src=\"https:\/\/www.uv.mx\/prensa\/files\/2023\/03\/010323-PAOLA-Visita-Universidad-Guadalajara-4.jpg\" alt=\"\" width=\"722\" height=\"481\" srcset=\"https:\/\/www.uv.mx\/prensa\/files\/2023\/03\/010323-PAOLA-Visita-Universidad-Guadalajara-4.jpg 722w, https:\/\/www.uv.mx\/prensa\/files\/2023\/03\/010323-PAOLA-Visita-Universidad-Guadalajara-4-300x200.jpg 300w\" sizes=\"auto, (max-width: 722px) 100vw, 722px\" \/><\/a><p id=\"caption-attachment-127756\" class=\"wp-caption-text\">Monserrat Molina, Mario Oliva, Valeria Padilla y Daniel Arturo Romero<\/p><\/div>\n<p>&nbsp;<\/p>\n<p><span data-contrast=\"auto\">A\u00f1os atr\u00e1s, record\u00f3, las oficinas de relaciones internacionales eran s\u00f3lo ventanillas para realizar tr\u00e1mites administrativos relacionados con la movilidad, pero ya no, ahora son oficinas de desarrollo e innovaci\u00f3n acad\u00e9mica.<\/span><span data-ccp-props=\"{&quot;335559731&quot;:708}\">\u00a0<\/span><\/p>\n<p><span data-contrast=\"auto\">Finalmente, Daniel Arturo Romero dijo que la agenda de trabajo es amplia y por medio de \u201clas oficinas de relaciones internacionales la organizaremos, sistematizaremos e institucionalizaremos, con el objetivo de propiciar m\u00e1s apoyos y mayor proyecci\u00f3n de lo que generan las y los acad\u00e9micos\u201d.<\/span><span data-ccp-props=\"{&quot;335559731&quot;:708}\">\u00a0<\/span><\/p>\n","protected":false},"excerpt":{"rendered":"<p>Valeria Padilla y Monserrat Molina, de la Coordinaci\u00f3n de Internacionalizaci\u00f3n de la universidad jalisciense, se reunieron con los directores generales de Relaciones Internacionales, de Investigaciones y de la Unidad de Estudios de Posgrado<\/p>\n","protected":false},"author":1809,"featured_media":127776,"comment_status":"closed","ping_status":"closed","sticky":false,"template":"","format":"standard","meta":{"footnotes":""},"categories":[47,1,8454,61],"tags":[193,5866,10416,4164,10471,2523,3402],"class_list":["post-127752","post","type-post","status-publish","format-standard","has-post-thumbnail","hentry","category-eventos","category-general","category-movilidad","category-banner","tag-dgri","tag-internacionalizacion","tag-movilidad-estudiantil-y-academica","tag-paola-cortes-perez","tag-programa-de-aprendizaje-colaborativo-internacional-en-linea-coil","tag-relaciones-internacionales","tag-unidad-de-estudios-de-posgrado"],"_links":{"self":[{"href":"https:\/\/www.uv.mx\/prensa\/wp-json\/wp\/v2\/posts\/127752","targetHints":{"allow":["GET"]}}],"collection":[{"href":"https:\/\/www.uv.mx\/prensa\/wp-json\/wp\/v2\/posts"}],"about":[{"href":"https:\/\/www.uv.mx\/prensa\/wp-json\/wp\/v2\/types\/post"}],"author":[{"embeddable":true,"href":"https:\/\/www.uv.mx\/prensa\/wp-json\/wp\/v2\/users\/1809"}],"replies":[{"embeddable":true,"href":"https:\/\/www.uv.mx\/prensa\/wp-json\/wp\/v2\/comments?post=127752"}],"version-history":[{"count":1,"href":"https:\/\/www.uv.mx\/prensa\/wp-json\/wp\/v2\/posts\/127752\/revisions"}],"predecessor-version":[{"id":127798,"href":"https:\/\/www.uv.mx\/prensa\/wp-json\/wp\/v2\/posts\/127752\/revisions\/127798"}],"wp:featuredmedia":[{"embeddable":true,"href":"https:\/\/www.uv.mx\/prensa\/wp-json\/wp\/v2\/media\/127776"}],"wp:attachment":[{"href":"https:\/\/www.uv.mx\/prensa\/wp-json\/wp\/v2\/media?parent=127752"}],"wp:term":[{"taxonomy":"category","embeddable":true,"href":"https:\/\/www.uv.mx\/prensa\/wp-json\/wp\/v2\/categories?post=127752"},{"taxonomy":"post_tag","embeddable":true,"href":"https:\/\/www.uv.mx\/prensa\/wp-json\/wp\/v2\/tags?post=127752"}],"curies":[{"name":"wp","href":"https:\/\/api.w.org\/{rel}","templated":true}]}}