{"id":127621,"date":"2023-02-27T10:43:30","date_gmt":"2023-02-27T16:43:30","guid":{"rendered":"https:\/\/www.uv.mx\/prensa\/?p=127621"},"modified":"2023-03-06T13:53:24","modified_gmt":"2023-03-06T19:53:24","slug":"uv-forma-gestores-de-proyectos-urbanos-y-arquitectonicos","status":"publish","type":"post","link":"https:\/\/www.uv.mx\/prensa\/general\/uv-forma-gestores-de-proyectos-urbanos-y-arquitectonicos\/","title":{"rendered":"UV forma gestores de proyectos urbanos y arquitect\u00f3nicos"},"content":{"rendered":"<ul class=\"ul1\">\n<li class=\"li1\"><span class=\"s2\"><i>A trav\u00e9s de una especializaci\u00f3n, la Facultad de Arquitectura brinda a los estudiantes una visi\u00f3n sobre c\u00f3mo llevar un proyecto en sus fases de planeaci\u00f3n, objetivos y metas<\/i><\/span><\/li>\n<\/ul>\n<p>&nbsp;<\/p>\n<div id=\"attachment_127622\" style=\"width: 732px\" class=\"wp-caption aligncenter\"><img aria-describedby=\"caption-attachment-127622\" decoding=\"async\" loading=\"lazy\" class=\"size-full wp-image-127622\" src=\"https:\/\/www.uv.mx\/prensa\/files\/2023\/02\/240223-CARLOS-Especializacion-Arquitectura-1-100k.jpg\" alt=\"La Especializaci\u00f3n en Administraci\u00f3n y Gesti\u00f3n de Proyectos Arquitect\u00f3nicos y Urbanos est\u00e1 adscrita a la Facultad de Arquitectura\" width=\"722\" height=\"482\" srcset=\"https:\/\/www.uv.mx\/prensa\/files\/2023\/02\/240223-CARLOS-Especializacion-Arquitectura-1-100k.jpg 722w, https:\/\/www.uv.mx\/prensa\/files\/2023\/02\/240223-CARLOS-Especializacion-Arquitectura-1-100k-300x200.jpg 300w\" sizes=\"(max-width: 722px) 100vw, 722px\" \/><p id=\"caption-attachment-127622\" class=\"wp-caption-text\">La Especializaci\u00f3n en Administraci\u00f3n y Gesti\u00f3n de Proyectos Arquitect\u00f3nicos y Urbanos est\u00e1 adscrita a la Facultad de Arquitectura<\/p><\/div>\n<p>&nbsp;<\/p>\n<p class=\"p1\"><b><i>Carlos Hugo Hermida Rosales<\/i><\/b><\/p>\n<p class=\"p1\"><b><i>Fot\u00f3grafo: Luis Fernando Fern\u00e1ndez <\/i><\/b><\/p>\n<p class=\"p1\"><b><i>27\/02\/2023. Xalapa, Ver<\/i><\/b>.<b>&#8211;<\/b> A trav\u00e9s de la Especializaci\u00f3n en Administraci\u00f3n y Gesti\u00f3n de Proyectos Arquitect\u00f3nicos y Urbanos, la <a href=\"https:\/\/www.uv.mx\/arquitectura\/\" target=\"_blank\" rel=\"noopener\">Facultad de Arquitectura<\/a> de la Universidad Veracruzana (UV) forma profesionistas con una s\u00f3lida capacidad resolutiva e innovadora para coordinar, administrar, organizar y dirigir empresas y grupos de trabajo.<\/p>\n<p class=\"p3\"><span class=\"s1\">Noemi Uehara Guerrero, directora de la Facultad, mencion\u00f3 que la <\/span>especializaci\u00f3n es un posgrado profesionalizante dirigido a arquitectos, ingenieros, urbanistas, ge\u00f3grafos y otros expertos del \u00e1rea.<\/p>\n<p class=\"p3\">Tiene una duraci\u00f3n de un a\u00f1o y ense\u00f1a c\u00f3mo llevar un proyecto en sus fases de planeaci\u00f3n, objetivos y metas, tanto con lineamientos empresariales como con los de la administraci\u00f3n p\u00fablica.<\/p>\n<p class=\"p3\">El n\u00facleo acad\u00e9mico est\u00e1 compuesto por docentes de la Facultad de Arquitectura con experiencia profesional en empresas constructoras, o que se desempe\u00f1an en el \u00e1mbito de la planeaci\u00f3n urbana, por lo que su c\u00e1tedra incluye un alto contenido de pr\u00e1ctica.<\/p>\n<p class=\"p3\">Noemi Uehara manifest\u00f3 que adquirir herramientas para coordinar y gestionar proyectos arquitect\u00f3nicos y urbanos, abre a los egresados un amplio campo laboral con la iniciativa privada y la administraci\u00f3n p\u00fablica.<\/p>\n<div id=\"attachment_127623\" style=\"width: 732px\" class=\"wp-caption aligncenter\"><img aria-describedby=\"caption-attachment-127623\" decoding=\"async\" loading=\"lazy\" class=\"size-full wp-image-127623\" src=\"https:\/\/www.uv.mx\/prensa\/files\/2023\/02\/240223-CARLOS-Especializacion-Arquitectura-2-100k.jpg\" alt=\"Noemi Uehara Guerrero, directora de la Facultad de Arquitectura\" width=\"722\" height=\"482\" srcset=\"https:\/\/www.uv.mx\/prensa\/files\/2023\/02\/240223-CARLOS-Especializacion-Arquitectura-2-100k.jpg 722w, https:\/\/www.uv.mx\/prensa\/files\/2023\/02\/240223-CARLOS-Especializacion-Arquitectura-2-100k-300x200.jpg 300w\" sizes=\"(max-width: 722px) 100vw, 722px\" \/><p id=\"caption-attachment-127623\" class=\"wp-caption-text\">Noemi Uehara Guerrero, directora de la Facultad de Arquitectura<\/p><\/div>\n<p>&nbsp;<\/p>\n<p class=\"p3\">\u201cTanto en el \u00e1rea arquitect\u00f3nica como en la urban\u00edstica, los recursos humanos y financieros son limitados, por lo que es fundamental que los administradores los gestionen de la mejor forma posible\u201d, enfatiz\u00f3.<\/p>\n<p class=\"p3\">La catedr\u00e1tica comparti\u00f3 que el posgrado posee convenios con distintas instituciones, para que sus estudiantes realicen proyectos integradores o pr\u00e1cticas profesionales.<\/p>\n<p class=\"p3\"><span class=\"s1\">La <\/span>Especializaci\u00f3n en Administraci\u00f3n y Gesti\u00f3n de Proyectos Arquitect\u00f3nicos y Urbanos tiene un cupo m\u00e1ximo de 12 personas; los interesados en cursarla deben dirigirse a su coordinadora, Anabell Mu\u00f1oz Hern\u00e1ndez, al correo electr\u00f3nico <span class=\"s2\"><a href=\"mailto:anamunoz@uv.mx\">anamunoz@uv.mx<\/a><\/span><\/p>\n","protected":false},"excerpt":{"rendered":"<p>Oferta la Especializaci\u00f3n en Administraci\u00f3n y Gesti\u00f3n de Proyectos Arquitect\u00f3nicos y Urbanos, que est\u00e1 dirigida a arquitectos, ingenieros, urbanistas y ge\u00f3grafos<\/p>\n","protected":false},"author":1775,"featured_media":127622,"comment_status":"closed","ping_status":"closed","sticky":false,"template":"","format":"standard","meta":[],"categories":[1],"tags":[10403,10408,10404,4161,611,670,2664,10402,419,10407,10405,6592,6815,83,10406],"_links":{"self":[{"href":"https:\/\/www.uv.mx\/prensa\/wp-json\/wp\/v2\/posts\/127621"}],"collection":[{"href":"https:\/\/www.uv.mx\/prensa\/wp-json\/wp\/v2\/posts"}],"about":[{"href":"https:\/\/www.uv.mx\/prensa\/wp-json\/wp\/v2\/types\/post"}],"author":[{"embeddable":true,"href":"https:\/\/www.uv.mx\/prensa\/wp-json\/wp\/v2\/users\/1775"}],"replies":[{"embeddable":true,"href":"https:\/\/www.uv.mx\/prensa\/wp-json\/wp\/v2\/comments?post=127621"}],"version-history":[{"count":1,"href":"https:\/\/www.uv.mx\/prensa\/wp-json\/wp\/v2\/posts\/127621\/revisions"}],"predecessor-version":[{"id":127953,"href":"https:\/\/www.uv.mx\/prensa\/wp-json\/wp\/v2\/posts\/127621\/revisions\/127953"}],"wp:featuredmedia":[{"embeddable":true,"href":"https:\/\/www.uv.mx\/prensa\/wp-json\/wp\/v2\/media\/127622"}],"wp:attachment":[{"href":"https:\/\/www.uv.mx\/prensa\/wp-json\/wp\/v2\/media?parent=127621"}],"wp:term":[{"taxonomy":"category","embeddable":true,"href":"https:\/\/www.uv.mx\/prensa\/wp-json\/wp\/v2\/categories?post=127621"},{"taxonomy":"post_tag","embeddable":true,"href":"https:\/\/www.uv.mx\/prensa\/wp-json\/wp\/v2\/tags?post=127621"}],"curies":[{"name":"wp","href":"https:\/\/api.w.org\/{rel}","templated":true}]}}