{"id":12488,"date":"2016-06-21T11:15:22","date_gmt":"2016-06-21T16:15:22","guid":{"rendered":"https:\/\/www.uv.mx\/prensa\/?p=12488"},"modified":"2016-06-22T10:58:32","modified_gmt":"2016-06-22T15:58:32","slug":"instituciones-promueven-el-intercambio-de-experiencias-profesionales","status":"publish","type":"post","link":"https:\/\/www.uv.mx\/prensa\/regiones\/instituciones-promueven-el-intercambio-de-experiencias-profesionales\/","title":{"rendered":"Instituciones promueven el intercambio de experiencias profesionales"},"content":{"rendered":"<ul>\n<li><i><em>En el Congreso Internacional de Log\u00edstica Urbana que se celebra en la ciudad de Veracruz<\/em><\/i><\/li>\n<\/ul>\n<p>&nbsp;<\/p>\n<div id=\"attachment_12490\" style=\"width: 732px\" class=\"wp-caption aligncenter\"><a href=\"https:\/\/www.uv.mx\/prensa\/files\/2016\/06\/210616.-Congreso-de-logistica-urbana-OK.jpg\"><img loading=\"lazy\" decoding=\"async\" aria-describedby=\"caption-attachment-12490\" class=\"size-full wp-image-12490\" src=\"https:\/\/www.uv.mx\/prensa\/files\/2016\/06\/210616.-Congreso-de-logistica-urbana-OK.jpg\" alt=\"Cartel del evento\" width=\"722\" height=\"313\" srcset=\"https:\/\/www.uv.mx\/prensa\/files\/2016\/06\/210616.-Congreso-de-logistica-urbana-OK.jpg 722w, https:\/\/www.uv.mx\/prensa\/files\/2016\/06\/210616.-Congreso-de-logistica-urbana-OK-300x130.jpg 300w\" sizes=\"auto, (max-width: 722px) 100vw, 722px\" \/><\/a><p id=\"caption-attachment-12490\" class=\"wp-caption-text\">Cartel del evento<\/p><\/div>\n<p>&nbsp;<\/p>\n<p><strong><em>Boca del R\u00edo, Ver.-<\/em><\/strong> La Universidad Veracruzana (UV), la empresa espa\u00f1ola Movilidad Urbana Sustentable (<em>Movus<\/em>), el Ayuntamiento de Veracruz, el Colegio de Arquitectos y el Colegio de Ingenieros de Veracruz-Boca del R\u00edo, organizan el I Congreso Internacional de Log\u00edstica Urbana que se celebra desde el 20 y hasta el 24 de junio en la ciudad de Veracruz.<\/p>\n<p>El evento promueve el intercambio de experiencias profesionales y modelos de negocios desde diferentes \u00e1mbitos del transporte. Es impulsado por empresas asociadas al proyecto Dorothy, encargado de mejorar la calidad de vida de las ciudades mediante la reducci\u00f3n del n\u00famero de veh\u00edculos y la mejora de las normas ambientales.<\/p>\n<p>Los temas que se abordan son la movilidad urbana sostenible, soluciones tecnol\u00f3gicas aplicadas a la log\u00edstica urbana, planeamientos urbanos y nuevas soluciones de movilidad, todas ellas con el objetivo de construir ciudades inteligentes en el \u00e1mbito de la movilidad.<\/p>\n<p>El congreso incluye actividades de formaci\u00f3n y de creaci\u00f3n de redes. Dentro de las primeras se encuentra el curso Ciudad y Log\u00edstica Urbana, que inici\u00f3 ayer y terminar\u00e1 el 22 de junio en la Unidad de Servicios Bibliotecarios y de Informaci\u00f3n (USBI) Veracruz. El curso est\u00e1 dise\u00f1ado para acad\u00e9micos, funcionarios universitarios, t\u00e9cnicos municipales y de empresas del sector; la entrada es libre previo registro en la p\u00e1gina <a href=\"http:\/\/mexicodorothy.movus.es\/\">http:\/\/mexicodorothy.movus.es\/<\/a><\/p>\n<p>El jueves 23 se llevar\u00e1 a cabo el congreso en el Museo de la ciudad de Veracruz y en \u00e9l se dar\u00e1 importancia al debate, por lo que representar\u00e1 una oportunidad para discutir proyectos, pol\u00edticas y estrategias de log\u00edstica urbana en el desarrollo de las ciudades y econom\u00edas locales.<\/p>\n<p>Finalmente el viernes 24 tendr\u00e1 lugar una exposici\u00f3n de empresarios y reuniones <em>business-to-business<\/em>. <em>Fedex<\/em>, Administraci\u00f3n Portuaria Integral de Veracruz, Centro de Investigaciones Cerebrales, Internacional de Contenedores Asociados de Veracruz, son algunas de las empresas que han confirmado su participaci\u00f3n.<\/p>\n<p>Entre los organizadores del evento, por parte de la UV destaca el grupo de colaboraci\u00f3n acad\u00e9mica multidisciplinar \u201cHabitabilidad y tecnolog\u00eda sustentable\u201d, integrado por Juan Capallera, Josu\u00e9 Dom\u00ednguez, Ruth Grajeda, Elsa Lagunes, Ismael Lara, Antonio Molina, Max Mondrag\u00f3n, Elsa Prieto, Miriam Remess y Jes\u00fas Santamar\u00eda.<\/p>\n","protected":false},"excerpt":{"rendered":"<p>Boca del R\u00edo, Ver.- La Universidad Veracruzana (UV), la empresa espa\u00f1ola Movilidad Urbana Sustentable (Movus), el Ayuntamiento de Veracruz, el Colegio de Arquitectos y el Colegio de Ingenieros de Veracruz-Boca del R\u00edo, organizan el I Congreso Internacional de Log\u00edstica Urbana que se celebra desde el 20 y hasta el 24 de junio en la ciudad de Veracruz.<\/p>\n","protected":false},"author":1809,"featured_media":12491,"comment_status":"closed","ping_status":"closed","sticky":false,"template":"","format":"standard","meta":{"footnotes":""},"categories":[32],"tags":[],"class_list":["post-12488","post","type-post","status-publish","format-standard","has-post-thumbnail","hentry","category-regiones"],"_links":{"self":[{"href":"https:\/\/www.uv.mx\/prensa\/wp-json\/wp\/v2\/posts\/12488","targetHints":{"allow":["GET"]}}],"collection":[{"href":"https:\/\/www.uv.mx\/prensa\/wp-json\/wp\/v2\/posts"}],"about":[{"href":"https:\/\/www.uv.mx\/prensa\/wp-json\/wp\/v2\/types\/post"}],"author":[{"embeddable":true,"href":"https:\/\/www.uv.mx\/prensa\/wp-json\/wp\/v2\/users\/1809"}],"replies":[{"embeddable":true,"href":"https:\/\/www.uv.mx\/prensa\/wp-json\/wp\/v2\/comments?post=12488"}],"version-history":[{"count":0,"href":"https:\/\/www.uv.mx\/prensa\/wp-json\/wp\/v2\/posts\/12488\/revisions"}],"wp:featuredmedia":[{"embeddable":true,"href":"https:\/\/www.uv.mx\/prensa\/wp-json\/wp\/v2\/media\/12491"}],"wp:attachment":[{"href":"https:\/\/www.uv.mx\/prensa\/wp-json\/wp\/v2\/media?parent=12488"}],"wp:term":[{"taxonomy":"category","embeddable":true,"href":"https:\/\/www.uv.mx\/prensa\/wp-json\/wp\/v2\/categories?post=12488"},{"taxonomy":"post_tag","embeddable":true,"href":"https:\/\/www.uv.mx\/prensa\/wp-json\/wp\/v2\/tags?post=12488"}],"curies":[{"name":"wp","href":"https:\/\/api.w.org\/{rel}","templated":true}]}}