{"id":124668,"date":"2022-11-25T18:22:04","date_gmt":"2022-11-26T00:22:04","guid":{"rendered":"https:\/\/www.uv.mx\/prensa\/?p=124668"},"modified":"2022-11-25T18:22:04","modified_gmt":"2022-11-26T00:22:04","slug":"inclusion-debe-permear-en-todas-las-areas-universitarias-expertos","status":"publish","type":"post","link":"https:\/\/www.uv.mx\/prensa\/general\/inclusion-debe-permear-en-todas-las-areas-universitarias-expertos\/","title":{"rendered":"Inclusi\u00f3n debe permear en todas las \u00e1reas universitarias: expertos"},"content":{"rendered":"<ul>\n<li data-leveltext=\"\uf0b7\" data-font=\"Symbol\" data-listid=\"6\" data-list-defn-props=\"{&quot;335552541&quot;:1,&quot;335559684&quot;:-2,&quot;335559685&quot;:720,&quot;335559991&quot;:360,&quot;469769226&quot;:&quot;Symbol&quot;,&quot;469769242&quot;:[8226],&quot;469777803&quot;:&quot;left&quot;,&quot;469777804&quot;:&quot;\uf0b7&quot;,&quot;469777815&quot;:&quot;hybridMultilevel&quot;}\" data-aria-posinset=\"1\" data-aria-level=\"1\"><i><span data-contrast=\"auto\">Docentes de distintas instituciones educativas resaltaron la importancia de que las pol\u00edticas para incluir a personas con discapacidad abarquen a la totalidad de trabajadores universitarios<\/span><\/i><span data-ccp-props=\"{}\">\u00a0<\/span><\/li>\n<\/ul>\n<p><span data-ccp-props=\"{}\">\u00a0<\/span><\/p>\n<div id=\"attachment_124673\" style=\"width: 732px\" class=\"wp-caption aligncenter\"><img loading=\"lazy\" decoding=\"async\" aria-describedby=\"caption-attachment-124673\" class=\"size-full wp-image-124673\" src=\"https:\/\/www.uv.mx\/prensa\/files\/2022\/11\/241122-CARLOS-Inclusion-en-Educacion-Superior-1.jpg\" alt=\"\" width=\"722\" height=\"405\" srcset=\"https:\/\/www.uv.mx\/prensa\/files\/2022\/11\/241122-CARLOS-Inclusion-en-Educacion-Superior-1.jpg 722w, https:\/\/www.uv.mx\/prensa\/files\/2022\/11\/241122-CARLOS-Inclusion-en-Educacion-Superior-1-300x168.jpg 300w\" sizes=\"auto, (max-width: 722px) 100vw, 722px\" \/><p id=\"caption-attachment-124673\" class=\"wp-caption-text\">El conversatorio fue seguido en las distintas regiones de la UV<\/p><\/div>\n<p><span data-ccp-props=\"{}\">\u00a0<\/span><\/p>\n<p><b><i><span data-contrast=\"auto\">Carlos Hugo Hermida Rosales<\/span><\/i><\/b><span data-ccp-props=\"{}\">\u00a0<\/span><\/p>\n<p><b><i><span data-contrast=\"auto\">Fotos: Omar Portilla Palacios<\/span><\/i><\/b><span data-ccp-props=\"{}\">\u00a0<\/span><\/p>\n<p><b><i><span data-contrast=\"auto\">25\/11\/2022, Xalapa, Ver.-<\/span><\/i><\/b><span data-contrast=\"auto\"> Catedr\u00e1ticos de distintas instituciones educativas dialogaron sobre los principales retos a los que se enfrentan las pol\u00edticas dise\u00f1adas para incluir a las personas que presentan alguna condici\u00f3n de discapacidad en las universidades.<\/span><span data-ccp-props=\"{}\">\u00a0<\/span><\/p>\n<p><span data-contrast=\"auto\">La actividad se llev\u00f3 a cabo como parte del III Foro Internacional de Inclusi\u00f3n en Educaci\u00f3n Superior \u201cInnovaci\u00f3n y emprendimientos sociales en pro de las personas en situaci\u00f3n de discapacidad\u201d organizado por el Centro para el Desarrollo Humano e Integral de los Universitarios (<\/span><i><span data-contrast=\"auto\">Cendhiu)<\/span><\/i><span data-contrast=\"auto\">, la Direcci\u00f3n General del \u00c1rea Acad\u00e9mica Econ\u00f3mico-Administrativa y la Facultad de Contadur\u00eda y Administraci\u00f3n.<\/span><span data-ccp-props=\"{&quot;335559731&quot;:708}\">\u00a0<\/span><\/p>\n<p><span data-contrast=\"auto\">El conversatorio \u201cInclusi\u00f3n en la educaci\u00f3n superior: un compromiso de todos\u201d cont\u00f3 con la asistencia de Carmen Miguel Vicente, de la Universidad Complutense de Madrid, Espa\u00f1a; Luis Alberto Liz\u00f3n Restrepo, del Instituto Tecnol\u00f3gico Metropolitano de Medell\u00edn, Colombia; Paulina Iturbide Fern\u00e1ndez, de la Universidad Popular Aut\u00f3noma del Estado de Puebla (UPAEP), y Rebeca de Jes\u00fas Cruz Alfaro, de la Universidad de Guanajuato.<\/span><span data-ccp-props=\"{&quot;335559731&quot;:708}\">\u00a0<\/span><\/p>\n<p>&nbsp;<\/p>\n<div id=\"attachment_124672\" style=\"width: 732px\" class=\"wp-caption aligncenter\"><img loading=\"lazy\" decoding=\"async\" aria-describedby=\"caption-attachment-124672\" class=\"size-full wp-image-124672\" src=\"https:\/\/www.uv.mx\/prensa\/files\/2022\/11\/241122-CARLOS-Inclusion-en-Educacion-Superior-2.jpg\" alt=\"\" width=\"722\" height=\"400\" srcset=\"https:\/\/www.uv.mx\/prensa\/files\/2022\/11\/241122-CARLOS-Inclusion-en-Educacion-Superior-2.jpg 722w, https:\/\/www.uv.mx\/prensa\/files\/2022\/11\/241122-CARLOS-Inclusion-en-Educacion-Superior-2-300x166.jpg 300w\" sizes=\"auto, (max-width: 722px) 100vw, 722px\" \/><p id=\"caption-attachment-124672\" class=\"wp-caption-text\">Carmen Miguel Vicente<\/p><\/div>\n<p>&nbsp;<\/p>\n<p><span data-contrast=\"auto\">Carmen Miguel declar\u00f3 que es fundamental involucrar a los estudiantes universitarios en los eventos acad\u00e9micos que aborden temas de inclusi\u00f3n, porque ellos son los futuros trabajadores y es necesario dotarlos de una nueva mirada.<\/span><span data-ccp-props=\"{&quot;335559731&quot;:708}\">\u00a0<\/span><\/p>\n<p><span data-contrast=\"auto\">\u201cDeben tener muy presente que las personas con alguna discapacidad no valen menos y poseen los mismos derechos que todos\u201d, enfatiz\u00f3.<\/span><span data-ccp-props=\"{&quot;335559731&quot;:708}\">\u00a0<\/span><\/p>\n<p><span data-contrast=\"auto\">Rebeca Cruz manifest\u00f3 que una de las principales barreras a las que se enfrenta la perspectiva de inclusi\u00f3n de personas con discapacidad en las instituciones de educaci\u00f3n superior es la falta de vocaci\u00f3n para que \u00e9sta perme\u00e9 en todas las \u00e1reas, sin dejar de lado las administrativas.<\/span><span data-ccp-props=\"{&quot;335559731&quot;:708}\">\u00a0<\/span><\/p>\n<p>&nbsp;<\/p>\n<div id=\"attachment_124671\" style=\"width: 732px\" class=\"wp-caption aligncenter\"><img loading=\"lazy\" decoding=\"async\" aria-describedby=\"caption-attachment-124671\" class=\"size-full wp-image-124671\" src=\"https:\/\/www.uv.mx\/prensa\/files\/2022\/11\/241122-CARLOS-Inclusion-en-Educacion-Superior-3.jpg\" alt=\"\" width=\"722\" height=\"405\" srcset=\"https:\/\/www.uv.mx\/prensa\/files\/2022\/11\/241122-CARLOS-Inclusion-en-Educacion-Superior-3.jpg 722w, https:\/\/www.uv.mx\/prensa\/files\/2022\/11\/241122-CARLOS-Inclusion-en-Educacion-Superior-3-300x168.jpg 300w\" sizes=\"auto, (max-width: 722px) 100vw, 722px\" \/><p id=\"caption-attachment-124671\" class=\"wp-caption-text\">Luis Alberto Liz\u00f3n Restrepo<\/p><\/div>\n<p>&nbsp;<\/p>\n<p><span data-contrast=\"auto\">La catedr\u00e1tica asegur\u00f3 que es indispensable reflexionar en torno a este punto, adem\u00e1s de sensibilizar a los docentes para que lleven a cabo adaptaciones curriculares individuales que atiendan la gran diversidad de discapacidades que existen.<\/span><span data-ccp-props=\"{&quot;335559731&quot;:708}\">\u00a0<\/span><\/p>\n<p><span data-contrast=\"auto\">Paulina Iturbide mencion\u00f3 que es necesario que las universidades generen pol\u00edticas de inclusi\u00f3n contextualizadas, reflexionadas y alineadas a los enfoques actuales de derechos humanos, para lo cual deben contar con especialistas que desarrollen procesos de formaci\u00f3n y capacitaci\u00f3n para docentes y personal administrativo y de apoyo.<\/span><span data-ccp-props=\"{&quot;335559731&quot;:708}\">\u00a0<\/span><\/p>\n<p><span data-contrast=\"auto\">\u201cEs primordial que estas pol\u00edticas no dejen fuera a nadie de la comunidad universitaria\u201d, puntualiz\u00f3.<\/span><span data-ccp-props=\"{&quot;335559731&quot;:708}\">\u00a0<\/span><\/p>\n<p>&nbsp;<\/p>\n<div id=\"attachment_124670\" style=\"width: 732px\" class=\"wp-caption aligncenter\"><img loading=\"lazy\" decoding=\"async\" aria-describedby=\"caption-attachment-124670\" class=\"size-full wp-image-124670\" src=\"https:\/\/www.uv.mx\/prensa\/files\/2022\/11\/241122-CARLOS-Inclusion-en-Educacion-Superior-4.jpg\" alt=\"\" width=\"722\" height=\"407\" srcset=\"https:\/\/www.uv.mx\/prensa\/files\/2022\/11\/241122-CARLOS-Inclusion-en-Educacion-Superior-4.jpg 722w, https:\/\/www.uv.mx\/prensa\/files\/2022\/11\/241122-CARLOS-Inclusion-en-Educacion-Superior-4-300x169.jpg 300w\" sizes=\"auto, (max-width: 722px) 100vw, 722px\" \/><p id=\"caption-attachment-124670\" class=\"wp-caption-text\">Paulina Iturbide Fern\u00e1ndez<\/p><\/div>\n<p>&nbsp;<\/p>\n<p><span data-contrast=\"auto\">Finalmente, Alberto Liz\u00f3n coment\u00f3 que aunque se ha avanzado mucho a fin de atender las necesidades de la poblaci\u00f3n que vive con alguna condici\u00f3n de discapacidad, a\u00fan falta un gran camino por recorrer para dise\u00f1ar pol\u00edticas p\u00fablicas globales con un enfoque diferenciado.<\/span><span data-ccp-props=\"{&quot;335559731&quot;:708}\">\u00a0<\/span><\/p>\n<p><span data-contrast=\"auto\">Destac\u00f3 que la presi\u00f3n de las comunidades creadas por personas en condici\u00f3n de discapacidad es la que ha permitido que emerja el respeto a sus derechos de una forma fuerte.<\/span><span data-ccp-props=\"{&quot;335559731&quot;:708}\">\u00a0<\/span><\/p>\n<p><span data-ccp-props=\"{}\">\u00a0<\/span><\/p>\n<div id=\"attachment_124674\" style=\"width: 732px\" class=\"wp-caption aligncenter\"><img loading=\"lazy\" decoding=\"async\" aria-describedby=\"caption-attachment-124674\" class=\"size-full wp-image-124674\" src=\"https:\/\/www.uv.mx\/prensa\/files\/2022\/11\/241122-CARLOS-Inclusion-en-Educacion-Superior-5.jpg\" alt=\"\" width=\"722\" height=\"400\" srcset=\"https:\/\/www.uv.mx\/prensa\/files\/2022\/11\/241122-CARLOS-Inclusion-en-Educacion-Superior-5.jpg 722w, https:\/\/www.uv.mx\/prensa\/files\/2022\/11\/241122-CARLOS-Inclusion-en-Educacion-Superior-5-300x166.jpg 300w\" sizes=\"auto, (max-width: 722px) 100vw, 722px\" \/><p id=\"caption-attachment-124674\" class=\"wp-caption-text\">Rebeca de Jes\u00fas Cruz Alfaro<\/p><\/div>\n","protected":false},"excerpt":{"rendered":"<p>Catedr\u00e1ticos de distintas instituciones participaron en un conversatorio del III Foro Internacional de Inclusi\u00f3n en Educaci\u00f3n Superior \u201cInnovaci\u00f3n y emprendimientos sociales en pro de las personas en situaci\u00f3n de discapacidad\u201d\u00a0<\/p>\n","protected":false},"author":1869,"featured_media":124669,"comment_status":"closed","ping_status":"closed","sticky":false,"template":"","format":"standard","meta":{"footnotes":""},"categories":[47,1,61],"tags":[4161,6462],"class_list":["post-124668","post","type-post","status-publish","format-standard","has-post-thumbnail","hentry","category-eventos","category-general","category-banner","tag-carlos-hugo-hermida-rosales","tag-omar-portilla-palacios"],"_links":{"self":[{"href":"https:\/\/www.uv.mx\/prensa\/wp-json\/wp\/v2\/posts\/124668","targetHints":{"allow":["GET"]}}],"collection":[{"href":"https:\/\/www.uv.mx\/prensa\/wp-json\/wp\/v2\/posts"}],"about":[{"href":"https:\/\/www.uv.mx\/prensa\/wp-json\/wp\/v2\/types\/post"}],"author":[{"embeddable":true,"href":"https:\/\/www.uv.mx\/prensa\/wp-json\/wp\/v2\/users\/1869"}],"replies":[{"embeddable":true,"href":"https:\/\/www.uv.mx\/prensa\/wp-json\/wp\/v2\/comments?post=124668"}],"version-history":[{"count":1,"href":"https:\/\/www.uv.mx\/prensa\/wp-json\/wp\/v2\/posts\/124668\/revisions"}],"predecessor-version":[{"id":124675,"href":"https:\/\/www.uv.mx\/prensa\/wp-json\/wp\/v2\/posts\/124668\/revisions\/124675"}],"wp:featuredmedia":[{"embeddable":true,"href":"https:\/\/www.uv.mx\/prensa\/wp-json\/wp\/v2\/media\/124669"}],"wp:attachment":[{"href":"https:\/\/www.uv.mx\/prensa\/wp-json\/wp\/v2\/media?parent=124668"}],"wp:term":[{"taxonomy":"category","embeddable":true,"href":"https:\/\/www.uv.mx\/prensa\/wp-json\/wp\/v2\/categories?post=124668"},{"taxonomy":"post_tag","embeddable":true,"href":"https:\/\/www.uv.mx\/prensa\/wp-json\/wp\/v2\/tags?post=124668"}],"curies":[{"name":"wp","href":"https:\/\/api.w.org\/{rel}","templated":true}]}}