{"id":124652,"date":"2022-11-27T08:00:41","date_gmt":"2022-11-27T14:00:41","guid":{"rendered":"https:\/\/www.uv.mx\/prensa\/?p=124652"},"modified":"2022-11-25T15:24:00","modified_gmt":"2022-11-25T21:24:00","slug":"trabajo-interdisciplinario-debe-ser-solidario-guiomar-melgar","status":"publish","type":"post","link":"https:\/\/www.uv.mx\/prensa\/ciencia\/trabajo-interdisciplinario-debe-ser-solidario-guiomar-melgar\/","title":{"rendered":"Trabajo interdisciplinario debe ser solidario: Guiomar Melgar"},"content":{"rendered":"<ul>\n<li><em><span class=\"TextRun SCXW165447900 BCX0\" lang=\"ES-MX\" xml:lang=\"ES-MX\" data-contrast=\"auto\"><span class=\"NormalTextRun SCXW165447900 BCX0\" data-ccp-parastyle=\"No Spacing\">La investigadora<\/span><span class=\"NormalTextRun SCXW165447900 BCX0\" data-ccp-parastyle=\"No Spacing\"> de la UV<\/span> <span class=\"NormalTextRun SCXW165447900 BCX0\" data-ccp-parastyle=\"No Spacing\">asegur\u00f3 que<\/span> <span class=\"NormalTextRun SCXW165447900 BCX0\" data-ccp-parastyle=\"No Spacing\">publica<\/span><span class=\"NormalTextRun SCXW165447900 BCX0\" data-ccp-parastyle=\"No Spacing\">r<\/span><span class=\"NormalTextRun SCXW165447900 BCX0\" data-ccp-parastyle=\"No Spacing\"> en revistas especializadas<\/span><span class=\"NormalTextRun SCXW165447900 BCX0\" data-ccp-parastyle=\"No Spacing\"> facilita la obtenci\u00f3n de <\/span><span class=\"NormalTextRun SCXW165447900 BCX0\" data-ccp-parastyle=\"No Spacing\">recursos para continuar con proyectos<\/span><\/span><span class=\"EOP SCXW165447900 BCX0\" data-ccp-props=\"{}\">\u00a0<\/span><\/em><\/li>\n<\/ul>\n<p>&nbsp;<\/p>\n<div id=\"attachment_124606\" style=\"width: 732px\" class=\"wp-caption aligncenter\"><a href=\"https:\/\/www.uv.mx\/prensa\/files\/2022\/11\/231122-CARLOS-Diplomado-herramientas-1.jpg\"><img aria-describedby=\"caption-attachment-124606\" decoding=\"async\" loading=\"lazy\" class=\"size-full wp-image-124606\" src=\"https:\/\/www.uv.mx\/prensa\/files\/2022\/11\/231122-CARLOS-Diplomado-herramientas-1.jpg\" alt=\"\" width=\"722\" height=\"480\" srcset=\"https:\/\/www.uv.mx\/prensa\/files\/2022\/11\/231122-CARLOS-Diplomado-herramientas-1.jpg 722w, https:\/\/www.uv.mx\/prensa\/files\/2022\/11\/231122-CARLOS-Diplomado-herramientas-1-300x199.jpg 300w\" sizes=\"(max-width: 722px) 100vw, 722px\" \/><\/a><p id=\"caption-attachment-124606\" class=\"wp-caption-text\">Mar\u00eda Guiomar Melgar Lalanne<\/p><\/div>\n<p>&nbsp;<\/p>\n<p><b><i><span data-contrast=\"auto\">Carlos Hugo Hermida Rosales<\/span><\/i><\/b><span data-ccp-props=\"{}\">\u00a0<\/span><\/p>\n<p><b><i><span data-contrast=\"auto\">Fotos: Cortes\u00eda Mar\u00eda Guiomar Melgar<\/span><\/i><\/b><span data-ccp-props=\"{}\">\u00a0<\/span><\/p>\n<p><b><i><span data-contrast=\"auto\">27\/11\/2022, Xalapa, Ver.-<\/span><\/i><\/b><span data-contrast=\"auto\"> \u201cEl trabajo interdisciplinario debe ser solidario para que beneficie a todas las partes involucradas\u201d, enfatiz\u00f3 Mar\u00eda Guiomar Melgar Lalanne, investigadora del<\/span> <span data-contrast=\"auto\">Instituto de Ciencias B\u00e1sicas de la Universidad Veracruzana (UV), coordinadora del Diplomado Herramientas para la Escritura y Publicaci\u00f3n Cient\u00edfica, que se llevar\u00e1 a cabo de forma virtual del <\/span><span data-contrast=\"none\">9 de enero al 19 de mayo de 2023.<\/span><span data-ccp-props=\"{}\">\u00a0<\/span><\/p>\n<p><span data-contrast=\"auto\">Esta capacitaci\u00f3n est\u00e1 dirigida a docentes, investigadores y estudiantes de posgrado de la UV; tiene por objetivo desarrollar habilidades para la redacci\u00f3n y publicaci\u00f3n de art\u00edculos cient\u00edficos originales, que permitan mejorar los procesos de escritura e incrementar el impacto y la visibilidad de la investigaci\u00f3n.<\/span><span data-ccp-props=\"{&quot;335559731&quot;:708}\">\u00a0<\/span><\/p>\n<p><span data-contrast=\"auto\">Guiomar\u202fMelgar\u202fdestac<\/span><span data-contrast=\"auto\">\u00f3 que este a\u00f1o se dio el ingreso<\/span><span data-contrast=\"auto\"> de un gran n\u00famero de acad\u00e9micos de la UV al Sistema Nacional de Investigadores (SNI) del Consejo Nacional de Ciencia y Tecnolog\u00eda (<\/span><i><span data-contrast=\"auto\">Conacyt<\/span><\/i><span data-contrast=\"auto\">), mientras que otros que ya pertenec<\/span><span data-contrast=\"auto\">\u00edan al mismo subieron de nivel.<\/span><span data-ccp-props=\"{&quot;335559731&quot;:708}\">\u00a0<\/span><\/p>\n<p><span data-contrast=\"auto\">Es por ello que, en conjunto con sus pares de distintas entidades acad\u00e9micas de la UV, decidi\u00f3 desarrollar un diplomado en el que se mostrar\u00e1n los requisitos para publicar en revistas cient\u00edficas de calidad \u2013que cada vez son m\u00e1s estrictas\u2013, la forma de responder a los revisores, la importancia de la \u00e9tica en la investigaci\u00f3n, y c\u00f3mo exponer datos de una manera clara, objetiva y relevante, entre otros temas.<\/span><span data-ccp-props=\"{&quot;335559731&quot;:708}\">\u00a0<\/span><\/p>\n<p>&nbsp;<\/p>\n<div id=\"attachment_124607\" style=\"width: 349px\" class=\"wp-caption aligncenter\"><a href=\"https:\/\/www.uv.mx\/prensa\/files\/2022\/11\/231122-CARLOS-Diplomado-herramientas-2.jpg\"><img aria-describedby=\"caption-attachment-124607\" decoding=\"async\" loading=\"lazy\" class=\"size-full wp-image-124607\" src=\"https:\/\/www.uv.mx\/prensa\/files\/2022\/11\/231122-CARLOS-Diplomado-herramientas-2.jpg\" alt=\"\" width=\"339\" height=\"480\" srcset=\"https:\/\/www.uv.mx\/prensa\/files\/2022\/11\/231122-CARLOS-Diplomado-herramientas-2.jpg 339w, https:\/\/www.uv.mx\/prensa\/files\/2022\/11\/231122-CARLOS-Diplomado-herramientas-2-212x300.jpg 212w\" sizes=\"(max-width: 339px) 100vw, 339px\" \/><\/a><p id=\"caption-attachment-124607\" class=\"wp-caption-text\">El diplomado ser\u00e1 impartido por especialistas de distintas entidades acad\u00e9micas<\/p><\/div>\n<p>&nbsp;<\/p>\n<p><span data-contrast=\"auto\">Los facilitadores del diplomado son expertos que pertenecen al SNI: Francisco Javier Rosas, del Instituto de Investigaciones Psicol\u00f3gicas; Rossana Zepeda y Claudia Ju\u00e1rez, del Centro de Investigaciones Biom\u00e9dicas; Tania Molina, de la Facultad de Qu\u00edmica Farmac\u00e9utica Biol\u00f3gica; Oscar L\u00f3pez Franco y M\u00f3nica Flores, del Instituto de Ciencias de la Salud.<\/span><span data-ccp-props=\"{&quot;335559731&quot;:708}\">\u00a0<\/span><\/p>\n<p><span data-contrast=\"auto\">La investigadora asegur\u00f3 que mientras m\u00e1s se publica en revistas especializadas se facilita conseguir recursos estatales o federales para continuar con sus proyectos, lo que finalmente repercute en beneficio de la Universidad y de los estudiantes, que son en quienes esta instituci\u00f3n debe centrar sus esfuerzos.<\/span><span data-ccp-props=\"{&quot;335559731&quot;:708}\">\u00a0<\/span><\/p>\n<p><span data-contrast=\"auto\">Puntualiz\u00f3 que mediante el diplomado mostrar\u00e1n la importancia de reducir la discriminaci\u00f3n en la investigaci\u00f3n, a trav\u00e9s de la inclusi\u00f3n de mujeres y personas que presenten neurodivergencia, lo que va de la mano con el plan de trabajo de la actual administraci\u00f3n universitaria.<\/span><span data-ccp-props=\"{&quot;335559731&quot;:708}\">\u00a0<\/span><\/p>\n<p><span data-contrast=\"auto\">El Diplomado Herramientas para la Escritura y Publicaci\u00f3n Cient\u00edfica tendr\u00e1 una duraci\u00f3n de 120 horas con valor curricular, y un costo de cuatro mil 500 pesos que pueden ser cubiertos en tres pagos. Para solicitar mayores informes se debe escribir al correo electr\u00f3nico <\/span><a href=\"mailto:gmelgar@uv.mx\"><span data-contrast=\"none\">gmelgar@uv.mx<\/span><\/a><span data-ccp-props=\"{&quot;335559731&quot;:708}\">\u00a0<\/span><\/p>\n","protected":false},"excerpt":{"rendered":"<p>La investigadora del Instituto de Ciencias B\u00e1sicas coordinar\u00e1 un diplomado para ayudar a desarrollar habilidades en redacci\u00f3n y publicaci\u00f3n de art\u00edculos cient\u00edficos <\/p>\n","protected":false},"author":1809,"featured_media":124606,"comment_status":"closed","ping_status":"closed","sticky":false,"template":"","format":"standard","meta":[],"categories":[45,47],"tags":[4161,9463,9462,6561],"_links":{"self":[{"href":"https:\/\/www.uv.mx\/prensa\/wp-json\/wp\/v2\/posts\/124652"}],"collection":[{"href":"https:\/\/www.uv.mx\/prensa\/wp-json\/wp\/v2\/posts"}],"about":[{"href":"https:\/\/www.uv.mx\/prensa\/wp-json\/wp\/v2\/types\/post"}],"author":[{"embeddable":true,"href":"https:\/\/www.uv.mx\/prensa\/wp-json\/wp\/v2\/users\/1809"}],"replies":[{"embeddable":true,"href":"https:\/\/www.uv.mx\/prensa\/wp-json\/wp\/v2\/comments?post=124652"}],"version-history":[{"count":1,"href":"https:\/\/www.uv.mx\/prensa\/wp-json\/wp\/v2\/posts\/124652\/revisions"}],"predecessor-version":[{"id":124681,"href":"https:\/\/www.uv.mx\/prensa\/wp-json\/wp\/v2\/posts\/124652\/revisions\/124681"}],"wp:featuredmedia":[{"embeddable":true,"href":"https:\/\/www.uv.mx\/prensa\/wp-json\/wp\/v2\/media\/124606"}],"wp:attachment":[{"href":"https:\/\/www.uv.mx\/prensa\/wp-json\/wp\/v2\/media?parent=124652"}],"wp:term":[{"taxonomy":"category","embeddable":true,"href":"https:\/\/www.uv.mx\/prensa\/wp-json\/wp\/v2\/categories?post=124652"},{"taxonomy":"post_tag","embeddable":true,"href":"https:\/\/www.uv.mx\/prensa\/wp-json\/wp\/v2\/tags?post=124652"}],"curies":[{"name":"wp","href":"https:\/\/api.w.org\/{rel}","templated":true}]}}