{"id":124580,"date":"2022-11-28T11:08:39","date_gmt":"2022-11-28T17:08:39","guid":{"rendered":"https:\/\/www.uv.mx\/prensa\/?p=124580"},"modified":"2022-11-28T11:08:39","modified_gmt":"2022-11-28T17:08:39","slug":"cct-uv-tendra-red-de-monitoreo-geofisico-del-volcan-pico-de-orizaba","status":"publish","type":"post","link":"https:\/\/www.uv.mx\/prensa\/general\/cct-uv-tendra-red-de-monitoreo-geofisico-del-volcan-pico-de-orizaba\/","title":{"rendered":"CCT-UV tendr\u00e1 Red de Monitoreo Geof\u00edsico del Volc\u00e1n Pico de Orizaba"},"content":{"rendered":"<ul class=\"ul1\">\n<li class=\"li1\"><i>As\u00ed lo dio a conocer Rafael Torres Orozco, investigador y miembro del Observatorio Sismol\u00f3gico y Vulcanol\u00f3gico de Veracruz<\/i><\/li>\n<li class=\"li1\">Conacyt<i> aprob\u00f3 proyecto para la adquisici\u00f3n de equipo que permitir\u00e1 realizar vigilancia del Citlalt\u00e9petl en tiempo real<\/i><\/li>\n<\/ul>\n<p>&nbsp;<\/p>\n<div id=\"attachment_124583\" style=\"width: 732px\" class=\"wp-caption aligncenter\"><img loading=\"lazy\" decoding=\"async\" aria-describedby=\"caption-attachment-124583\" class=\"size-full wp-image-124583\" src=\"https:\/\/www.uv.mx\/prensa\/files\/2022\/11\/231122-RED-DE-MONITOREO-PICO-DE-ORIZABA-1-100k.jpg\" alt=\"Rafael Torres Orozco, investigador del CCT-UV, y Francisco C\u00f3rdoba Montiel, coordinador del OSV\" width=\"722\" height=\"472\" srcset=\"https:\/\/www.uv.mx\/prensa\/files\/2022\/11\/231122-RED-DE-MONITOREO-PICO-DE-ORIZABA-1-100k.jpg 722w, https:\/\/www.uv.mx\/prensa\/files\/2022\/11\/231122-RED-DE-MONITOREO-PICO-DE-ORIZABA-1-100k-300x196.jpg 300w\" sizes=\"auto, (max-width: 722px) 100vw, 722px\" \/><p id=\"caption-attachment-124583\" class=\"wp-caption-text\">Rafael Torres Orozco, investigador del CCT-UV, y Francisco C\u00f3rdoba Montiel, coordinador del OSV<\/p><\/div>\n<p>&nbsp;<\/p>\n<p class=\"p1\"><b><i>Claudia Peralta V\u00e1zquez<\/i><\/b><\/p>\n<p class=\"p1\"><b><i>Fotos: Omar Portilla Palacios (1); Cortes\u00eda CUO-UV (2, 3 y 4)<\/i><\/b><\/p>\n<p class=\"p1\"><b><i>28\/11\/2022, Xalapa, Ver.- <\/i><\/b>El Centro de Ciencias de la Tierra (CCT) de la Universidad Veracruzana (UV), a trav\u00e9s del Observatorio Sismol\u00f3gico y Vulcanol\u00f3gico de Veracruz (OSV), contar\u00e1 con una Red de Monitoreo Geof\u00edsico y Ambiental del Volc\u00e1n Pico de Orizaba o Citlalt\u00e9petl, gracias a un proyecto aprobado por el Consejo Nacional de Ciencia y Tecnolog\u00eda (<i>Conacyt<\/i>) para la adquisici\u00f3n y compra de equipamiento.<\/p>\n<p class=\"p3\">Rafael Torres Orozco, investigador del CCT, miembro del OSV y responsable del proyecto \u201cRed de Monitoreo Geof\u00edsico y Ambiental del Volc\u00e1n Pico de Orizaba para una gesti\u00f3n integral del riesgo\u201d, dio a conocer que \u00e9ste permitir\u00e1 realizar una vigilancia diaria del lugar y de los fen\u00f3menos naturales que ah\u00ed acontecen, en tiempo real, las 24 horas, los siete d\u00edas de la semana.<\/p>\n<p class=\"p3\">En este sentido, el OSV se convertir\u00e1 en un polo regional, no s\u00f3lo de vigilancia de fen\u00f3menos naturales, sino tambi\u00e9n de desarrollo cient\u00edfico y tecnol\u00f3gico en relaci\u00f3n a este tema.<\/p>\n<p class=\"p3\">\u201cPara el OSV y el CCT es un logro pues no existe otro organismo en la regi\u00f3n que se encuentre a este nivel tecnol\u00f3gico y cient\u00edfico encargado de la vigilancia de este volc\u00e1n, considerado por la comunidad cient\u00edfica como uno de los m\u00e1s peligrosos que tenemos en las inmediaciones y en Norteam\u00e9rica. Nunca se ha realizado monitoreo tan detallado y en tiempo real.\u201d<\/p>\n<p class=\"p3\">Inform\u00f3 que en \u00e9l participa un equipo de investigadores del CCT, junto con cient\u00edficos del Instituto de Geof\u00edsica de la Universidad Nacional Aut\u00f3noma de M\u00e9xico (UNAM); Centro de Geociencias de esta misma instituci\u00f3n, campus Juriquilla, Quer\u00e9taro; Servicio Sismol\u00f3gico Nacional (SSN); Centro Nacional de Prevenci\u00f3n de Desastres (<i>Cenapred<\/i>); y a nivel local, el Instituto de Ecolog\u00eda, A.C.<\/p>\n<p class=\"p3\">El especialista coment\u00f3 que derivado del monitoreo realizado desde hace una d\u00e9cada por el OSV de la actividad s\u00edsmica del volc\u00e1n y de fen\u00f3menos de flujo de agua y lodo, mejor conocidos como lahares, decidieron someter el proyecto a la convocatoria \u201cInfraestructura para la investigaci\u00f3n\u201d, mismo que fue aprobado en septiembre pasado por el <i>Conacyt<\/i>.<\/p>\n<p class=\"p3\">El prop\u00f3sito es la adquisici\u00f3n de equipo para el desarrollo de la Red de Monitoreo Geof\u00edsico y Ambiental, toda vez que la actividad de monitoreo se ve limitada por la falta de una infraestructura \u00fatil para la transmisi\u00f3n de datos en tiempo real desde el volc\u00e1n.<\/p>\n<div id=\"attachment_124584\" style=\"width: 732px\" class=\"wp-caption aligncenter\"><img loading=\"lazy\" decoding=\"async\" aria-describedby=\"caption-attachment-124584\" class=\"size-full wp-image-124584\" src=\"https:\/\/www.uv.mx\/prensa\/files\/2022\/11\/231122-RED-DE-MONITOREO-PICO-DE-ORIZABA-2-100k.jpg\" alt=\"El Centro de Ciencias de la Tierra de la UV tendr\u00e1 Red de Monitoreo Geof\u00edsico del Volc\u00e1n Pico de Orizaba\" width=\"722\" height=\"406\" srcset=\"https:\/\/www.uv.mx\/prensa\/files\/2022\/11\/231122-RED-DE-MONITOREO-PICO-DE-ORIZABA-2-100k.jpg 722w, https:\/\/www.uv.mx\/prensa\/files\/2022\/11\/231122-RED-DE-MONITOREO-PICO-DE-ORIZABA-2-100k-300x169.jpg 300w\" sizes=\"auto, (max-width: 722px) 100vw, 722px\" \/><p id=\"caption-attachment-124584\" class=\"wp-caption-text\">El Centro de Ciencias de la Tierra de la UV tendr\u00e1 Red de Monitoreo Geof\u00edsico del Volc\u00e1n Pico de Orizaba<\/p><\/div>\n<p>&nbsp;<\/p>\n<p class=\"p3\">De ah\u00ed parte la necesidad de ampliar la red de sensores s\u00edsmicos, hidrometeorol\u00f3gicos y de equipo de vigilancia visual permanente en diferentes sectores, pues hasta el momento se encuentra restringida a algunas zonas de inter\u00e9s ya localizadas.<\/p>\n<p class=\"p3\">Torres Orozco, quien adem\u00e1s desarrolla una l\u00ednea de investigaci\u00f3n sobre vulcanolog\u00eda, inform\u00f3 que por medio de dicho proyecto tambi\u00e9n se adquirir\u00e1 una red de telemetr\u00eda que ser\u00e1 instalada en el volc\u00e1n y conectar\u00e1 los diferentes sensores s\u00edsmicos e hidrometeorol\u00f3gicos, as\u00ed como una videoc\u00e1mara de vigilancia permanente.<\/p>\n<p class=\"p3\">\u201cTodos esos sensores recopilar\u00e1n datos continuos, diarios, que ser\u00e1n enviados de forma directa a las instalaciones del OSV, ubicado en el CCT-UV.\u201d<\/p>\n<p class=\"p3\">De esa manera, los responsables del OSV podr\u00e1n recibir los datos, procesarlos y analizarlos de forma continua sin necesidad de trasladarse al volc\u00e1n, pues era lo que normalmente se hac\u00eda de manera mensual.<\/p>\n<p class=\"p3\">\u201cSon equipos que se instalan primero en el Pico de Orizaba para la recopilaci\u00f3n de datos y vigilancia, y despu\u00e9s en el OSV para su recepci\u00f3n y an\u00e1lisis.\u201d<\/p>\n<p class=\"p1\">Destac\u00f3 que gracias a este monitoreo permanente podr\u00e1n emitir alertas a la poblaci\u00f3n ante diferentes fen\u00f3menos, no s\u00f3lo de la actividad volc\u00e1nica y s\u00edsmica, sino tambi\u00e9n de otros de tipo ambiental.<\/p>\n<div id=\"attachment_124585\" style=\"width: 732px\" class=\"wp-caption aligncenter\"><img loading=\"lazy\" decoding=\"async\" aria-describedby=\"caption-attachment-124585\" class=\"size-full wp-image-124585\" src=\"https:\/\/www.uv.mx\/prensa\/files\/2022\/11\/231122-RED-DE-MONITOREO-PICO-DE-ORIZABA-3-100k.jpg\" alt=\"Equipo que conforma el proyecto Red de Monitoreo Geof\u00edsico y Ambiental del Volc\u00e1n Pico de Orizaba\" width=\"722\" height=\"405\" srcset=\"https:\/\/www.uv.mx\/prensa\/files\/2022\/11\/231122-RED-DE-MONITOREO-PICO-DE-ORIZABA-3-100k.jpg 722w, https:\/\/www.uv.mx\/prensa\/files\/2022\/11\/231122-RED-DE-MONITOREO-PICO-DE-ORIZABA-3-100k-300x168.jpg 300w\" sizes=\"auto, (max-width: 722px) 100vw, 722px\" \/><p id=\"caption-attachment-124585\" class=\"wp-caption-text\">Equipo que conforma el proyecto Red de Monitoreo Geof\u00edsico y Ambiental del Volc\u00e1n Pico de Orizaba<\/p><\/div>\n<p>&nbsp;<\/p>\n<p class=\"p3\">Los sensores s\u00edsmicos e hidrometeorol\u00f3gicos tambi\u00e9n pueden registrar lluvias extremas, vientos, incendios forestales.<\/p>\n<p class=\"p3\">Incluso, la actividad volc\u00e1nica y s\u00edsmica, principal objetivo, influye adem\u00e1s en procesos de remoci\u00f3n en masa; es decir, todo lo que se derrumba desde el volc\u00e1n y puede ser transportado a trav\u00e9s de flujos de agua, avalanchas y ca\u00eddas de material, deslizamientos y derrumbes.<\/p>\n<p class=\"p3\">El investigador y responsable del proyecto subray\u00f3 que en el pa\u00eds existen centros de vigilancia volc\u00e1nica consolidados, como el Observatorio Vulcanol\u00f3gico y Sismol\u00f3gico de la Universidad de Colima, que vigila la actividad del Volc\u00e1n de Colima.<\/p>\n<p class=\"p3\">Es importante mencionar el monitoreo m\u00e1s avanzado y desarrollado por el Servicio Sismol\u00f3gico Nacional, as\u00ed como el que realiza <i>Cenapred<\/i>, cuyo objetivo principal es el volc\u00e1n Popocat\u00e9petl; y otros ubicados en Quer\u00e9taro, a cargo del Centro de Geociencias de la UNAM, donde llevan a cabo estas actividades.<\/p>\n<p class=\"p1\">Mencion\u00f3 que la idea de recopilar esos datos radica tambi\u00e9n en que sean de libre acceso y est\u00e9n al alcance de cualquier interesado en realizar investigaci\u00f3n cient\u00edfica, para que pueda hacerlo mediante colaboraci\u00f3n multidisciplinar con investigadores del CCT.<\/p>\n<p class=\"p3\">Anunci\u00f3 que la adquisici\u00f3n del equipo inici\u00f3 hace un mes y continuar\u00e1 a lo largo de 2023, por lo que esperan que a mediados de ese a\u00f1o se instale el mismo, tanto en el volc\u00e1n como en las instalaciones del OSV y CCT. El objetivo es tener lista la Red de Monitoreo Geof\u00edsico y Ambiental a finales del pr\u00f3ximo a\u00f1o.<\/p>\n<div id=\"attachment_124586\" style=\"width: 732px\" class=\"wp-caption aligncenter\"><img loading=\"lazy\" decoding=\"async\" aria-describedby=\"caption-attachment-124586\" class=\"size-full wp-image-124586\" src=\"https:\/\/www.uv.mx\/prensa\/files\/2022\/11\/231122-RED-DE-MONITOREO-PICO-DE-ORIZABA-4-100k.jpg\" alt=\"Una red de telemetr\u00eda ser\u00e1 instalada en el volc\u00e1n y conectar\u00e1 los diferentes sensores s\u00edsmicos e hidrometeorol\u00f3gicos\" width=\"722\" height=\"390\" srcset=\"https:\/\/www.uv.mx\/prensa\/files\/2022\/11\/231122-RED-DE-MONITOREO-PICO-DE-ORIZABA-4-100k.jpg 722w, https:\/\/www.uv.mx\/prensa\/files\/2022\/11\/231122-RED-DE-MONITOREO-PICO-DE-ORIZABA-4-100k-300x162.jpg 300w\" sizes=\"auto, (max-width: 722px) 100vw, 722px\" \/><p id=\"caption-attachment-124586\" class=\"wp-caption-text\">Una red de telemetr\u00eda ser\u00e1 instalada en el volc\u00e1n y conectar\u00e1 los diferentes sensores s\u00edsmicos e hidrometeorol\u00f3gicos<\/p><\/div>\n<p>&nbsp;<\/p>\n<p class=\"p3\">La etapa principal es poner el equipo en funcionamiento, probarlo y que todo est\u00e9 bien interconectado, que exista comunicaci\u00f3n y recepci\u00f3n de datos para su posterior an\u00e1lisis.<\/p>\n<p class=\"p3\">Por otra parte, se trabaja con el desarrollo de inteligencia artificial con el fin de que sea \u00e1gil el procesamiento y an\u00e1lisis de datos.<\/p>\n<p class=\"p3\">En el proyecto participan: Katrin Sieron, Francisco C\u00f3rdoba Montiel, Marco Aurelio Morales Mart\u00ednez, Silvano Ulices Que Salinas, Carlos Welsh Rodr\u00edguez, Carolina Ochoa Mart\u00ednez y Blanca Estela C\u00f3rdova Tejeda.<\/p>\n","protected":false},"excerpt":{"rendered":"<p>As\u00ed lo dio a conocer Rafael Torres Orozco, investigador y miembro del Observatorio Sismol\u00f3gico y Vulcanol\u00f3gico de Veracruz Conacyt aprob\u00f3 proyecto para la adquisici\u00f3n de equipo que permitir\u00e1 realizar vigilancia del Citlalt\u00e9petl [&hellip;]<\/p>\n","protected":false},"author":1775,"featured_media":124587,"comment_status":"closed","ping_status":"closed","sticky":false,"template":"","format":"standard","meta":{"footnotes":""},"categories":[45,1,61],"tags":[173,3932,9092,4163,174,503,749,6426,9428,758,6799,6798,9429,6222,9430],"class_list":["post-124580","post","type-post","status-publish","format-standard","has-post-thumbnail","hentry","category-ciencia","category-general","category-banner","tag-cct","tag-centro-de-ciencias-de-la-tierra","tag-citlaltepetl","tag-claudia-peralta-vazquez","tag-conacyt","tag-consejo-nacional-de-ciencia-y-tecnologia","tag-investigador","tag-observatorio-sismologico-y-vulcanologico-de-veracruz","tag-omar-portilla-palacio","tag-osv","tag-pico-de-orizaba","tag-rafael-torres-orozco","tag-red-de-monitoreo-geofisico-y-ambiental","tag-volcan","tag-volcan-pico-de-orizaba"],"_links":{"self":[{"href":"https:\/\/www.uv.mx\/prensa\/wp-json\/wp\/v2\/posts\/124580","targetHints":{"allow":["GET"]}}],"collection":[{"href":"https:\/\/www.uv.mx\/prensa\/wp-json\/wp\/v2\/posts"}],"about":[{"href":"https:\/\/www.uv.mx\/prensa\/wp-json\/wp\/v2\/types\/post"}],"author":[{"embeddable":true,"href":"https:\/\/www.uv.mx\/prensa\/wp-json\/wp\/v2\/users\/1775"}],"replies":[{"embeddable":true,"href":"https:\/\/www.uv.mx\/prensa\/wp-json\/wp\/v2\/comments?post=124580"}],"version-history":[{"count":1,"href":"https:\/\/www.uv.mx\/prensa\/wp-json\/wp\/v2\/posts\/124580\/revisions"}],"predecessor-version":[{"id":124747,"href":"https:\/\/www.uv.mx\/prensa\/wp-json\/wp\/v2\/posts\/124580\/revisions\/124747"}],"wp:featuredmedia":[{"embeddable":true,"href":"https:\/\/www.uv.mx\/prensa\/wp-json\/wp\/v2\/media\/124587"}],"wp:attachment":[{"href":"https:\/\/www.uv.mx\/prensa\/wp-json\/wp\/v2\/media?parent=124580"}],"wp:term":[{"taxonomy":"category","embeddable":true,"href":"https:\/\/www.uv.mx\/prensa\/wp-json\/wp\/v2\/categories?post=124580"},{"taxonomy":"post_tag","embeddable":true,"href":"https:\/\/www.uv.mx\/prensa\/wp-json\/wp\/v2\/tags?post=124580"}],"curies":[{"name":"wp","href":"https:\/\/api.w.org\/{rel}","templated":true}]}}