{"id":124407,"date":"2022-11-21T08:00:20","date_gmt":"2022-11-21T14:00:20","guid":{"rendered":"https:\/\/www.uv.mx\/prensa\/?p=124407"},"modified":"2022-11-22T14:50:18","modified_gmt":"2022-11-22T20:50:18","slug":"uv-homenajeo-a-francisco-beverido-y-manuel-montoro","status":"publish","type":"post","link":"https:\/\/www.uv.mx\/prensa\/general\/uv-homenajeo-a-francisco-beverido-y-manuel-montoro\/","title":{"rendered":"UV homenaje\u00f3 a Francisco Beverido y Manuel Montoro"},"content":{"rendered":"<ul class=\"ul1\">\n<li class=\"li1\"><i>Alba Dom\u00ednguez, Jorge Castillo, Enrique Velasco y Daniel Acevedo Ituarte participaron en un conversatorio dedicado a Francisco Beverido<\/i><\/li>\n<li class=\"li1\"><i>Gema Mu\u00f1oz y Ra\u00fal Santamar\u00eda destacaron el talento de Manuel Montoro como director teatral<\/i><\/li>\n<\/ul>\n<p>&nbsp;<\/p>\n<div id=\"attachment_124408\" style=\"width: 732px\" class=\"wp-caption aligncenter\"><img loading=\"lazy\" decoding=\"async\" aria-describedby=\"caption-attachment-124408\" class=\"size-full wp-image-124408\" src=\"https:\/\/www.uv.mx\/prensa\/files\/2022\/11\/181122-CARLOS-Beverido-y-Montoro-1-100k.jpg\" alt=\"Personalidades del teatro destacaron la disciplina y generosidad de Francisco Beverido\" width=\"722\" height=\"481\" srcset=\"https:\/\/www.uv.mx\/prensa\/files\/2022\/11\/181122-CARLOS-Beverido-y-Montoro-1-100k.jpg 722w, https:\/\/www.uv.mx\/prensa\/files\/2022\/11\/181122-CARLOS-Beverido-y-Montoro-1-100k-300x200.jpg 300w\" sizes=\"auto, (max-width: 722px) 100vw, 722px\" \/><p id=\"caption-attachment-124408\" class=\"wp-caption-text\">Personalidades del teatro destacaron la disciplina y generosidad de Francisco Beverido<\/p><\/div>\n<p>&nbsp;<\/p>\n<p class=\"p1\"><b><i>Carlos Hugo Hermida Rosales<\/i><\/b><\/p>\n<p class=\"p1\"><b><i>Fotos: Omar Portilla Palacios<\/i><\/b><\/p>\n<p class=\"p1\"><b><i>21\/11\/2022, Xalapa, Ver.-<\/i><\/b> Profesionales de las artes esc\u00e9nicas y promotores culturales coincidieron en la importancia de las trayectorias de Francisco Beverido Duhalt y Manuel Montoro para el teatro nacional, en el homenaje que se les realiz\u00f3 el 17 de noviembre en el marco del 31 Festival de Teatro Universitario de la Universidad Veracruzana (UV).<\/p>\n<p class=\"p3\">En el conversatorio en honor a Francisco Beverido \u2013en el que estuvo presente\u2013, participaron Alba Dom\u00ednguez y Jorge Castillo, de la Organizaci\u00f3n Teatral de la UV (<i>Orteuv<\/i>), y Daniel Acevedo Ituarte, de la Facultad de Teatro; la moderaci\u00f3n fue de Enrique Velasco, de la <a href=\"https:\/\/www.uv.mx\/difusioncultural\/\" target=\"_blank\" rel=\"noopener\">Direcci\u00f3n General de Difusi\u00f3n Cultural<\/a> (DGDC).<\/p>\n<p class=\"p3\">Previo a la intervenci\u00f3n de los asistentes, se proyect\u00f3 un video en el que personalidades como Mercedes Huerta, Paz Aguirre, Rosalinda Ulloa, Sof\u00eda Vera, David Estrada, Jorge Castillo y Esther Hern\u00e1ndez, expresaron algunas palabras para resaltar la trayectoria del homenajeado.<\/p>\n<p class=\"p3\">Alba Dom\u00ednguez relat\u00f3 que comparti\u00f3 escenario con Francisco Beverido en su segunda presentaci\u00f3n con la <i>Orteuv<\/i>, que result\u00f3 un montaje fenomenal y cont\u00f3 con una escenograf\u00eda de ensue\u00f1o, en el que el actor mostr\u00f3 su potencial creativo.<\/p>\n<p class=\"p3\">Jorge Castillo asegur\u00f3 que el teatro nacional lo han formado muchos veracruzanos, entre ellos Francisco Beverido, quien como promotor, creador, actor y director, ha ense\u00f1ado a respetar el arte esc\u00e9nico, que es una herramienta \u00fatil para transformar al pueblo.<\/p>\n<p class=\"p3\">Daniel Acevedo coment\u00f3 que si hay algo que distingue a Francisco Beverido es su generosidad, la que ha demostrado a lo largo de su trayectoria con colegas y alumnos, y a trav\u00e9s de la creaci\u00f3n del Centro de Documentaci\u00f3n Teatral \u201cLa Candileja\u201d, que es un sitio \u00fanico a nivel nacional.<\/p>\n<p class=\"p3\">Francisco Beverido agradeci\u00f3 el homenaje que le realizaron en vida y mencion\u00f3 que a lo largo de su trayectoria ha hecho su trabajo de la mejor manera posible, con la finalidad de beneficiar a la mayor cantidad de personas. \u201cDe entre las diferentes formas de hacer teatro, yo las elijo todas\u201d, expres\u00f3.<\/p>\n<div id=\"attachment_124409\" style=\"width: 732px\" class=\"wp-caption aligncenter\"><img loading=\"lazy\" decoding=\"async\" aria-describedby=\"caption-attachment-124409\" class=\"size-full wp-image-124409\" src=\"https:\/\/www.uv.mx\/prensa\/files\/2022\/11\/181122-CARLOS-Beverido-y-Montoro-2-100k.jpg\" alt=\"Miembros de la Orteuv afirmaron que la rigurosidad fue algo que caracteriz\u00f3 a Manuel Montoro\" width=\"722\" height=\"481\" srcset=\"https:\/\/www.uv.mx\/prensa\/files\/2022\/11\/181122-CARLOS-Beverido-y-Montoro-2-100k.jpg 722w, https:\/\/www.uv.mx\/prensa\/files\/2022\/11\/181122-CARLOS-Beverido-y-Montoro-2-100k-300x200.jpg 300w\" sizes=\"auto, (max-width: 722px) 100vw, 722px\" \/><p id=\"caption-attachment-124409\" class=\"wp-caption-text\">Miembros de la <em>Orteuv<\/em> afirmaron que la rigurosidad fue algo que caracteriz\u00f3 a Manuel Montoro<\/p><\/div>\n<p>&nbsp;<\/p>\n<p class=\"p3\">El homenaje \u201c<i>In memoriam<\/i> a Manuel Montoro\u201d fue moderado por Manuel Acevedo; participaron Gema Mu\u00f1oz, Alba Dom\u00ednguez y Ra\u00fal Santamar\u00eda, de la <i>Orteuv<\/i>, quienes destacaron su calidad como director teatral.<\/p>\n<p class=\"p3\">Gema Mu\u00f1oz asegur\u00f3 que Manuel Montoro fue relevante para el panorama del teatro veracruzano, al instaurar el Festival de Teatro Universitario, que represent\u00f3 el primer paso hacia dejar de ver a los grupos art\u00edsticos como una extensi\u00f3n de la actividad acad\u00e9mica y convertirlos en elementos estrat\u00e9gicos en la formaci\u00f3n de estudiantes.<\/p>\n<p class=\"p3\">\u201cManuel Montoro fue un director riguroso y gracias a \u00e9l aprend\u00ed que en el momento en que el actor est\u00e1 en acci\u00f3n y domina su oficio, es cuando se sabe due\u00f1o del escenario y es capaz de generar energ\u00eda con el p\u00fablico\u201d, manifest\u00f3 Alba Dom\u00ednguez.<\/p>\n<p class=\"p3\">Ra\u00fal Santamar\u00eda asegur\u00f3 que Manuel Montoro fue un gran apasionado del teatro y de lo que \u00e9ste puede lograr, as\u00ed como un director de escena sumamente estricto, pero dulce y cari\u00f1oso.<\/p>\n<p class=\"p3\">\u201cAdem\u00e1s de cuidar la salud f\u00edsica de sus actores, se preocupaba por su bienestar mental y buscaba la forma de apoyarles en todo momento\u201d, afirm\u00f3.<\/p>\n","protected":false},"excerpt":{"rendered":"<p>Profesionales de las artes esc\u00e9nicas y promotores culturales hablaron de sus trayectorias dentro del 31 Festival de Teatro Universitario<\/p>\n","protected":false},"author":1775,"featured_media":124408,"comment_status":"closed","ping_status":"closed","sticky":false,"template":"","format":"standard","meta":{"footnotes":""},"categories":[11,47,1],"tags":[2195,4161,813,9396,184,5213,9395,914,8474,5952,6462,6133,180],"class_list":["post-124407","post","type-post","status-publish","format-standard","has-post-thumbnail","hentry","category-cultura","category-eventos","category-general","tag-alba-dominguez","tag-carlos-hugo-hermida-rosales","tag-conversatorio","tag-daniel-acevedo-ituarte","tag-facultad-de-teatro","tag-festival-de-teatro-universitario","tag-francisco-beverido-duhalt","tag-homenaje","tag-jorge-castillo","tag-manuel-montoro","tag-omar-portilla-palacios","tag-organizacion-teatral","tag-orteuv"],"_links":{"self":[{"href":"https:\/\/www.uv.mx\/prensa\/wp-json\/wp\/v2\/posts\/124407","targetHints":{"allow":["GET"]}}],"collection":[{"href":"https:\/\/www.uv.mx\/prensa\/wp-json\/wp\/v2\/posts"}],"about":[{"href":"https:\/\/www.uv.mx\/prensa\/wp-json\/wp\/v2\/types\/post"}],"author":[{"embeddable":true,"href":"https:\/\/www.uv.mx\/prensa\/wp-json\/wp\/v2\/users\/1775"}],"replies":[{"embeddable":true,"href":"https:\/\/www.uv.mx\/prensa\/wp-json\/wp\/v2\/comments?post=124407"}],"version-history":[{"count":1,"href":"https:\/\/www.uv.mx\/prensa\/wp-json\/wp\/v2\/posts\/124407\/revisions"}],"predecessor-version":[{"id":124483,"href":"https:\/\/www.uv.mx\/prensa\/wp-json\/wp\/v2\/posts\/124407\/revisions\/124483"}],"wp:featuredmedia":[{"embeddable":true,"href":"https:\/\/www.uv.mx\/prensa\/wp-json\/wp\/v2\/media\/124408"}],"wp:attachment":[{"href":"https:\/\/www.uv.mx\/prensa\/wp-json\/wp\/v2\/media?parent=124407"}],"wp:term":[{"taxonomy":"category","embeddable":true,"href":"https:\/\/www.uv.mx\/prensa\/wp-json\/wp\/v2\/categories?post=124407"},{"taxonomy":"post_tag","embeddable":true,"href":"https:\/\/www.uv.mx\/prensa\/wp-json\/wp\/v2\/tags?post=124407"}],"curies":[{"name":"wp","href":"https:\/\/api.w.org\/{rel}","templated":true}]}}