{"id":124356,"date":"2022-11-18T13:40:56","date_gmt":"2022-11-18T19:40:56","guid":{"rendered":"https:\/\/www.uv.mx\/prensa\/?p=124356"},"modified":"2022-11-23T13:24:01","modified_gmt":"2022-11-23T19:24:01","slug":"personal-uv-de-proteccion-civil-tomo-curso-sobre-uso-de-extintores","status":"publish","type":"post","link":"https:\/\/www.uv.mx\/prensa\/general\/personal-uv-de-proteccion-civil-tomo-curso-sobre-uso-de-extintores\/","title":{"rendered":"Personal UV de protecci\u00f3n civil tom\u00f3 curso sobre uso de extintores"},"content":{"rendered":"<ul style=\"font-weight: 400\">\n<li data-leveltext=\"\uf0b7\" data-font=\"Symbol\" data-listid=\"1\" data-list-defn-props=\"{&quot;335552541&quot;:1,&quot;335559684&quot;:-2,&quot;335559685&quot;:720,&quot;335559991&quot;:360,&quot;469769226&quot;:&quot;Symbol&quot;,&quot;469769242&quot;:[8226],&quot;469777803&quot;:&quot;left&quot;,&quot;469777804&quot;:&quot;\uf0b7&quot;,&quot;469777815&quot;:&quot;hybridMultilevel&quot;}\" data-aria-posinset=\"1\" data-aria-level=\"1\"><i><span data-contrast=\"auto\">La capacitaci\u00f3n fue impartida por personal del Heroico Cuerpo de Bomberos de Xalapa<\/span><\/i><span data-ccp-props=\"{}\">\u00a0<\/span><\/li>\n<li data-leveltext=\"\uf0b7\" data-font=\"Symbol\" data-listid=\"1\" data-list-defn-props=\"{&quot;335552541&quot;:1,&quot;335559684&quot;:-2,&quot;335559685&quot;:720,&quot;335559991&quot;:360,&quot;469769226&quot;:&quot;Symbol&quot;,&quot;469769242&quot;:[8226],&quot;469777803&quot;:&quot;left&quot;,&quot;469777804&quot;:&quot;\uf0b7&quot;,&quot;469777815&quot;:&quot;hybridMultilevel&quot;}\" data-aria-posinset=\"2\" data-aria-level=\"1\"><i><span data-contrast=\"auto\">Asistieron los 56 brigadistas de todas las \u00e1reas de los cinco edificios de la Unidad Central de Rector\u00eda<\/span><\/i><\/li>\n<\/ul>\n<p>&nbsp;<\/p>\n<div id=\"attachment_124357\" style=\"width: 732px\" class=\"wp-caption aligncenter\"><a href=\"https:\/\/www.uv.mx\/prensa\/files\/2022\/11\/171122-PAOLA-Curso-SUGIR-1.jpg\"><img loading=\"lazy\" decoding=\"async\" aria-describedby=\"caption-attachment-124357\" class=\"size-full wp-image-124357\" src=\"https:\/\/www.uv.mx\/prensa\/files\/2022\/11\/171122-PAOLA-Curso-SUGIR-1.jpg\" alt=\"\" width=\"722\" height=\"482\" srcset=\"https:\/\/www.uv.mx\/prensa\/files\/2022\/11\/171122-PAOLA-Curso-SUGIR-1.jpg 722w, https:\/\/www.uv.mx\/prensa\/files\/2022\/11\/171122-PAOLA-Curso-SUGIR-1-300x200.jpg 300w\" sizes=\"auto, (max-width: 722px) 100vw, 722px\" \/><\/a><p id=\"caption-attachment-124357\" class=\"wp-caption-text\">Antero Borboa, director del Sistema Universitario de Gesti\u00f3n Integral del Riesgo<\/p><\/div>\n<p>&nbsp;<\/p>\n<p><b><i><span data-contrast=\"auto\">Paola Cort\u00e9s P\u00e9rez<\/span><\/i><\/b><span data-ccp-props=\"{}\">\u00a0<\/span><\/p>\n<p><b><i><span data-contrast=\"auto\">Fotos: Luis Fernando Fern\u00e1ndez<\/span><\/i><\/b><span data-ccp-props=\"{}\">\u00a0<\/span><\/p>\n<p><b><i><span data-contrast=\"auto\">18\/11\/2022, Xalapa, Ver.-<\/span><\/i><\/b><span data-contrast=\"auto\"> Con la finalidad de prevenir y atender adecuadamente situaciones de riesgo, representantes de protecci\u00f3n civil y seguridad de cada una de las dependencias de la Unidad Central de Rector\u00eda de la Universidad Veracruzana (UV) tomaron el curso \u201cUso y manejo de extintores\u201d, impartido por personal del Heroico Cuerpo de Bomberos de Xalapa.<\/span><span data-ccp-props=\"{}\">\u00a0<\/span><\/p>\n<p><span data-contrast=\"auto\">Antero Borboa Lara, director del S<a href=\"https:\/\/www.uv.mx\/sugir\/conoceme\/que-es-el-sugir\/#:~:text=El%20Sistema%20Universitario%20de%20Gesti%C3%B3n,y%20contribuir%20permanentemente%20en%20la\" target=\"_blank\" rel=\"noopener\">istema Universitario de Gesti\u00f3n Integral del Riesgo<\/a> (SUGIR) de la UV, detall\u00f3 que la capacitaci\u00f3n fue dise\u00f1ada para los 56 brigadistas de todas las \u00e1reas localizadas en los cinco edificios de la Unidad Central de Rector\u00eda, quienes asistir\u00e1n en dos grupos.<\/span><span data-ccp-props=\"{&quot;335559731&quot;:708}\">\u00a0<\/span><\/p>\n<p><span data-contrast=\"auto\">Mencion\u00f3 que se conform\u00f3 la Unidad Interna de Gesti\u00f3n Integral del Riesgo, integrada por 56 representantes de protecci\u00f3n civil y seguridad de cada una de las dependencias de las oficinas centrales; 66 brigadistas de evacuaci\u00f3n de inmuebles; 68 de primer respondiente de primeros auxilios, y 66 contra incendios.<\/span><span data-ccp-props=\"{&quot;335559731&quot;:708}\">\u00a0<\/span><\/p>\n<p>&nbsp;<\/p>\n<div id=\"attachment_124358\" style=\"width: 732px\" class=\"wp-caption aligncenter\"><a href=\"https:\/\/www.uv.mx\/prensa\/files\/2022\/11\/171122-PAOLA-Curso-SUGIR-2.jpg\"><img loading=\"lazy\" decoding=\"async\" aria-describedby=\"caption-attachment-124358\" class=\"size-full wp-image-124358\" src=\"https:\/\/www.uv.mx\/prensa\/files\/2022\/11\/171122-PAOLA-Curso-SUGIR-2.jpg\" alt=\"\" width=\"722\" height=\"452\" srcset=\"https:\/\/www.uv.mx\/prensa\/files\/2022\/11\/171122-PAOLA-Curso-SUGIR-2.jpg 722w, https:\/\/www.uv.mx\/prensa\/files\/2022\/11\/171122-PAOLA-Curso-SUGIR-2-300x188.jpg 300w, https:\/\/www.uv.mx\/prensa\/files\/2022\/11\/171122-PAOLA-Curso-SUGIR-2-200x125.jpg 200w\" sizes=\"auto, (max-width: 722px) 100vw, 722px\" \/><\/a><p id=\"caption-attachment-124358\" class=\"wp-caption-text\">Armando Ra\u00fal Pastrana, de la Unidad de Organizaci\u00f3n y M\u00e9todos<\/p><\/div>\n<p>&nbsp;<\/p>\n<p><span data-contrast=\"auto\">Se decidi\u00f3 capacitar a los representantes porque son ellos quienes toman las decisiones ante situaciones de peligro, de ah\u00ed la importancia de que conozcan los procedimientos y protocolos de actuaci\u00f3n que se implementan en escenarios de bajo, mediano y alto riesgo, para tomar decisiones acertadas que lo minimicen.<\/span><span data-ccp-props=\"{&quot;335559731&quot;:708}\">\u00a0<\/span><\/p>\n<p><span data-contrast=\"auto\">Armando Ra\u00fal Pastrana \u00c1vila, de la Unidad de Organizaci\u00f3n y M\u00e9todos, dijo que el curso es muy oportuno porque siempre es conveniente conocer todas las medidas de prevenci\u00f3n que deben tener presentes los representantes de cada una de las dependencias.<\/span><span data-ccp-props=\"{&quot;335559731&quot;:708}\">\u00a0<\/span><\/p>\n<p><span data-contrast=\"auto\">\u201cFue magn\u00edfico por todos los conocimientos te\u00f3ricos y pr\u00e1cticos. Es necesario que estemos en constante capacitaci\u00f3n, para estar listos ante los posibles riesgos.\u201d<\/span><span data-ccp-props=\"{&quot;335559731&quot;:708}\">\u00a0<\/span><\/p>\n<p>&nbsp;<\/p>\n<div id=\"attachment_124359\" style=\"width: 732px\" class=\"wp-caption aligncenter\"><a href=\"https:\/\/www.uv.mx\/prensa\/files\/2022\/11\/171122-PAOLA-Curso-SUGIR-3.jpg\"><img loading=\"lazy\" decoding=\"async\" aria-describedby=\"caption-attachment-124359\" class=\"size-full wp-image-124359\" src=\"https:\/\/www.uv.mx\/prensa\/files\/2022\/11\/171122-PAOLA-Curso-SUGIR-3.jpg\" alt=\"\" width=\"722\" height=\"452\" srcset=\"https:\/\/www.uv.mx\/prensa\/files\/2022\/11\/171122-PAOLA-Curso-SUGIR-3.jpg 722w, https:\/\/www.uv.mx\/prensa\/files\/2022\/11\/171122-PAOLA-Curso-SUGIR-3-300x188.jpg 300w, https:\/\/www.uv.mx\/prensa\/files\/2022\/11\/171122-PAOLA-Curso-SUGIR-3-200x125.jpg 200w\" sizes=\"auto, (max-width: 722px) 100vw, 722px\" \/><\/a><p id=\"caption-attachment-124359\" class=\"wp-caption-text\">Edel L\u00f3pez, de la Direcci\u00f3n General del \u00c1rea Acad\u00e9mica de Humanidades<\/p><\/div>\n<p>&nbsp;<\/p>\n<p><span data-contrast=\"auto\">En tanto, Edel L\u00f3pez Ol\u00e1n, de la Direcci\u00f3n General del \u00c1rea Acad\u00e9mica de Humanidades, consider\u00f3 que es bueno recibir capacitaci\u00f3n, es parte de la cultura de la protecci\u00f3n civil, los mantiene alerta y atentos ante situaciones de riesgo, para velar por las personas que laboran en las oficinas.<\/span><span data-ccp-props=\"{&quot;335559731&quot;:708}\">\u00a0<\/span><\/p>\n<p><span data-contrast=\"auto\">\u201cMe parece muy bueno que la Universidad se interese en brindar estas actividades porque es fundamental para nosotros, como brigadistas, estar actualizados en la materia.\u201d<\/span><span data-ccp-props=\"{&quot;335559731&quot;:708}\">\u00a0<\/span><\/p>\n<p><span data-contrast=\"auto\">Recomend\u00f3 a las autoridades universitarias hacer extensivas estas actividades a los acad\u00e9micos y estudiantes, \u201cporque nunca sabemos cu\u00e1ndo se puede presentar una emergencia\u201d.<\/span><span data-ccp-props=\"{&quot;335559731&quot;:708}\">\u00a0<\/span><\/p>\n<p>&nbsp;<\/p>\n<div id=\"attachment_124360\" style=\"width: 732px\" class=\"wp-caption aligncenter\"><a href=\"https:\/\/www.uv.mx\/prensa\/files\/2022\/11\/171122-PAOLA-Curso-SUGIR-4.jpg\"><img loading=\"lazy\" decoding=\"async\" aria-describedby=\"caption-attachment-124360\" class=\"size-full wp-image-124360\" src=\"https:\/\/www.uv.mx\/prensa\/files\/2022\/11\/171122-PAOLA-Curso-SUGIR-4.jpg\" alt=\"\" width=\"722\" height=\"452\" srcset=\"https:\/\/www.uv.mx\/prensa\/files\/2022\/11\/171122-PAOLA-Curso-SUGIR-4.jpg 722w, https:\/\/www.uv.mx\/prensa\/files\/2022\/11\/171122-PAOLA-Curso-SUGIR-4-300x188.jpg 300w, https:\/\/www.uv.mx\/prensa\/files\/2022\/11\/171122-PAOLA-Curso-SUGIR-4-200x125.jpg 200w\" sizes=\"auto, (max-width: 722px) 100vw, 722px\" \/><\/a><p id=\"caption-attachment-124360\" class=\"wp-caption-text\">Los 56 representantes de protecci\u00f3n civil y seguridad tomaron el curso te\u00f3rico-pr\u00e1ctico<\/p><\/div>\n<p>&nbsp;<\/p>\n<p><span data-contrast=\"auto\">En cuanto al curso, Antero Borboa mencion\u00f3 que los temas abordados fueron: aspectos destacados de la normatividad aplicada a la prevenci\u00f3n y extinci\u00f3n de incendios; laboratorio del fuego; agentes oxidantes; comburentes; agentes reductores; clasificaci\u00f3n del fuego de acuerdo a la NOM-002-STPS y NFPA 10; m\u00e9todos de propagaci\u00f3n del fuego; m\u00e9todos de extinci\u00f3n de incendios; agentes extintores; extintores port\u00e1tiles, y pr\u00e1ctica del uso y manejo de extintores en simulador con fuego.<\/span><span data-ccp-props=\"{&quot;335559731&quot;:708}\">\u00a0<\/span><\/p>\n<p><span data-contrast=\"auto\">\u201cEl SUGIR tiene en las regiones una coordinaci\u00f3n con las que trabajaremos el pr\u00f3ximo a\u00f1o para llevar a cabo todas las capacitaciones en fase de prevenci\u00f3n\u201d, adelant\u00f3.<\/span><span data-ccp-props=\"{&quot;335559731&quot;:708}\">\u00a0<\/span><\/p>\n<p>&nbsp;<\/p>\n<div id=\"attachment_124361\" style=\"width: 732px\" class=\"wp-caption aligncenter\"><a href=\"https:\/\/www.uv.mx\/prensa\/files\/2022\/11\/171122-PAOLA-Curso-SUGIR-5.jpg\"><img loading=\"lazy\" decoding=\"async\" aria-describedby=\"caption-attachment-124361\" class=\"size-full wp-image-124361\" src=\"https:\/\/www.uv.mx\/prensa\/files\/2022\/11\/171122-PAOLA-Curso-SUGIR-5.jpg\" alt=\"\" width=\"722\" height=\"482\" srcset=\"https:\/\/www.uv.mx\/prensa\/files\/2022\/11\/171122-PAOLA-Curso-SUGIR-5.jpg 722w, https:\/\/www.uv.mx\/prensa\/files\/2022\/11\/171122-PAOLA-Curso-SUGIR-5-300x200.jpg 300w\" sizes=\"auto, (max-width: 722px) 100vw, 722px\" \/><\/a><p id=\"caption-attachment-124361\" class=\"wp-caption-text\">Personal del Heroico Cuerpo de Bomberos de Xalapa imparti\u00f3 el curso sobre el uso y manejo de extintores<\/p><\/div>\n<p>&nbsp;<\/p>\n<p><span data-contrast=\"auto\">Por \u00faltimo, dijo que el SUGIR se vincula con instancias federales, estatales y municipales. En la fase de prevenci\u00f3n est\u00e1 relacionada con la capacitaci\u00f3n, y en la fase de auxilio, se valora el incidente y se solicita el apoyo necesario.<\/span><span data-ccp-props=\"{&quot;335559731&quot;:708}\">\u00a0<\/span><\/p>\n","protected":false},"excerpt":{"rendered":"<p>Antero Borboa, director del SUGIR, dijo que la capacitaci\u00f3n fue dise\u00f1ada para los 56 representantes de todas las \u00e1reas de la Unidad Central de Rector\u00eda, porque son ellos quienes toman las decisiones ante situaciones de riesgo<\/p>\n","protected":false},"author":1809,"featured_media":124369,"comment_status":"closed","ping_status":"closed","sticky":false,"template":"","format":"standard","meta":{"footnotes":""},"categories":[47,1,61],"tags":[4164,8700],"class_list":["post-124356","post","type-post","status-publish","format-standard","has-post-thumbnail","hentry","category-eventos","category-general","category-banner","tag-paola-cortes-perez","tag-sistema-universitario-de-gestion-integral-del-riesgo-sugir"],"_links":{"self":[{"href":"https:\/\/www.uv.mx\/prensa\/wp-json\/wp\/v2\/posts\/124356","targetHints":{"allow":["GET"]}}],"collection":[{"href":"https:\/\/www.uv.mx\/prensa\/wp-json\/wp\/v2\/posts"}],"about":[{"href":"https:\/\/www.uv.mx\/prensa\/wp-json\/wp\/v2\/types\/post"}],"author":[{"embeddable":true,"href":"https:\/\/www.uv.mx\/prensa\/wp-json\/wp\/v2\/users\/1809"}],"replies":[{"embeddable":true,"href":"https:\/\/www.uv.mx\/prensa\/wp-json\/wp\/v2\/comments?post=124356"}],"version-history":[{"count":1,"href":"https:\/\/www.uv.mx\/prensa\/wp-json\/wp\/v2\/posts\/124356\/revisions"}],"predecessor-version":[{"id":124526,"href":"https:\/\/www.uv.mx\/prensa\/wp-json\/wp\/v2\/posts\/124356\/revisions\/124526"}],"wp:featuredmedia":[{"embeddable":true,"href":"https:\/\/www.uv.mx\/prensa\/wp-json\/wp\/v2\/media\/124369"}],"wp:attachment":[{"href":"https:\/\/www.uv.mx\/prensa\/wp-json\/wp\/v2\/media?parent=124356"}],"wp:term":[{"taxonomy":"category","embeddable":true,"href":"https:\/\/www.uv.mx\/prensa\/wp-json\/wp\/v2\/categories?post=124356"},{"taxonomy":"post_tag","embeddable":true,"href":"https:\/\/www.uv.mx\/prensa\/wp-json\/wp\/v2\/tags?post=124356"}],"curies":[{"name":"wp","href":"https:\/\/api.w.org\/{rel}","templated":true}]}}