{"id":123789,"date":"2022-11-12T08:00:04","date_gmt":"2022-11-12T14:00:04","guid":{"rendered":"https:\/\/www.uv.mx\/prensa\/?p=123789"},"modified":"2022-11-14T13:45:21","modified_gmt":"2022-11-14T19:45:21","slug":"facultad-de-fisica-realizo-9o-taller-de-materia-condensada-blanda","status":"publish","type":"post","link":"https:\/\/www.uv.mx\/prensa\/general\/facultad-de-fisica-realizo-9o-taller-de-materia-condensada-blanda\/","title":{"rendered":"Facultad de F\u00edsica realiz\u00f3 9\u00ba Taller de Materia Condensada Blanda"},"content":{"rendered":"<ul>\n<li><em><span class=\"TextRun SCXW15784551 BCX0\" lang=\"ES-MX\" xml:lang=\"ES-MX\" data-contrast=\"none\"><span class=\"NormalTextRun SCXW15784551 BCX0\">Se revisaron actividades <\/span><span class=\"NormalTextRun SCXW15784551 BCX0\">desarrolladas <\/span><span class=\"NormalTextRun SCXW15784551 BCX0\">durante el a\u00f1o en el Laboratorio de Materiales Blandos de la entidad universitaria<\/span><\/span><span class=\"EOP SCXW15784551 BCX0\" data-ccp-props=\"{&quot;201341983&quot;:0,&quot;335559739&quot;:0,&quot;335559740&quot;:240}\">\u00a0<\/span><\/em><\/li>\n<\/ul>\n<p>&nbsp;<\/p>\n<div id=\"attachment_123782\" style=\"width: 732px\" class=\"wp-caption aligncenter\"><a href=\"https:\/\/www.uv.mx\/prensa\/files\/2022\/11\/08112022-Couttolenc-9-Taller-de-Fisica-1.jpg\"><img aria-describedby=\"caption-attachment-123782\" decoding=\"async\" loading=\"lazy\" class=\"size-full wp-image-123782\" src=\"https:\/\/www.uv.mx\/prensa\/files\/2022\/11\/08112022-Couttolenc-9-Taller-de-Fisica-1.jpg\" alt=\"\" width=\"722\" height=\"456\" srcset=\"https:\/\/www.uv.mx\/prensa\/files\/2022\/11\/08112022-Couttolenc-9-Taller-de-Fisica-1.jpg 722w, https:\/\/www.uv.mx\/prensa\/files\/2022\/11\/08112022-Couttolenc-9-Taller-de-Fisica-1-300x189.jpg 300w, https:\/\/www.uv.mx\/prensa\/files\/2022\/11\/08112022-Couttolenc-9-Taller-de-Fisica-1-200x125.jpg 200w\" sizes=\"(max-width: 722px) 100vw, 722px\" \/><\/a><p id=\"caption-attachment-123782\" class=\"wp-caption-text\">Adri\u00e1n Huerta, acad\u00e9mico de la Facultad de F\u00edsica, habl\u00f3 del 9\u00ba Taller de Materia Condensada Blanda<\/p><\/div>\n<p>&nbsp;<\/p>\n<p><b><i><span data-contrast=\"none\">Jos\u00e9 Luis Couttolenc Soto<\/span><\/i><\/b><span data-ccp-props=\"{&quot;201341983&quot;:0,&quot;335559739&quot;:0,&quot;335559740&quot;:240}\">\u00a0<\/span><\/p>\n<p><b><i><span data-contrast=\"none\">Fotos: Omar Portilla Palacios y cortes\u00eda de Adri\u00e1n Huerta<\/span><\/i><\/b><span data-ccp-props=\"{&quot;201341983&quot;:0,&quot;335559739&quot;:0,&quot;335559740&quot;:240}\">\u00a0<\/span><\/p>\n<p><b><i><span data-contrast=\"none\">12\/11\/2022, Xalapa, Ver.- <\/span><\/i><\/b><span data-contrast=\"none\">Con la finalidad de revisar y evaluar las actividades realizadas durante el a\u00f1o<\/span> <span data-contrast=\"none\">en su Laboratorio de Materiales Blandos, la <a href=\"https:\/\/www.uv.mx\/ffia\/\" target=\"_blank\" rel=\"noopener\">Facultad de F\u00edsica<\/a> de la Universidad Veracruzana (UV) efectu\u00f3 el 9\u00ba Taller de Materia Condensada Blanda, inform\u00f3 Adri\u00e1n Huerta, responsable del laboratorio y coordinador del taller.<\/span><span data-ccp-props=\"{&quot;201341983&quot;:0,&quot;335559739&quot;:0,&quot;335559740&quot;:240}\">\u00a0<\/span><\/p>\n<p><span data-contrast=\"none\">El tambi\u00e9n Coordinador de la Academia de Fen\u00f3menos Colectivos, explic\u00f3 que durante estas actividades se planean y articulan los trabajos de investigaci\u00f3n, docencia y divulgaci\u00f3n, contando con la participaci\u00f3n de investigadores de la UV y la colaboraci\u00f3n de otros, tanto nacionales como internacionales, que en esta ocasi\u00f3n lo hicieron a trav\u00e9s del aula h\u00edbrida de la Facultad.<\/span><span data-ccp-props=\"{&quot;201341983&quot;:0,&quot;335559739&quot;:0,&quot;335559740&quot;:240}\">\u00a0<\/span><\/p>\n<p>&nbsp;<\/p>\n<div id=\"attachment_123781\" style=\"width: 732px\" class=\"wp-caption aligncenter\"><a href=\"https:\/\/www.uv.mx\/prensa\/files\/2022\/11\/08112022-Couttolenc-9-Taller-de-Fisica-2.jpg\"><img aria-describedby=\"caption-attachment-123781\" decoding=\"async\" loading=\"lazy\" class=\"size-full wp-image-123781\" src=\"https:\/\/www.uv.mx\/prensa\/files\/2022\/11\/08112022-Couttolenc-9-Taller-de-Fisica-2.jpg\" alt=\"\" width=\"722\" height=\"542\" srcset=\"https:\/\/www.uv.mx\/prensa\/files\/2022\/11\/08112022-Couttolenc-9-Taller-de-Fisica-2.jpg 722w, https:\/\/www.uv.mx\/prensa\/files\/2022\/11\/08112022-Couttolenc-9-Taller-de-Fisica-2-300x225.jpg 300w\" sizes=\"(max-width: 722px) 100vw, 722px\" \/><\/a><p id=\"caption-attachment-123781\" class=\"wp-caption-text\">En talleres que realiza la Facultad de F\u00edsica, se proponen actividades para servicio social o temas de tesis de licenciatura y posgrado<\/p><\/div>\n<p>&nbsp;<\/p>\n<p><span data-contrast=\"none\">El taller se realiz\u00f3 del 26 al 29 de octubre en el marco de la celebraci\u00f3n del 60 aniversario de la Facultad de F\u00edsica. A diferencia de otras ediciones, en esta ocasi\u00f3n no se presentaron trabajos terminados sino aquellos que pueden extenderse o se encuentran en desarrollo; se dieron a conocer tambi\u00e9n estudios, temas y l\u00edneas de investigaci\u00f3n, as\u00ed como proyectos e intereses a futuro, poniendo \u00e9nfasis en los puntos de colaboraci\u00f3n.<\/span><span data-ccp-props=\"{&quot;201341983&quot;:0,&quot;335559739&quot;:0,&quot;335559740&quot;:240}\">\u00a0<\/span><\/p>\n<p><span data-contrast=\"none\">Adri\u00e1n Huerta indic\u00f3 tambi\u00e9n que en los talleres se proponen actividades susceptibles de desarrollarse, ya sea para que los estudiantes realicen su servicio social y\/o trabajen temas de tesis de licenciatura o posgrado, que pueden hacer de manera experimental, mediante simulaciones por computadora, o a trav\u00e9s de la aplicaci\u00f3n de modelos y teor\u00edas.<\/span><span data-ccp-props=\"{&quot;201341983&quot;:0,&quot;335559739&quot;:0,&quot;335559740&quot;:240}\">\u00a0<\/span><\/p>\n<p>&nbsp;<\/p>\n<div id=\"attachment_123780\" style=\"width: 732px\" class=\"wp-caption aligncenter\"><a href=\"https:\/\/www.uv.mx\/prensa\/files\/2022\/11\/08112022-Couttolenc-9-Taller-de-Fisica-3.jpg\"><img aria-describedby=\"caption-attachment-123780\" decoding=\"async\" loading=\"lazy\" class=\"size-full wp-image-123780\" src=\"https:\/\/www.uv.mx\/prensa\/files\/2022\/11\/08112022-Couttolenc-9-Taller-de-Fisica-3.jpg\" alt=\"\" width=\"722\" height=\"542\" srcset=\"https:\/\/www.uv.mx\/prensa\/files\/2022\/11\/08112022-Couttolenc-9-Taller-de-Fisica-3.jpg 722w, https:\/\/www.uv.mx\/prensa\/files\/2022\/11\/08112022-Couttolenc-9-Taller-de-Fisica-3-300x225.jpg 300w\" sizes=\"(max-width: 722px) 100vw, 722px\" \/><\/a><p id=\"caption-attachment-123780\" class=\"wp-caption-text\">Alumnos presentaron trabajos que pueden extenderse o se encuentran en desarrollo<\/p><\/div>\n<p>&nbsp;<\/p>\n<p><span data-contrast=\"none\">Por otra parte, destac\u00f3 que este a\u00f1o se tuvo la significativa participaci\u00f3n de ponentes de la talla de Gerardo Garc\u00eda Naumis, investigador del Instituto de F\u00edsica de la Universidad Nacional Aut\u00f3noma de M\u00e9xico (UNAM); Andrij Trokhymchuk, del Instituto de la Materia Condensada de la Academia Nacional de Ciencias de Ucrania, as\u00ed como de la Facultad de F\u00edsica.<\/span><span data-ccp-props=\"{&quot;201341983&quot;:0,&quot;335559739&quot;:0,&quot;335559740&quot;:240}\">\u00a0<\/span><\/p>\n","protected":false},"excerpt":{"rendered":"<p>El taller se efect\u00faa anualmente, y en \u00e9l se planean y articulan acciones de investigaci\u00f3n, docencia y divulgaci\u00f3n<\/p>\n","protected":false},"author":1809,"featured_media":123781,"comment_status":"closed","ping_status":"closed","sticky":false,"template":"","format":"standard","meta":[],"categories":[45,47,1],"tags":[9248,9249,177,178,4162],"_links":{"self":[{"href":"https:\/\/www.uv.mx\/prensa\/wp-json\/wp\/v2\/posts\/123789"}],"collection":[{"href":"https:\/\/www.uv.mx\/prensa\/wp-json\/wp\/v2\/posts"}],"about":[{"href":"https:\/\/www.uv.mx\/prensa\/wp-json\/wp\/v2\/types\/post"}],"author":[{"embeddable":true,"href":"https:\/\/www.uv.mx\/prensa\/wp-json\/wp\/v2\/users\/1809"}],"replies":[{"embeddable":true,"href":"https:\/\/www.uv.mx\/prensa\/wp-json\/wp\/v2\/comments?post=123789"}],"version-history":[{"count":1,"href":"https:\/\/www.uv.mx\/prensa\/wp-json\/wp\/v2\/posts\/123789\/revisions"}],"predecessor-version":[{"id":124096,"href":"https:\/\/www.uv.mx\/prensa\/wp-json\/wp\/v2\/posts\/123789\/revisions\/124096"}],"wp:featuredmedia":[{"embeddable":true,"href":"https:\/\/www.uv.mx\/prensa\/wp-json\/wp\/v2\/media\/123781"}],"wp:attachment":[{"href":"https:\/\/www.uv.mx\/prensa\/wp-json\/wp\/v2\/media?parent=123789"}],"wp:term":[{"taxonomy":"category","embeddable":true,"href":"https:\/\/www.uv.mx\/prensa\/wp-json\/wp\/v2\/categories?post=123789"},{"taxonomy":"post_tag","embeddable":true,"href":"https:\/\/www.uv.mx\/prensa\/wp-json\/wp\/v2\/tags?post=123789"}],"curies":[{"name":"wp","href":"https:\/\/api.w.org\/{rel}","templated":true}]}}