{"id":123776,"date":"2022-11-08T13:41:56","date_gmt":"2022-11-08T19:41:56","guid":{"rendered":"https:\/\/www.uv.mx\/prensa\/?p=123776"},"modified":"2022-11-08T14:34:47","modified_gmt":"2022-11-08T20:34:47","slug":"autoridades-de-universidad-serbia-visitaron-uv","status":"publish","type":"post","link":"https:\/\/www.uv.mx\/prensa\/general\/autoridades-de-universidad-serbia-visitaron-uv\/","title":{"rendered":"Autoridades de universidad serbia visitaron UV\u00a0"},"content":{"rendered":"<ul>\n<li data-leveltext=\"\uf0b7\" data-font=\"Symbol\" data-listid=\"1\" data-list-defn-props=\"{&quot;335552541&quot;:1,&quot;335559684&quot;:-2,&quot;335559685&quot;:720,&quot;335559991&quot;:360,&quot;469769226&quot;:&quot;Symbol&quot;,&quot;469769242&quot;:[8226],&quot;469777803&quot;:&quot;left&quot;,&quot;469777804&quot;:&quot;\uf0b7&quot;,&quot;469777815&quot;:&quot;hybridMultilevel&quot;}\" data-aria-posinset=\"1\" data-aria-level=\"1\"><i><span data-contrast=\"auto\">La vicerrectora de Relaciones Internacionales y la titular de la Oficina de Relaciones de la Universidad de Novi Sad conocieron la estructura acad\u00e9mica para generar colaboraciones futuras<\/span><\/i><span data-ccp-props=\"{}\">\u00a0<\/span><\/li>\n<li data-leveltext=\"\uf0b7\" data-font=\"Symbol\" data-listid=\"1\" data-list-defn-props=\"{&quot;335552541&quot;:1,&quot;335559684&quot;:-2,&quot;335559685&quot;:720,&quot;335559991&quot;:360,&quot;469769226&quot;:&quot;Symbol&quot;,&quot;469769242&quot;:[8226],&quot;469777803&quot;:&quot;left&quot;,&quot;469777804&quot;:&quot;\uf0b7&quot;,&quot;469777815&quot;:&quot;hybridMultilevel&quot;}\" data-aria-posinset=\"2\" data-aria-level=\"1\"><i><span data-contrast=\"auto\">La Universidad Veracruzana es la primera instituci\u00f3n de educaci\u00f3n superior (IES) de Am\u00e9rica con la que tienen colaboraci\u00f3n en programa Erasmus +<\/span><\/i><span data-ccp-props=\"{}\">\u00a0<\/span><\/li>\n<\/ul>\n<p><span data-ccp-props=\"{}\">\u00a0<\/span><\/p>\n<div id=\"attachment_123779\" style=\"width: 732px\" class=\"wp-caption aligncenter\"><img aria-describedby=\"caption-attachment-123779\" decoding=\"async\" loading=\"lazy\" class=\"size-full wp-image-123779\" src=\"https:\/\/www.uv.mx\/prensa\/files\/2022\/11\/071122-PAOLA-Entrevistas-Universidad-de-Novi-Sad-1.jpg\" alt=\"\" width=\"722\" height=\"463\" srcset=\"https:\/\/www.uv.mx\/prensa\/files\/2022\/11\/071122-PAOLA-Entrevistas-Universidad-de-Novi-Sad-1.jpg 722w, https:\/\/www.uv.mx\/prensa\/files\/2022\/11\/071122-PAOLA-Entrevistas-Universidad-de-Novi-Sad-1-300x192.jpg 300w\" sizes=\"(max-width: 722px) 100vw, 722px\" \/><p id=\"caption-attachment-123779\" class=\"wp-caption-text\">Sabina Halupka-Re\u0161etar e Ivana Vujkov, de la Universidad de Novi Sad, Serbia<\/p><\/div>\n<p>&nbsp;<\/p>\n<p><b><i><span data-contrast=\"auto\">Paola Cort\u00e9s P\u00e9rez<\/span><\/i><\/b><span data-ccp-props=\"{}\">\u00a0<\/span><\/p>\n<p><b><i><span data-contrast=\"auto\">Fotos: Omar Portilla Palacios y cortes\u00eda DGRI<\/span><\/i><\/b><span data-ccp-props=\"{}\">\u00a0<\/span><\/p>\n<p><b><i><span data-contrast=\"auto\">08\/11\/2022, Xalapa, Ver.-<\/span><\/i><\/b><span data-contrast=\"auto\"> Funcionarias de la Universidad de Novi Sad (UNS), Serbia, estuvieron de visita en la <a href=\"https:\/\/www.uv.mx\/\" target=\"_blank\" rel=\"noopener\">Universidad Veracruzana<\/a> (UV) a fin de conocer su estructura acad\u00e9mica y, a partir de ella generar, colaboraciones futuras.<\/span><span data-ccp-props=\"{}\">\u00a0<\/span><\/p>\n<p><span data-contrast=\"auto\">La visita de Sabina Halupka-Re\u0161etar e Ivana Vujkov, vicerrectora de Relaciones Internacionales y jefa de la Oficina de Relaciones Internacionales de la UNS, respectivamente, se dio en el marco del programa <\/span><i><span data-contrast=\"auto\">Erasmus Plus<\/span><\/i><span data-contrast=\"auto\"> (<\/span><i><span data-contrast=\"auto\">Erasmus +<\/span><\/i><span data-contrast=\"auto\">), impulsado por la Uni\u00f3n Europea para apoyar la educaci\u00f3n, la formaci<\/span><span data-contrast=\"auto\">\u00f3n, la juventud y el deporte<\/span><span data-contrast=\"auto\">.<\/span><span data-ccp-props=\"{&quot;335559731&quot;:708}\">\u00a0<\/span><\/p>\n<p><span data-contrast=\"auto\">Ivana Vujkov cont\u00f3 que ya exist\u00eda un trabajo colaborativo \u2013de m\u00e1s de cuatro a\u00f1os\u2013 entre una profesora de la Facultad de Filosof\u00eda de la UNS y un acad\u00e9mico de la UV. \u201cAl saber los buenos resultados obtenidos, decidimos pasar de una colaboraci\u00f3n individual a una institucional\u201d.<\/span><span data-ccp-props=\"{&quot;335559731&quot;:708}\">\u00a0<\/span><\/p>\n<p><span data-contrast=\"auto\">Sabina Halupka-Re\u0161etar coment\u00f3 que la UV es la primera instituci\u00f3n de educaci\u00f3n superior (IES) de Am\u00e9rica con la que tienen colaboraci\u00f3n transatl\u00e1ntica en el contexto del programa <\/span><i><span data-contrast=\"auto\">Erasmus +<\/span><\/i><span data-contrast=\"auto\">. La visita fue de siete d\u00edas, periodo en el que conocieron el funcionamiento del \u00e1rea de relaciones internacionales.<\/span><span data-ccp-props=\"{&quot;335559731&quot;:708}\">\u00a0<\/span><\/p>\n<p><span data-contrast=\"auto\">\u201cComenzamos justamente con la disciplina de filosof\u00eda, en el \u00c1rea de Humanidades, sin embargo, con esta visita observamos que hay muchas posibilidades en ciencias de la salud, idiomas y extender la colaboraci\u00f3n acad\u00e9mica a otras \u00e1reas del conocimiento\u201d, se\u00f1al\u00f3 Ivana Vujkov.<\/span><span data-ccp-props=\"{&quot;335559731&quot;:708}\">\u00a0<\/span><\/p>\n<p><span data-contrast=\"auto\">Al abordar el intercambio estudiantil y acad\u00e9mico, dijo que ya existe un convenio de colaboraci\u00f3n bilateral que ofrece la oportunidad de realizar movilidad, pero el financiamiento sigue siendo el impedimento. Por ello, esta primera acci\u00f3n de colaboraci\u00f3n puede ayudar a considerar nuevas fuentes adicionales para que estudiantes y acad\u00e9micos participen en estancias.<\/span><span data-ccp-props=\"{&quot;335559731&quot;:708}\">\u00a0<\/span><\/p>\n<p><span data-contrast=\"auto\">Sabina Halupka-Re\u0161etar apunt\u00f3: \u201cYa se realiz\u00f3 un primer intercambio con acad\u00e9micos de la UV y de la UNS. El pr\u00f3ximo semestre un estudiante de doctorado de nuestra universidad har\u00e1 una estancia de tres meses en el \u00e1rea de literatura\u201d.<\/span><span data-ccp-props=\"{&quot;335559731&quot;:708}\">\u00a0<\/span><\/p>\n<p><span data-contrast=\"auto\">\u201cUn profesor y su esposa de origen serbio, provenientes de la UNS, tienen m\u00e1s de 20 a\u00f1os radicando en M\u00e9xico y trabajan en la UV en el \u00c1rea de Artes, son un v\u00ednculo extraoficial y fomentan la colaboraci\u00f3n entre las instituciones\u201d, agreg\u00f3 Ivana Vujkov.<\/span><span data-ccp-props=\"{&quot;335559731&quot;:708}\">\u00a0<\/span><\/p>\n<p>&nbsp;<\/p>\n<div id=\"attachment_123778\" style=\"width: 732px\" class=\"wp-caption aligncenter\"><img aria-describedby=\"caption-attachment-123778\" decoding=\"async\" loading=\"lazy\" class=\"size-full wp-image-123778\" src=\"https:\/\/www.uv.mx\/prensa\/files\/2022\/11\/071122-PAOLA-Entrevistas-Universidad-de-Novi-Sad-2.jpg\" alt=\"\" width=\"722\" height=\"542\" srcset=\"https:\/\/www.uv.mx\/prensa\/files\/2022\/11\/071122-PAOLA-Entrevistas-Universidad-de-Novi-Sad-2.jpg 722w, https:\/\/www.uv.mx\/prensa\/files\/2022\/11\/071122-PAOLA-Entrevistas-Universidad-de-Novi-Sad-2-300x225.jpg 300w\" sizes=\"(max-width: 722px) 100vw, 722px\" \/><p id=\"caption-attachment-123778\" class=\"wp-caption-text\">Durante siete d\u00edas estuvieron de visita en la UV para ampliar la colaboraci\u00f3n<\/p><\/div>\n<p><span data-ccp-props=\"{}\">\u00a0<\/span><\/p>\n<p><b><span data-contrast=\"auto\">Internacionalizaci\u00f3n en las universidades<\/span><\/b><span data-ccp-props=\"{}\">\u00a0<\/span><\/p>\n<p><span data-contrast=\"auto\">En el siglo XXI la internacionalizaci\u00f3n es una necesidad para las IES del mundo y la Universidad de Novi Sad busca nuevas maneras de implementarla y ha encontrado en la UV pr\u00e1cticas de colaboraci\u00f3n internacional.<\/span><span data-ccp-props=\"{}\">\u00a0<\/span><\/p>\n<p><span data-contrast=\"auto\">\u201cConsideramos llevarlas a cabo en la instituci\u00f3n para fomentar la internacionalizaci\u00f3n del curr\u00edculo, que es uno de los principales intereses\u201d, adelant\u00f3 Sabina Halupka-Re\u0161etar.<\/span><span data-ccp-props=\"{&quot;335559731&quot;:708}\">\u00a0<\/span><\/p>\n<p><span data-contrast=\"auto\">Al respecto, Ivana Vujkov opin\u00f3 que el modelo de internacionalizaci\u00f3n que desean utilizar es aquel que est\u00e9 enfocado en la generaci\u00f3n de v\u00ednculos estrat\u00e9gicos a nivel internacional. Por ello, docentes de la universidad serbia laboran en instituciones fuera de Europa, \u201ces una oportunidad para expandirse\u201d.<\/span><span data-ccp-props=\"{&quot;335559731&quot;:708}\">\u00a0<\/span><\/p>\n<p><span data-contrast=\"auto\">Despu\u00e9s de la visita, esperan que haya una mayor colaboraci\u00f3n y convertirse en embajadoras de la propuesta de trabajo con la UV en la instituci\u00f3n donde laboran.<\/span><span data-ccp-props=\"{&quot;335559731&quot;:708}\">\u00a0<\/span><\/p>\n<p><span data-contrast=\"auto\">\u201cNos interesa que estudiantes y personal de la Universidad Veracruzana visiten Serbia, para corresponder la bienvenida y el trabajo realizado durante su estancia. (As\u00ed como) agradecer a todos los colegas de la UV para que la visita fuera fruct\u00edfera\u201d, finaliz\u00f3 Sabina Halupka-Re\u0161etar.<\/span><span data-ccp-props=\"{&quot;335559731&quot;:708}\">\u00a0<\/span><\/p>\n<p><span data-ccp-props=\"{}\">\u00a0<\/span><\/p>\n<div id=\"attachment_123777\" style=\"width: 732px\" class=\"wp-caption aligncenter\"><img aria-describedby=\"caption-attachment-123777\" decoding=\"async\" loading=\"lazy\" class=\"size-full wp-image-123777\" src=\"https:\/\/www.uv.mx\/prensa\/files\/2022\/11\/071122-PAOLA-Entrevistas-Universidad-de-Novi-Sad-3.jpg\" alt=\"\" width=\"722\" height=\"542\" srcset=\"https:\/\/www.uv.mx\/prensa\/files\/2022\/11\/071122-PAOLA-Entrevistas-Universidad-de-Novi-Sad-3.jpg 722w, https:\/\/www.uv.mx\/prensa\/files\/2022\/11\/071122-PAOLA-Entrevistas-Universidad-de-Novi-Sad-3-300x225.jpg 300w\" sizes=\"(max-width: 722px) 100vw, 722px\" \/><p id=\"caption-attachment-123777\" class=\"wp-caption-text\">Ivana Vujkov, Celia Cristina Contreras Asturias y Sabina Halupka-Re\u0161etar, durante su visita en la Escuela para Estudiantes Extranjeros<\/p><\/div>\n","protected":false},"excerpt":{"rendered":"<p>Sabina Halupka-Re\u0161etar e Ivana Vujkov realizaron una estancia en el marco del programa Erasmus +, para entablar colaboraciones acad\u00e9micas en diferentes \u00e1reas del conocimiento\u00a0<\/p>\n","protected":false},"author":1869,"featured_media":123787,"comment_status":"closed","ping_status":"closed","sticky":false,"template":"","format":"standard","meta":[],"categories":[1,8455,61],"tags":[246,9252,6462,4164,9251,7746,9250],"_links":{"self":[{"href":"https:\/\/www.uv.mx\/prensa\/wp-json\/wp\/v2\/posts\/123776"}],"collection":[{"href":"https:\/\/www.uv.mx\/prensa\/wp-json\/wp\/v2\/posts"}],"about":[{"href":"https:\/\/www.uv.mx\/prensa\/wp-json\/wp\/v2\/types\/post"}],"author":[{"embeddable":true,"href":"https:\/\/www.uv.mx\/prensa\/wp-json\/wp\/v2\/users\/1869"}],"replies":[{"embeddable":true,"href":"https:\/\/www.uv.mx\/prensa\/wp-json\/wp\/v2\/comments?post=123776"}],"version-history":[{"count":1,"href":"https:\/\/www.uv.mx\/prensa\/wp-json\/wp\/v2\/posts\/123776\/revisions"}],"predecessor-version":[{"id":123814,"href":"https:\/\/www.uv.mx\/prensa\/wp-json\/wp\/v2\/posts\/123776\/revisions\/123814"}],"wp:featuredmedia":[{"embeddable":true,"href":"https:\/\/www.uv.mx\/prensa\/wp-json\/wp\/v2\/media\/123787"}],"wp:attachment":[{"href":"https:\/\/www.uv.mx\/prensa\/wp-json\/wp\/v2\/media?parent=123776"}],"wp:term":[{"taxonomy":"category","embeddable":true,"href":"https:\/\/www.uv.mx\/prensa\/wp-json\/wp\/v2\/categories?post=123776"},{"taxonomy":"post_tag","embeddable":true,"href":"https:\/\/www.uv.mx\/prensa\/wp-json\/wp\/v2\/tags?post=123776"}],"curies":[{"name":"wp","href":"https:\/\/api.w.org\/{rel}","templated":true}]}}