{"id":123763,"date":"2022-11-07T20:11:06","date_gmt":"2022-11-08T02:11:06","guid":{"rendered":"https:\/\/www.uv.mx\/prensa\/?p=123763"},"modified":"2022-11-08T14:35:03","modified_gmt":"2022-11-08T20:35:03","slug":"uv-reconocio-y-celebro-a-sus-egresados","status":"publish","type":"post","link":"https:\/\/www.uv.mx\/prensa\/general\/uv-reconocio-y-celebro-a-sus-egresados\/","title":{"rendered":"UV reconoci\u00f3 y celebr\u00f3 a sus egresados"},"content":{"rendered":"<ul class=\"ul1\">\n<li class=\"li1\"><i>Adriana Luna L\u00f3pez<\/i> <i>Lobato, Yessica Hern\u00e1ndez Eliseo, Michelle Stefany Santiago Contreras y Tania Pacheco Ju\u00e1rez, fueron condecoradas con la Medalla al M\u00e9rito Estudiantil \u201cDr. Manuel Su\u00e1rez Trujillo\u201d<\/i><\/li>\n<li class=\"li1\"><i>En las regiones Coatzacoalcos-Minatitl\u00e1n, Orizaba-C\u00f3rdoba y Veracruz entregaron reconocimiento a los mejores promedios: Yelitza Lindaly Pe\u00f1a Cruz, Liliana Serv\u00edn Lance y Citlalli Garc\u00eda Uscanga, en ese orden<\/i><\/li>\n<\/ul>\n<p>&nbsp;<\/p>\n<div id=\"attachment_123764\" style=\"width: 732px\" class=\"wp-caption aligncenter\"><img aria-describedby=\"caption-attachment-123764\" decoding=\"async\" loading=\"lazy\" class=\"size-full wp-image-123764\" src=\"https:\/\/www.uv.mx\/prensa\/files\/2022\/11\/071122-Egresados-1-100k.jpg\" alt=\"Autoridades universitarias encabezaron la ceremonia de egresados del periodo febrero-julio 2022\" width=\"722\" height=\"482\" srcset=\"https:\/\/www.uv.mx\/prensa\/files\/2022\/11\/071122-Egresados-1-100k.jpg 722w, https:\/\/www.uv.mx\/prensa\/files\/2022\/11\/071122-Egresados-1-100k-300x200.jpg 300w\" sizes=\"(max-width: 722px) 100vw, 722px\" \/><p id=\"caption-attachment-123764\" class=\"wp-caption-text\">Autoridades universitarias encabezaron la ceremonia de egresados del periodo febrero-julio 2022<\/p><\/div>\n<p>&nbsp;<\/p>\n<p class=\"p1\"><b><i>Paola Cort\u00e9s P\u00e9rez y Carlos Hermida Rosales<\/i><\/b><\/p>\n<p class=\"p1\"><b><i>Fotos: C\u00e9sar Pisil y Luis Fernando Fern\u00e1ndez<\/i><\/b><\/p>\n<p class=\"p1\"><b><i>07\/11\/2022, Xalapa, Ver.-<\/i><\/b> La <a href=\"https:\/\/www.uv.mx\/\" target=\"_blank\" rel=\"noopener\">Universidad Veracruzana<\/a> (UV) reconoci\u00f3 y celebr\u00f3 a sus egresados de las cinco regiones universitarias, correspondientes al periodo escolar febrero-julio 2022, en ceremonia realizada en la Sala Tlaqn\u00e1, Centro Cultural, presidida por el rector Mart\u00edn Aguilar S\u00e1nchez.<\/p>\n<p class=\"p3\">En el evento estuvieron tambi\u00e9n las autoridades universitarias: Juan Ortiz Escamilla, secretario Acad\u00e9mico; Lizbeth Viveros Cancino, secretaria de Administraci\u00f3n y Finanzas, y Jaqueline Jongitud Zamora, secretaria de Desarrollo Institucional.<\/p>\n<p class=\"p3\">A trav\u00e9s del sistema de videoconferencias y la plataforma <i>Zoom<\/i>, atendieron los egresados y vicerrectores de las regiones Coatzacoalcos-Minatitl\u00e1n, Orizaba-C\u00f3rdoba, Poza Rica-Tuxpan y Veracruz: Georgina Hern\u00e1ndez R\u00edos, Mario Roberto Bernab\u00e9 Guapillo Vargas, Liliana Cuervo L\u00f3pez y Rub\u00e9n Edel Navarro, respectivamente.<\/p>\n<p class=\"p3\">Mart\u00edn Aguilar declar\u00f3 que el verdadero estudio es exhaustivo, pero tambi\u00e9n apasionado y serio, y concluir satisfactoriamente un Programa Educativo (PE) no debe entenderse como el anuncio de una clausura, sino el descubrimiento de nuevos territorios para la actividad acad\u00e9mica.<\/p>\n<div id=\"attachment_123765\" style=\"width: 732px\" class=\"wp-caption aligncenter\"><img aria-describedby=\"caption-attachment-123765\" decoding=\"async\" loading=\"lazy\" class=\"size-full wp-image-123765\" src=\"https:\/\/www.uv.mx\/prensa\/files\/2022\/11\/071122-Egresados-2-100k.jpg\" alt=\"Mart\u00edn Aguilar expres\u00f3 que la Universidad reconoce el trabajo, ah\u00ednco y cuidado que cada uno de los egresados puso a su formaci\u00f3n\" width=\"722\" height=\"482\" srcset=\"https:\/\/www.uv.mx\/prensa\/files\/2022\/11\/071122-Egresados-2-100k.jpg 722w, https:\/\/www.uv.mx\/prensa\/files\/2022\/11\/071122-Egresados-2-100k-300x200.jpg 300w\" sizes=\"(max-width: 722px) 100vw, 722px\" \/><p id=\"caption-attachment-123765\" class=\"wp-caption-text\">Mart\u00edn Aguilar expres\u00f3 que la Universidad reconoce el trabajo, ah\u00ednco y cuidado que cada uno de los egresados puso a su formaci\u00f3n<\/p><\/div>\n<p>&nbsp;<\/p>\n<p class=\"p3\">Asegur\u00f3 que la UV reconoce el trabajo, ah\u00ednco y cuidado que cada uno de los egresados puso en su formaci\u00f3n, en la que aprendieron una larga lista de nociones y una amplia serie de t\u00e9cnicas complejas.<\/p>\n<p class=\"p3\">Les anim\u00f3 a ser libres en relaci\u00f3n al entorno y sus exigencias, y explic\u00f3 que abrirse al saber cient\u00edfico, art\u00edstico y tecnol\u00f3gico, significa ser fieles al aut\u00e9ntico esp\u00edritu humanista dirigido a la inteligencia del mundo y la naturaleza, siempre dispuesto a apreciar todas las orientaciones de la realidad, as\u00ed como disciplinas ajenas a la propia.<\/p>\n<p class=\"p3\">A nombre de los egresados de todas las regiones, Tania Pacheco Ju\u00e1rez, de la Licenciatura en Trabajo Social de Poza Rica-Tuxpan, mencion\u00f3 que el paso por la UV fue una aventura apasionante, en la que existi\u00f3 inquietud por aprender \u2013de manera permanente\u2013, investigar e intercambiar experiencias.<\/p>\n<div id=\"attachment_123766\" style=\"width: 732px\" class=\"wp-caption aligncenter\"><img aria-describedby=\"caption-attachment-123766\" decoding=\"async\" loading=\"lazy\" class=\"size-full wp-image-123766\" src=\"https:\/\/www.uv.mx\/prensa\/files\/2022\/11\/071122-Egresados-3-100k.jpg\" alt=\"Tania Pacheco habl\u00f3 a nombre de los egresados y dijo que el paso por la UV fue una aventura apasionante\" width=\"722\" height=\"421\" srcset=\"https:\/\/www.uv.mx\/prensa\/files\/2022\/11\/071122-Egresados-3-100k.jpg 722w, https:\/\/www.uv.mx\/prensa\/files\/2022\/11\/071122-Egresados-3-100k-300x175.jpg 300w\" sizes=\"(max-width: 722px) 100vw, 722px\" \/><p id=\"caption-attachment-123766\" class=\"wp-caption-text\">Tania Pacheco habl\u00f3 a nombre de los egresados y dijo que el paso por la UV fue una aventura apasionante<\/p><\/div>\n<p>&nbsp;<\/p>\n<p class=\"p3\">\u201cTenemos el privilegio de concluir una carrera universitaria en una de las mejores universidades de M\u00e9xico, con amplio reconocimiento nacional e internacional. Ahora nos corresponde valorarnos como seres humanos y empoderarnos como j\u00f3venes agradecidos con la sociedad, reflexionar hacia d\u00f3nde vamos y por qu\u00e9 lo hacemos\u201d, enfatiz\u00f3.<\/p>\n<p class=\"p3\">Aunque el futuro es incierto, la egresada manifest\u00f3 que cada quien es protagonista de su destino y lo que logren ser\u00e1 con base en el esfuerzo, compromiso y pasi\u00f3n que impriman en sus acciones. Inst\u00f3 a sus compa\u00f1eros a llevar el lema de la UV tatuado en la piel: \u201cLis de Veracruz: Arte, Ciencia, Luz\u201d.<\/p>\n<p class=\"p1\"><b>Reconocimiento al aprovechamiento acad\u00e9mico<br \/>\n<\/b>En el mismo evento, el Rector entreg\u00f3 la Medalla al M\u00e9rito Estudiantil \u201cDr. Manuel Su\u00e1rez Trujillo\u201d. En la regi\u00f3n Xalapa fue para dos universitarias del Doctorado en Matem\u00e1ticas: Adriana Luna L\u00f3pez Lobato y Yessica Hern\u00e1ndez Eliseo.<\/p>\n<div id=\"attachment_123767\" style=\"width: 732px\" class=\"wp-caption aligncenter\"><img aria-describedby=\"caption-attachment-123767\" decoding=\"async\" loading=\"lazy\" class=\"size-full wp-image-123767\" src=\"https:\/\/www.uv.mx\/prensa\/files\/2022\/11\/071122-Egresados-4-100k.jpg\" alt=\"Adriana Luna L\u00f3pez, egresada del Doctorado en Matem\u00e1ticas, recibi\u00f3 la Medalla al M\u00e9rito Estudiantil \u201cDr. Manuel Su\u00e1rez Trujillo\u201d\" width=\"722\" height=\"482\" srcset=\"https:\/\/www.uv.mx\/prensa\/files\/2022\/11\/071122-Egresados-4-100k.jpg 722w, https:\/\/www.uv.mx\/prensa\/files\/2022\/11\/071122-Egresados-4-100k-300x200.jpg 300w\" sizes=\"(max-width: 722px) 100vw, 722px\" \/><p id=\"caption-attachment-123767\" class=\"wp-caption-text\">Adriana Luna L\u00f3pez, egresada del Doctorado en Matem\u00e1ticas, recibi\u00f3 la Medalla al M\u00e9rito Estudiantil \u201cDr. Manuel Su\u00e1rez Trujillo\u201d<\/p><\/div>\n<p>&nbsp;<\/p>\n<p class=\"p3\">En la regi\u00f3n Poza Rica-Tuxpan, fueron condecoradas con la misma distinci\u00f3n dos egresadas de la Licenciatura en Trabajo Social: Michelle Stefany Santiago Contreras y Tania Pacheco Ju\u00e1rez.<\/p>\n<p class=\"p3\">Cabe mencionar que esta medalla es el m\u00e1s alto reconocimiento que esta casa de estudios otorga a los egresados de un PE con promedio general de 10 o 100, en oportunidad de evaluaci\u00f3n ordinaria de primera inscripci\u00f3n.<\/p>\n<p class=\"p3\">De igual manera, en las regiones se entregaron reconocimientos a los mejores promedios: Yelitza Lindaly Pe\u00f1a Cruz, del PE de Trabajo Social, de Coatzacoalcos-Minatitl\u00e1n; Liliana Serv\u00edn Lance, del PE en Especializaci\u00f3n en Promoci\u00f3n de la Lectura, de Orizaba-C\u00f3rdoba, y Citlalli Garc\u00eda Uscanga, del PE de Ense\u00f1anza de las Artes, de Veracruz.<\/p>\n<div id=\"attachment_123768\" style=\"width: 732px\" class=\"wp-caption aligncenter\"><img aria-describedby=\"caption-attachment-123768\" decoding=\"async\" loading=\"lazy\" class=\"size-full wp-image-123768\" src=\"https:\/\/www.uv.mx\/prensa\/files\/2022\/11\/071122-Egresados-5-100k.jpg\" alt=\"Yessica Hern\u00e1ndez, egresada del Doctorado en Matem\u00e1ticas, recibi\u00f3 la Medalla al M\u00e9rito Estudiantil \u201cDr. Manuel Su\u00e1rez Trujillo\u201d\" width=\"722\" height=\"482\" srcset=\"https:\/\/www.uv.mx\/prensa\/files\/2022\/11\/071122-Egresados-5-100k.jpg 722w, https:\/\/www.uv.mx\/prensa\/files\/2022\/11\/071122-Egresados-5-100k-300x200.jpg 300w\" sizes=\"(max-width: 722px) 100vw, 722px\" \/><p id=\"caption-attachment-123768\" class=\"wp-caption-text\">Yessica Hern\u00e1ndez, egresada del Doctorado en Matem\u00e1ticas, recibi\u00f3 la Medalla al M\u00e9rito Estudiantil \u201cDr. Manuel Su\u00e1rez Trujillo\u201d<\/p><\/div>\n<p>&nbsp;<\/p>\n<p class=\"p3\">Previo a la evento protocolario, los egresados de los PE de licenciatura y maestr\u00eda de las seis \u00e1reas acad\u00e9micas se tomaron la fotograf\u00eda oficial en la parte exterior de Tlaqn\u00e1, Centro Cultural, y al t\u00e9rmino de la misma se dirigieron a cada uno de los <i>stands<\/i> que fueron colocados para la entrega de las constancias de estudios; adem\u00e1s recibieron informaci\u00f3n sobre los servicios de titulaci\u00f3n, certificaciones, bibliotecarios, idiomas, as\u00ed como del trabajo de vinculaci\u00f3n, Voluntariado UV y Fundaci\u00f3n UV.<\/p>\n<p class=\"p3\">Tambi\u00e9n asistieron los directores generales de las \u00e1reas acad\u00e9micas de Artes, Ciencias Biol\u00f3gicas y Agropecuarias, Ciencias de la Salud, Humanidades, Econ\u00f3mico-Administrativa y T\u00e9cnica: Beatriz S\u00e1nchez Zurita, Arturo Serrano Sol\u00eds, Arturo Aguilar Ye, Yolanda Gonz\u00e1lez Molohua, Jos\u00e9 Luis S\u00e1nchez Leyva y Luis Arturo V\u00e1zquez Honorato, en ese orden.<\/p>\n<p class=\"p3\">Asimismo, los directores generales de Desarrollo Acad\u00e9mico e Innovaci\u00f3n Educativa, de la UV-Intercultural, del Sistema de Ense\u00f1anza Abierta, de Investigaciones, de la Unidad de Estudios de Posgrado, de Administraci\u00f3n Escolar y el coordinador de Universitario de Atenci\u00f3n Estudiantil: Elizabeth Ocampo G\u00f3mez, Daniel Bello L\u00f3pez, M\u00f3nica Victoria Ruiz Balc\u00e1zar, Roberto Zenteno Cuevas, Edgar Gonz\u00e1lez Gaudiano, Juan Carlos Ortega Guerrero y Homero \u00c1vila Landa, respectivamente.<\/p>\n<div id=\"attachment_123769\" style=\"width: 732px\" class=\"wp-caption aligncenter\"><img aria-describedby=\"caption-attachment-123769\" decoding=\"async\" loading=\"lazy\" class=\"size-full wp-image-123769\" src=\"https:\/\/www.uv.mx\/prensa\/files\/2022\/11\/071122-Egresados-6-100k.jpg\" alt=\"La ceremonia cerr\u00f3 con la presentaci\u00f3n art\u00edstica del Mariachi Universitario\" width=\"722\" height=\"482\" srcset=\"https:\/\/www.uv.mx\/prensa\/files\/2022\/11\/071122-Egresados-6-100k.jpg 722w, https:\/\/www.uv.mx\/prensa\/files\/2022\/11\/071122-Egresados-6-100k-300x200.jpg 300w\" sizes=\"(max-width: 722px) 100vw, 722px\" \/><p id=\"caption-attachment-123769\" class=\"wp-caption-text\">La ceremonia cerr\u00f3 con la presentaci\u00f3n art\u00edstica del Mariachi Universitario<\/p><\/div>\n<p>&nbsp;<\/p>\n<p class=\"p3\">As\u00ed como directores de \u00e1reas administrativas, de institutos y facultades; profesores, familiares y amistades de los egresados.<\/p>\n<p class=\"p3\">El evento concluy\u00f3 con la toma de fotograf\u00eda de las autoridades universitarias con los egresados de todas las \u00e1reas acad\u00e9micas; posteriormente, el Mariachi Universitario ofreci\u00f3 un concierto de gala.<\/p>\n<div id=\"attachment_123770\" style=\"width: 732px\" class=\"wp-caption aligncenter\"><img aria-describedby=\"caption-attachment-123770\" decoding=\"async\" loading=\"lazy\" class=\"size-full wp-image-123770\" src=\"https:\/\/www.uv.mx\/prensa\/files\/2022\/11\/071122-Egresados-7-100k.jpg\" alt=\"Los egresados estuvieron acompa\u00f1ados por directores de facultades, profesores, familiares y amistades\" width=\"722\" height=\"482\" srcset=\"https:\/\/www.uv.mx\/prensa\/files\/2022\/11\/071122-Egresados-7-100k.jpg 722w, https:\/\/www.uv.mx\/prensa\/files\/2022\/11\/071122-Egresados-7-100k-300x200.jpg 300w\" sizes=\"(max-width: 722px) 100vw, 722px\" \/><p id=\"caption-attachment-123770\" class=\"wp-caption-text\">Los egresados estuvieron acompa\u00f1ados por directores de facultades, profesores, familiares y amistades<\/p><\/div>\n","protected":false},"excerpt":{"rendered":"<p>El verdadero estudio es exhaustivo, apasionado y serio; concluirlo satisfactoriamente debe entenderse como el descubrimiento de nuevos territorios para la actividad acad\u00e9mica, dijo el rector Mart\u00edn Aguilar<\/p>\n","protected":false},"author":1775,"featured_media":123771,"comment_status":"closed","ping_status":"closed","sticky":false,"template":"","format":"standard","meta":[],"categories":[47,1,61],"tags":[8911,681,8096,69,6592,2700,4164,507,2030,1296,2276,4847],"_links":{"self":[{"href":"https:\/\/www.uv.mx\/prensa\/wp-json\/wp\/v2\/posts\/123763"}],"collection":[{"href":"https:\/\/www.uv.mx\/prensa\/wp-json\/wp\/v2\/posts"}],"about":[{"href":"https:\/\/www.uv.mx\/prensa\/wp-json\/wp\/v2\/types\/post"}],"author":[{"embeddable":true,"href":"https:\/\/www.uv.mx\/prensa\/wp-json\/wp\/v2\/users\/1775"}],"replies":[{"embeddable":true,"href":"https:\/\/www.uv.mx\/prensa\/wp-json\/wp\/v2\/comments?post=123763"}],"version-history":[{"count":1,"href":"https:\/\/www.uv.mx\/prensa\/wp-json\/wp\/v2\/posts\/123763\/revisions"}],"predecessor-version":[{"id":123809,"href":"https:\/\/www.uv.mx\/prensa\/wp-json\/wp\/v2\/posts\/123763\/revisions\/123809"}],"wp:featuredmedia":[{"embeddable":true,"href":"https:\/\/www.uv.mx\/prensa\/wp-json\/wp\/v2\/media\/123771"}],"wp:attachment":[{"href":"https:\/\/www.uv.mx\/prensa\/wp-json\/wp\/v2\/media?parent=123763"}],"wp:term":[{"taxonomy":"category","embeddable":true,"href":"https:\/\/www.uv.mx\/prensa\/wp-json\/wp\/v2\/categories?post=123763"},{"taxonomy":"post_tag","embeddable":true,"href":"https:\/\/www.uv.mx\/prensa\/wp-json\/wp\/v2\/tags?post=123763"}],"curies":[{"name":"wp","href":"https:\/\/api.w.org\/{rel}","templated":true}]}}