{"id":123203,"date":"2022-10-26T10:06:00","date_gmt":"2022-10-26T15:06:00","guid":{"rendered":"https:\/\/www.uv.mx\/prensa\/?p=123203"},"modified":"2022-10-26T14:17:58","modified_gmt":"2022-10-26T19:17:58","slug":"641-millones-de-mujeres-en-el-mundo-sufren-violencia-domestica","status":"publish","type":"post","link":"https:\/\/www.uv.mx\/prensa\/banner\/641-millones-de-mujeres-en-el-mundo-sufren-violencia-domestica\/","title":{"rendered":"641 millones de mujeres en el mundo sufren violencia dom\u00e9stica"},"content":{"rendered":"<ul class=\"ul1\">\n<li class=\"li1\"><i>El fen\u00f3meno predomina a nivel transcultural, dijo Glorimari Jaime Rodr\u00edguez, puertorrique\u00f1a especialista en derechos humanos <\/i><\/li>\n<li class=\"li1\"><i>Particip\u00f3 en el Seminario Internacional de Educaci\u00f3n Continua en Derechos Humanos Emergentes 2022<\/i><\/li>\n<\/ul>\n<p>&nbsp;<\/p>\n<div id=\"attachment_123204\" style=\"width: 732px\" class=\"wp-caption aligncenter\"><img aria-describedby=\"caption-attachment-123204\" decoding=\"async\" loading=\"lazy\" class=\"size-full wp-image-123204\" src=\"https:\/\/www.uv.mx\/prensa\/files\/2022\/10\/251022-VIOLENCIA-DOMESTICA-1-100k.jpg\" alt=\"Glorimari Jaime Rodr\u00edguez, especialista en derechos humanos, procedente de Puerto Rico\" width=\"722\" height=\"482\" srcset=\"https:\/\/www.uv.mx\/prensa\/files\/2022\/10\/251022-VIOLENCIA-DOMESTICA-1-100k.jpg 722w, https:\/\/www.uv.mx\/prensa\/files\/2022\/10\/251022-VIOLENCIA-DOMESTICA-1-100k-300x200.jpg 300w\" sizes=\"(max-width: 722px) 100vw, 722px\" \/><p id=\"caption-attachment-123204\" class=\"wp-caption-text\">Glorimari Jaime Rodr\u00edguez, especialista en derechos humanos, procedente de Puerto Rico<\/p><\/div>\n<p>&nbsp;<\/p>\n<p class=\"p1\"><b><i>Claudia Peralta V\u00e1zquez<\/i><\/b><\/p>\n<p class=\"p1\"><b><i>Fotos: C\u00e9sar Pisil Ramos<\/i><\/b><\/p>\n<p class=\"p1\"><b><i>26\/10\/2022, Xalapa, Ver.- <\/i><\/b>La violencia dom\u00e9stica es un discrimen en contra de la mujer porque a nivel transcultural se ha probado que la cultura y tradici\u00f3n ocasionan que la v\u00edctima siempre termine y se mantenga en un lugar de abuso por parte del hombre, se\u00f1al\u00f3 Glorimari Jaime Rodr\u00edguez, presidenta municipal de Guayama, Puerto Rico, en su visita a la Universidad Veracruzana (UV).<\/p>\n<p class=\"p1\">En el auditorio del<a href=\"https:\/\/www.uv.mx\/iij\/\" target=\"_blank\" rel=\"noopener\"> Instituto de Investigaciones Jur\u00eddicas<\/a> (IIJ), la especialista en derechos humanos dict\u00f3 la conferencia \u201cViolencia dom\u00e9stica a nivel transcultural\u201d, dentro del Seminario Internacional de Educaci\u00f3n Continua en Derechos Humanos Emergentes 2022, que se realiza del 24 al 28 de octubre.<\/p>\n<p class=\"p1\">Dijo que la violencia dom\u00e9stica, fen\u00f3meno que afecta a 641 millones de mujeres en todo el mundo, es el acto de agresi\u00f3n f\u00edsica, emocional o sexual en contra de una pareja o persona que haya sostenido una relaci\u00f3n consensual \u00edntima, e incluye a los hijos o menores de edad que sean parte de la familia.<\/p>\n<p class=\"p1\">Lament\u00f3 que sea com\u00fan otorgar el perd\u00f3n al hombre por tener ese acto f\u00edsico, emocional o sexual, cuando a la mujer se le llega a juzgar por adulterio.<\/p>\n<p class=\"p3\">Dio a conocer que esta situaci\u00f3n no es particular de pa\u00edses de Am\u00e9rica Latina o el Caribe, tambi\u00e9n de Asia y Europa, donde se ha incrementado el abuso en contra de la mujer ejercido por su pareja.<\/p>\n<p class=\"p3\">\u201cLa cifra es alarmante, pues se habla de 641 millones de mujeres afectadas por este fen\u00f3meno, a pesar de que los datos sobre actos de violencia de g\u00e9nero son parciales debido a que muchas v\u00edctimas no denuncian por temor a la estigmatizaci\u00f3n.\u201d<\/p>\n<p class=\"p3\">Asimismo, las agresiones sexuales de personas que no son el c\u00f3nyuge o un compa\u00f1ero \u00edntimo, reportan el 6%.<\/p>\n<div id=\"attachment_123205\" style=\"width: 732px\" class=\"wp-caption aligncenter\"><img aria-describedby=\"caption-attachment-123205\" decoding=\"async\" loading=\"lazy\" class=\"size-full wp-image-123205\" src=\"https:\/\/www.uv.mx\/prensa\/files\/2022\/10\/251022-VIOLENCIA-DOMESTICA-2-100k.jpg\" alt=\"Previo a su ponencia, la presidenta municipal de Guayama, Puerto Rico, realiz\u00f3 una actividad sobre equidad de g\u00e9nero\" width=\"722\" height=\"482\" srcset=\"https:\/\/www.uv.mx\/prensa\/files\/2022\/10\/251022-VIOLENCIA-DOMESTICA-2-100k.jpg 722w, https:\/\/www.uv.mx\/prensa\/files\/2022\/10\/251022-VIOLENCIA-DOMESTICA-2-100k-300x200.jpg 300w\" sizes=\"(max-width: 722px) 100vw, 722px\" \/><p id=\"caption-attachment-123205\" class=\"wp-caption-text\">Previo a su ponencia, la presidenta municipal de Guayama, Puerto Rico, realiz\u00f3 una actividad sobre equidad de g\u00e9nero<\/p><\/div>\n<p>&nbsp;<\/p>\n<p class=\"p3\">A nivel mundial, dijo, se estima que la violencia dom\u00e9stica en contra de la mujer es m\u00e1s grande de lo que se puede imaginar, ya que los estudios realizados sobre el tema s\u00f3lo existen del a\u00f1o 2000 a 2018.<\/p>\n<p class=\"p3\">Lo anterior, sin incluir el impacto que la pandemia tuvo al impedir servicios de apoyo a las v\u00edctimas de violencia dom\u00e9stica y cualquier manifestaci\u00f3n en contra de la mujer.<\/p>\n<p class=\"p3\">Glorimari Jaime, quien tiene 20 a\u00f1os de experiencia en derechos humanos, coment\u00f3 que desde la d\u00e9cada de los ochenta se comenz\u00f3 a legislar respecto a este tema, pues se comprob\u00f3 que s\u00ed hab\u00eda un patr\u00f3n de abuso en contra de las mujeres, espec\u00edficamente en el matrimonio o relaciones de pareja.<\/p>\n<p class=\"p3\">Tambi\u00e9n, se ha visto que hay un tipo de discrimen en parejas del mismo sexo, en donde uno de los dos se comporta como si fuera una mujer, lo cual tiene una desventaja en contra de la figura paternalista del hombre.<\/p>\n<p class=\"p3\">\u201cEs lo que ha llevado a que por d\u00e9cadas las mujeres seamos discriminadas dentro de una relaci\u00f3n de pareja y es muy dif\u00edcil salir de ella pues se piensa que por amor se puede perdonar muchas veces.\u201d<\/p>\n<p class=\"p3\">Adem\u00e1s, si la persona agresiva no recibe la ayuda necesaria, ejercer\u00e1 un control y dominio sobre la otra. Desafortunadamente, el desenlace es la muerte en varios casos.<\/p>\n","protected":false},"excerpt":{"rendered":"<p>Se le considera un discrimen porque a nivel transcultural se ha probado que la cultura y tradici\u00f3n ocasionan que la v\u00edctima termine y se mantenga bajo el abuso por parte del hombre<\/p>\n","protected":false},"author":1775,"featured_media":123206,"comment_status":"closed","ping_status":"closed","sticky":false,"template":"","format":"standard","meta":[],"categories":[6301,61],"tags":[2496,6263,4163,591,1327,9044,9071,9073,9070,593,592,7265,9072,9074,4702,9069],"_links":{"self":[{"href":"https:\/\/www.uv.mx\/prensa\/wp-json\/wp\/v2\/posts\/123203"}],"collection":[{"href":"https:\/\/www.uv.mx\/prensa\/wp-json\/wp\/v2\/posts"}],"about":[{"href":"https:\/\/www.uv.mx\/prensa\/wp-json\/wp\/v2\/types\/post"}],"author":[{"embeddable":true,"href":"https:\/\/www.uv.mx\/prensa\/wp-json\/wp\/v2\/users\/1775"}],"replies":[{"embeddable":true,"href":"https:\/\/www.uv.mx\/prensa\/wp-json\/wp\/v2\/comments?post=123203"}],"version-history":[{"count":1,"href":"https:\/\/www.uv.mx\/prensa\/wp-json\/wp\/v2\/posts\/123203\/revisions"}],"predecessor-version":[{"id":123243,"href":"https:\/\/www.uv.mx\/prensa\/wp-json\/wp\/v2\/posts\/123203\/revisions\/123243"}],"wp:featuredmedia":[{"embeddable":true,"href":"https:\/\/www.uv.mx\/prensa\/wp-json\/wp\/v2\/media\/123206"}],"wp:attachment":[{"href":"https:\/\/www.uv.mx\/prensa\/wp-json\/wp\/v2\/media?parent=123203"}],"wp:term":[{"taxonomy":"category","embeddable":true,"href":"https:\/\/www.uv.mx\/prensa\/wp-json\/wp\/v2\/categories?post=123203"},{"taxonomy":"post_tag","embeddable":true,"href":"https:\/\/www.uv.mx\/prensa\/wp-json\/wp\/v2\/tags?post=123203"}],"curies":[{"name":"wp","href":"https:\/\/api.w.org\/{rel}","templated":true}]}}