{"id":1231,"date":"2015-07-09T14:39:27","date_gmt":"2015-07-09T19:39:27","guid":{"rendered":"https:\/\/www.uv.mx\/prensa\/?p=1231"},"modified":"2015-07-09T14:39:27","modified_gmt":"2015-07-09T19:39:27","slug":"estudiantes-de-la-uv-representaran-a-mexico-en-foro-de-ciencias","status":"publish","type":"post","link":"https:\/\/www.uv.mx\/prensa\/general\/estudiantes-de-la-uv-representaran-a-mexico-en-foro-de-ciencias\/","title":{"rendered":"Estudiantes de la UV representar\u00e1n a M\u00e9xico en foro de ciencias"},"content":{"rendered":"<ul>\n<li><em>Con producto de higiene de origen natural<\/em><\/li>\n<li><em>Participar\u00e1n en el Foro Internacional de Ciencia e Ingenier\u00eda Categor\u00eda Supra Nivel 2015, a celebrarse en Santiago de Chile<\/em><\/li>\n<li><em>Son de las licenciaturas en Gesti\u00f3n y Direcci\u00f3n de Negocios y Qu\u00edmica Farmac\u00e9utico Biol\u00f3gica<\/em><\/li>\n<\/ul>\n<p>&nbsp;<\/p>\n<p><strong><em>David Sandoval Rodr\u00edguez<\/em><\/strong><\/p>\n<p>&nbsp;<\/p>\n<p>Alumnos de las licenciaturas en Gesti\u00f3n y Direcci\u00f3n de Negocios y Qu\u00edmica Farmac\u00e9utico Biol\u00f3gica (QFB) de la Universidad Veracruzana (UV) representar\u00e1n a M\u00e9xico en el Foro Internacional de Ciencia e Ingenier\u00eda Categor\u00eda Supra Nivel 2015, a realizarse en agosto pr\u00f3ximo en Santiago de Chile. Los universitarios participar\u00e1n con un producto elaborado con especies nativas de plantas que tienen propiedades antibacteriales y cicatrizantes.<\/p>\n<p>Por tal motivo, las autoridades universitarias, encabezadas por Sara Ladr\u00f3n de Guevara, recibieron a los j\u00f3venes para conocer los detalles del proyecto \u201cEstudio de mercado y elaboraci\u00f3n de ung\u00fcento y jab\u00f3n medicinal a partir de tres plantas del estado de Veracruz\u201d y manifestarles el apoyo institucional previo al evento.<\/p>\n<p>Carlos Miguel Ca\u00f1edo Gonz\u00e1lez, alumno de Gesti\u00f3n y Direcci\u00f3n de Negocios y l\u00edder del equipo, explic\u00f3 que el proyecto surgi\u00f3 en la experiencia educativa (EE) Dise\u00f1o de Plan de Negocios donde quer\u00edan hacer un <em>shampoo<\/em>, ello les permiti\u00f3 acercarse al Grupo Lumo y al Centro Qu\u00edmico Biol\u00f3gico de Investigaci\u00f3n y Servicios (CQBIS) de la Facultad de QFB y desarrollar un proyecto ampliado que logr\u00f3 buenos resultados en las fases regional y nacional.<\/p>\n<p>A lo largo de dicho trayecto se sugiri\u00f3 la participaci\u00f3n en el evento ExpoCiencias Veracruz 2015 y posteriormente \u2013al haber obtenido derecho a participar\u2013 en ExpoCiencias Nacional 2015, celebrado en Nayarit y donde obtuvieron el pase al evento internacional.<\/p>\n<p>Esther Guadalupe Reyes L\u00f3pez, integrante del equipo y estudiante de d\u00e9cimo semestre de QFB, explic\u00f3 que en el CQBIS investigan los atributos de las plantas medicinales, de las cuales tienen un conocimiento tradicional heredado por familiares.<\/p>\n<p>\u201cDecidimos optar por plantas presentes en la cultura ind\u00edgena y elegimos el huich\u00edn, mozote blanco y la hierba del golpe; \u00e9stas tienen propiedades extraordinarias, pueden fungir como cicatrizantes y decidimos hacer un estudio m\u00e1s amplio. De ah\u00ed surgi\u00f3 la idea de elaborar un producto completo y decidimos vincularnos con la Licenciatura en Gesti\u00f3n y Direcci\u00f3n de Negocios porque tenemos un producto pero no sabemos c\u00f3mo comercializarlo.\u201d<\/p>\n<p>&nbsp;<\/p>\n<div id=\"attachment_1233\" style=\"width: 310px\" class=\"wp-caption aligncenter\"><a href=\"https:\/\/www.uv.mx\/prensa\/files\/2015\/07\/Internacional-interior.jpg\"><img loading=\"lazy\" decoding=\"async\" aria-describedby=\"caption-attachment-1233\" class=\"size-medium wp-image-1233\" src=\"https:\/\/www.uv.mx\/prensa\/files\/2015\/07\/Internacional-interior-300x199.jpg\" alt=\"La Rectora felicit\u00f3 a los integrantes del equipo que viajar\u00e1n a Chile.\" width=\"300\" height=\"199\" srcset=\"https:\/\/www.uv.mx\/prensa\/files\/2015\/07\/Internacional-interior-300x199.jpg 300w, https:\/\/www.uv.mx\/prensa\/files\/2015\/07\/Internacional-interior.jpg 800w\" sizes=\"auto, (max-width: 300px) 100vw, 300px\" \/><\/a><p id=\"caption-attachment-1233\" class=\"wp-caption-text\">La Rectora felicit\u00f3 a los integrantes del equipo que viajar\u00e1n a Chile.<\/p><\/div>\n<p>&nbsp;<\/p>\n<p>&nbsp;<\/p>\n<p>Gabriel Antonio Soto Ojeda, acad\u00e9mico de QFB, resalt\u00f3 que las plantas usadas no tienen un valor agregado y crecen de forma silvestre. \u201cLa idea surge del Programa Estrat\u00e9gico de Trabajo 2013-2017 \u2018Tradici\u00f3n e Innovaci\u00f3n\u2019 porque quer\u00edamos rescatar la informaci\u00f3n milenaria de la herbolaria con un toque de innovaci\u00f3n y de pertinencia social, ya que tenemos serios problemas de salud en nuestro estado y creo que con diferentes enfoques se puede dar soluci\u00f3n a estos problemas\u201d.<\/p>\n<p>Los integrantes del equipo que viajar\u00e1n a Chile son: Esther Guadalupe Reyes, Carlos Miguel Ca\u00f1edo y Arturo Ram\u00edrez Madrid, ambos de s\u00e9ptimo semestre de la Licenciatura en Gesti\u00f3n y Direcci\u00f3n de Negocios de la Facultad de Contadur\u00eda y Administraci\u00f3n.<\/p>\n<p>\u201cEn la ronda nacional nos enfrentamos con 450 equipos de todo el pa\u00eds y acreditamos para el Foro Internacional de Ciencia e Ingenier\u00eda Categor\u00eda Supra Nivel 2015, a realizarse en Santiago de Chile a finales de agosto. Nos llena de orgullo representar a Veracruz y a la UV a nivel nacional, y ahora representar a M\u00e9xico en un certamen internacional\u201d, manifest\u00f3 Carlos Miguel.<\/p>\n<p>Por su parte, la rectora Sara Ladr\u00f3n de Guevara destac\u00f3: \u201cSin lugar a dudas, lo que ustedes est\u00e1n haciendo es precisamente instituir una cultura de la internacionalizaci\u00f3n en la Universidad Veracruzana, lo hacen con su proyecto y porque al utilizar tres plantas nativas de nuestro estado est\u00e1n acrecentando el aprecio de la cultura local y regional, cultura milenaria que hizo de las plantas una verdadera fuente de sabidur\u00eda.<\/p>\n<p>\u201dEn segundo lugar, luego de su destacada participaci\u00f3n en ExpoCiencias Veracruz y ExpoCiencias Nacional, su proyecto se hizo merecedor de una acreditaci\u00f3n internacional que les permitir\u00e1 tener el honor de representar a la Universidad y a M\u00e9xico en el foro internacional.<\/p>\n<p>\u201dEn tercer lugar, porque con su participaci\u00f3n tendr\u00e1n la enorme e invaluable oportunidad de demostrarle al mundo un producto: un ung\u00fcento y un jab\u00f3n medicinal que, ni duda cabe, lleva el sello de \u2018Hecho en M\u00e9xico\u2019, adem\u00e1s de \u2018Hecho en la Universidad Veracruzana\u2019 que nos llena de orgullo y nos permite constatar que nuestra casa de estudios comienza a constituir una cultura de la internacionalizaci\u00f3n y del emprendedurismo.\u201d<\/p>\n<p>En la reuni\u00f3n se cont\u00f3 con la presencia de Leticia Rodr\u00edguez Audirac, secretaria Acad\u00e9mica; Liliana Betancourt Trevedhan, directora general del \u00c1rea Acad\u00e9mica Econ\u00f3mico-Administrativa; Rafael D\u00edaz Sobac, director general del \u00c1rea Acad\u00e9mica T\u00e9cnica; Patricia Arieta Melgarejo, directora de la Facultad de Contadur\u00eda y Administraci\u00f3n; Rub\u00e9n Gonz\u00e1lez Ben\u00edtez, secretario de la Facultad, y Carlos Arturo Bolio Iris, jefe de la carrera de Gesti\u00f3n y Direcci\u00f3n de Negocios.<\/p>\n","protected":false},"excerpt":{"rendered":"<p><strong><em>David Sandoval Rodr\u00edguez .- <\/em><\/strong>Alumnos de las licenciaturas en Gesti\u00f3n y Direcci\u00f3n de Negocios y Qu\u00edmica Farmac\u00e9utico Biol\u00f3gica (QFB) de la Universidad Veracruzana (UV) representar\u00e1n a M\u00e9xico en el Foro Internacional de Ciencia e Ingenier\u00eda Categor\u00eda Supra Nivel 2015, a realizarse en agosto pr\u00f3ximo en Santiago de Chile. Los universitarios participar\u00e1n con un producto elaborado con especies nativas de plantas que tienen propiedades antibacteriales y cicatrizantes.<\/p>\n","protected":false},"author":1810,"featured_media":1235,"comment_status":"closed","ping_status":"closed","sticky":false,"template":"","format":"standard","meta":{"footnotes":""},"categories":[1],"tags":[2],"class_list":["post-1231","post","type-post","status-publish","format-standard","has-post-thumbnail","hentry","category-general","tag-principal"],"_links":{"self":[{"href":"https:\/\/www.uv.mx\/prensa\/wp-json\/wp\/v2\/posts\/1231","targetHints":{"allow":["GET"]}}],"collection":[{"href":"https:\/\/www.uv.mx\/prensa\/wp-json\/wp\/v2\/posts"}],"about":[{"href":"https:\/\/www.uv.mx\/prensa\/wp-json\/wp\/v2\/types\/post"}],"author":[{"embeddable":true,"href":"https:\/\/www.uv.mx\/prensa\/wp-json\/wp\/v2\/users\/1810"}],"replies":[{"embeddable":true,"href":"https:\/\/www.uv.mx\/prensa\/wp-json\/wp\/v2\/comments?post=1231"}],"version-history":[{"count":0,"href":"https:\/\/www.uv.mx\/prensa\/wp-json\/wp\/v2\/posts\/1231\/revisions"}],"wp:featuredmedia":[{"embeddable":true,"href":"https:\/\/www.uv.mx\/prensa\/wp-json\/wp\/v2\/media\/1235"}],"wp:attachment":[{"href":"https:\/\/www.uv.mx\/prensa\/wp-json\/wp\/v2\/media?parent=1231"}],"wp:term":[{"taxonomy":"category","embeddable":true,"href":"https:\/\/www.uv.mx\/prensa\/wp-json\/wp\/v2\/categories?post=1231"},{"taxonomy":"post_tag","embeddable":true,"href":"https:\/\/www.uv.mx\/prensa\/wp-json\/wp\/v2\/tags?post=1231"}],"curies":[{"name":"wp","href":"https:\/\/api.w.org\/{rel}","templated":true}]}}