{"id":122003,"date":"2022-09-27T14:54:31","date_gmt":"2022-09-27T19:54:31","guid":{"rendered":"https:\/\/www.uv.mx\/prensa\/?p=122003"},"modified":"2022-09-28T13:45:55","modified_gmt":"2022-09-28T18:45:55","slug":"uv-e-indautor-promueven-la-proteccion-intelectual","status":"publish","type":"post","link":"https:\/\/www.uv.mx\/prensa\/general\/uv-e-indautor-promueven-la-proteccion-intelectual\/","title":{"rendered":"UV e <i>Indautor<\/i> promueven la protecci\u00f3n intelectual"},"content":{"rendered":"<ul>\n<li><em><span class=\"TextRun SCXW171819707 BCX0\" lang=\"ES-MX\" xml:lang=\"ES-MX\" data-contrast=\"none\"><span class=\"NormalTextRun SCXW171819707 BCX0\">El evento es organizado por la Oficina de Transferencia de Tecnolog\u00eda de la Direcci\u00f3n General de Vinculaci\u00f3n de esta casa de estudios<\/span><\/span><\/em><\/li>\n<\/ul>\n<p>&nbsp;<\/p>\n<div id=\"attachment_122001\" style=\"width: 732px\" class=\"wp-caption aligncenter\"><a href=\"https:\/\/www.uv.mx\/prensa\/files\/2022\/09\/27092022-KARINA-Norma-Zamora-1.jpg\"><img aria-describedby=\"caption-attachment-122001\" decoding=\"async\" loading=\"lazy\" class=\"size-full wp-image-122001\" src=\"https:\/\/www.uv.mx\/prensa\/files\/2022\/09\/27092022-KARINA-Norma-Zamora-1.jpg\" alt=\"\" width=\"722\" height=\"390\" srcset=\"https:\/\/www.uv.mx\/prensa\/files\/2022\/09\/27092022-KARINA-Norma-Zamora-1.jpg 722w, https:\/\/www.uv.mx\/prensa\/files\/2022\/09\/27092022-KARINA-Norma-Zamora-1-300x162.jpg 300w\" sizes=\"(max-width: 722px) 100vw, 722px\" \/><\/a><p id=\"caption-attachment-122001\" class=\"wp-caption-text\">El ciclo de conferencias se desarrolla en modalidad virtual<\/p><\/div>\n<p>&nbsp;<\/p>\n<p><b><i><span data-contrast=\"none\">Karina de la Paz Reyes D\u00edaz<\/span><\/i><\/b><span data-ccp-props=\"{&quot;134233279&quot;:true,&quot;201341983&quot;:0,&quot;335559739&quot;:0,&quot;335559740&quot;:240}\">\u00a0<\/span><\/p>\n<p><b><i><span data-contrast=\"none\">Fotos: Omar Portilla Palacios<\/span><\/i><\/b><span data-ccp-props=\"{&quot;134233279&quot;:true,&quot;201341983&quot;:0,&quot;335559739&quot;:0,&quot;335559740&quot;:240}\">\u00a0<\/span><\/p>\n<p><b><i><span data-contrast=\"none\">27\/09\/2022, Xalapa, Ver.- <\/span><\/i><\/b><span data-contrast=\"none\">La <a href=\"https:\/\/www.uv.mx\/\" target=\"_blank\" rel=\"noopener\">Universidad Veracruzana<\/a> (UV), a trav\u00e9s de la Oficina de Transferencia de Tecnolog\u00eda (OTT) de la Direcci\u00f3n General de Vinculaci\u00f3n (DGV), y el Instituto Nacional del Derecho de Autor (<\/span><i><span data-contrast=\"none\">Indautor<\/span><\/i><span data-contrast=\"none\">) desarrollan un ciclo de conferencias, en modalidad virtual, sobre la protecci\u00f3n intelectual y los derechos de autor.<\/span><span data-ccp-props=\"{&quot;134233279&quot;:true,&quot;201341983&quot;:0,&quot;335559739&quot;:0,&quot;335559740&quot;:240}\">\u00a0<\/span><\/p>\n<p><span data-contrast=\"none\">La primera conferencia tuvo lugar el 27 de septiembre, bajo el t\u00edtulo \u201cGeneralidades de los derechos de autor\u201d, y estuvo a cargo de Norma Zamora Rosas, jefa del Departamento de Nombres Art\u00edsticos, Personajes y Promociones Publicitarias del <\/span><i><span data-contrast=\"none\">Indautor<\/span><\/i><span data-contrast=\"none\">.<\/span><span data-ccp-props=\"{&quot;134233279&quot;:true,&quot;201341983&quot;:0,&quot;335559739&quot;:0,&quot;335559740&quot;:240}\">\u00a0<\/span><\/p>\n<p><span data-contrast=\"none\">Inicialmente, habl\u00f3 del marco jur\u00eddico \u2013la Ley Federal del Derecho de Autor (LFDA) y el reglamento de la misma\u2013 y lo que debemos entender por \u201cderecho de autor\u201d:<\/span><span data-ccp-props=\"{&quot;134233279&quot;:true,&quot;201341983&quot;:0,&quot;335559739&quot;:0,&quot;335559740&quot;:240}\">\u00a0<\/span><\/p>\n<p><span data-contrast=\"none\">\u201cReconocimiento que hace el Estado a favor de todo creador de obras literarias y art\u00edsticas, en virtud del cual otorga su protecci\u00f3n para que el autor goce de prerrogativas y privilegios exclusivos de car\u00e1cter personal y patrimonial.\u201d<\/span><span data-ccp-props=\"{&quot;134233279&quot;:true,&quot;201341983&quot;:0,&quot;335559739&quot;:0,&quot;335559740&quot;:240}\">\u00a0<\/span><\/p>\n<p><span data-contrast=\"none\">Entre las obras \u201cprotegibles\u201d enlist\u00f3: literaria; musical con o sin letra; dram\u00e1tica, danc\u00edstica, pict\u00f3rica o de dibujo, as\u00ed como escult\u00f3rica y de car\u00e1cter pl\u00e1stico; caricatura e historieta; arquitectura; cinematogr\u00e1fica y otras de car\u00e1cter audiovisual, programas de radio y televisi\u00f3n, as\u00ed como de c\u00f3mputo, fotograf\u00eda, por citar la mayor\u00eda.<\/span><span data-ccp-props=\"{&quot;134233279&quot;:true,&quot;201341983&quot;:0,&quot;335559739&quot;:0,&quot;335559740&quot;:240}\">\u00a0<\/span><\/p>\n<p>&nbsp;<\/p>\n<div id=\"attachment_122002\" style=\"width: 732px\" class=\"wp-caption aligncenter\"><a href=\"https:\/\/www.uv.mx\/prensa\/files\/2022\/09\/27092022-KARINA-Norma-Zamora-2.jpg\"><img aria-describedby=\"caption-attachment-122002\" decoding=\"async\" loading=\"lazy\" class=\"size-full wp-image-122002\" src=\"https:\/\/www.uv.mx\/prensa\/files\/2022\/09\/27092022-KARINA-Norma-Zamora-2.jpg\" alt=\"\" width=\"722\" height=\"393\" srcset=\"https:\/\/www.uv.mx\/prensa\/files\/2022\/09\/27092022-KARINA-Norma-Zamora-2.jpg 722w, https:\/\/www.uv.mx\/prensa\/files\/2022\/09\/27092022-KARINA-Norma-Zamora-2-300x163.jpg 300w\" sizes=\"(max-width: 722px) 100vw, 722px\" \/><\/a><p id=\"caption-attachment-122002\" class=\"wp-caption-text\">Norma Zamora Rosas, jefa del Departamento de Nombres Art\u00edsticos, Personajes y Promociones Publicitarias del <em>Indautor<\/em><\/p><\/div>\n<p>&nbsp;<\/p>\n<p><span data-contrast=\"none\">Adem\u00e1s, son \u201cprotegibles\u201d obras derivadas como: arreglos, compendios, ampliaciones, traducciones, adaptaciones, par\u00e1frasis, compilaciones y colecciones.<\/span><span data-ccp-props=\"{&quot;134233279&quot;:true,&quot;201341983&quot;:0,&quot;335559739&quot;:0,&quot;335559740&quot;:240}\">\u00a0<\/span><\/p>\n<p><span data-contrast=\"none\">Por el contrario, son excluyentes de protecci\u00f3n por el derecho de autor: ideas en s\u00ed mismas; f\u00f3rmulas, soluciones y conceptos; m\u00e9todos, sistemas, principios, descubrimientos, procesos e invenciones de cualquier tipo; aprovechamiento industrial o comercial (la puesta en marcha), as\u00ed como nombres, t\u00edtulos o frases aisladas.<\/span><span data-ccp-props=\"{&quot;134233279&quot;:true,&quot;201341983&quot;:0,&quot;335559739&quot;:0,&quot;335559740&quot;:240}\">\u00a0<\/span><\/p>\n<p><span data-contrast=\"auto\">Tanto la primera conferencia como la venidera pueden apreciarse a detalle en <\/span><a href=\"https:\/\/www.facebook.com\/SomosOTTUV\"><span data-contrast=\"none\">https:\/\/www.facebook.com\/SomosOTTUV<\/span><\/a><span data-contrast=\"auto\">. Si desea registrarse ingrese a: <\/span><a href=\"https:\/\/bit.ly\/PropiedadIntelectual2022\"><span data-contrast=\"none\">https:\/\/bit.ly\/PropiedadIntelectual2022<\/span><\/a><span data-ccp-props=\"{&quot;134233279&quot;:true,&quot;201341983&quot;:0,&quot;335559731&quot;:708,&quot;335559739&quot;:0,&quot;335559740&quot;:240}\">\u00a0<\/span><\/p>\n<p><span data-contrast=\"auto\">Esta actividad fue inaugurada por Seraf\u00edn Flores de la Cruz, titular de la DGV de la UV, y la coordin\u00f3 H\u00e9ctor Villanueva Lendechy, jefe de la OTT.<\/span><span data-ccp-props=\"{&quot;134233279&quot;:true,&quot;201341983&quot;:0,&quot;335559731&quot;:708,&quot;335559739&quot;:0,&quot;335559740&quot;:240}\">\u00a0<\/span><\/p>\n<p><span data-contrast=\"none\">Norma Zamora<\/span><span data-contrast=\"auto\"> explic\u00f3 que el derecho de autor est\u00e1 dividido en derecho moral y derecho patrimonial. Tambi\u00e9n, desglos\u00f3 a detalle temas como la vigencia del derecho patrimonial sobre las obras literarias y art\u00edsticas, misma que, con base en la LFDA, es durante \u201cla vida del autor y 100 a\u00f1os posteriores a la muerte del mismo\u201d.<\/span><span data-ccp-props=\"{&quot;134233279&quot;:true,&quot;201341983&quot;:0,&quot;335559731&quot;:708,&quot;335559739&quot;:0,&quot;335559740&quot;:240}\">\u00a0<\/span><\/p>\n<p><span data-contrast=\"auto\">La conferencista aclar\u00f3 que \u201cel derecho de autor no est\u00e1 ligado a la propiedad del objeto\u201d; es decir, \u201cel soporte material no me permite tener los derechos de explotaci\u00f3n para poder comercializar una obra; necesita, forzosamente, un contrato que ampare dicha protecci\u00f3n\u201d.<\/span><span data-ccp-props=\"{&quot;134233279&quot;:true,&quot;201341983&quot;:0,&quot;335559739&quot;:0,&quot;335559740&quot;:240}\">\u00a0<\/span><\/p>\n<p><span data-contrast=\"auto\">As\u00ed, un asunto es tener los derechos de autor de la <\/span><i><span data-contrast=\"auto\">Mona Lisa<\/span><\/i><span data-contrast=\"auto\">, de Leonardo da Vinci, por ejemplo, y otro, comercializar r\u00e9plicas de la misma.<\/span><span data-ccp-props=\"{&quot;134233279&quot;:true,&quot;201341983&quot;:0,&quot;335559739&quot;:0,&quot;335559740&quot;:240}\">\u00a0<\/span><\/p>\n<p><span data-contrast=\"auto\">Adem\u00e1s, mencion\u00f3 que las obras publicadas deben ostentar una leyenda para poder reconocer la existencia de derechos de autor; asimismo, habl\u00f3 en extenso sobre el plagio.<\/span><span data-ccp-props=\"{&quot;134233279&quot;:true,&quot;201341983&quot;:0,&quot;335559731&quot;:708,&quot;335559739&quot;:0,&quot;335559740&quot;:240}\">\u00a0<\/span><\/p>\n<p><span data-contrast=\"auto\">La pr\u00f3xima charla es el 11 de octubre a las 11:00 horas y versar\u00e1 sobre \u201cDerechos de autor en el entorno digital\u201d, tambi\u00e9n a cargo de <\/span><span data-contrast=\"none\">Norma Zamora Rosas.<\/span><span data-ccp-props=\"{&quot;134233279&quot;:true,&quot;201341983&quot;:0,&quot;335559739&quot;:0,&quot;335559740&quot;:240}\">\u00a0<\/span><\/p>\n<p><span data-ccp-props=\"{&quot;134233279&quot;:true,&quot;201341983&quot;:0,&quot;335559739&quot;:0,&quot;335559740&quot;:240}\">\u00a0<\/span><\/p>\n","protected":false},"excerpt":{"rendered":"<p>\u201cGeneralidades de los derechos de autor\u201d, fue el t\u00edtulo de la primera disertaci\u00f3n que comparti\u00f3 Norma Zamora Rosas, del <i>Indautor<\/i><\/p>\n","protected":false},"author":1809,"featured_media":0,"comment_status":"closed","ping_status":"closed","sticky":false,"template":"","format":"standard","meta":[],"categories":[47,1],"tags":[994,8790,4015,8791,2183],"_links":{"self":[{"href":"https:\/\/www.uv.mx\/prensa\/wp-json\/wp\/v2\/posts\/122003"}],"collection":[{"href":"https:\/\/www.uv.mx\/prensa\/wp-json\/wp\/v2\/posts"}],"about":[{"href":"https:\/\/www.uv.mx\/prensa\/wp-json\/wp\/v2\/types\/post"}],"author":[{"embeddable":true,"href":"https:\/\/www.uv.mx\/prensa\/wp-json\/wp\/v2\/users\/1809"}],"replies":[{"embeddable":true,"href":"https:\/\/www.uv.mx\/prensa\/wp-json\/wp\/v2\/comments?post=122003"}],"version-history":[{"count":1,"href":"https:\/\/www.uv.mx\/prensa\/wp-json\/wp\/v2\/posts\/122003\/revisions"}],"predecessor-version":[{"id":122066,"href":"https:\/\/www.uv.mx\/prensa\/wp-json\/wp\/v2\/posts\/122003\/revisions\/122066"}],"wp:attachment":[{"href":"https:\/\/www.uv.mx\/prensa\/wp-json\/wp\/v2\/media?parent=122003"}],"wp:term":[{"taxonomy":"category","embeddable":true,"href":"https:\/\/www.uv.mx\/prensa\/wp-json\/wp\/v2\/categories?post=122003"},{"taxonomy":"post_tag","embeddable":true,"href":"https:\/\/www.uv.mx\/prensa\/wp-json\/wp\/v2\/tags?post=122003"}],"curies":[{"name":"wp","href":"https:\/\/api.w.org\/{rel}","templated":true}]}}