{"id":121871,"date":"2022-09-24T12:28:28","date_gmt":"2022-09-24T17:28:28","guid":{"rendered":"https:\/\/www.uv.mx\/prensa\/?p=121871"},"modified":"2022-09-26T13:08:25","modified_gmt":"2022-09-26T18:08:25","slug":"busca-uv-disminuir-el-rezago-y-la-desercion-escolar","status":"publish","type":"post","link":"https:\/\/www.uv.mx\/prensa\/regiones\/busca-uv-disminuir-el-rezago-y-la-desercion-escolar\/","title":{"rendered":"Busca UV disminuir el rezago y la deserci\u00f3n escolar"},"content":{"rendered":"<ul class=\"ul1\">\n<li class=\"li1\"><i>Con base en indicadores espec\u00edficos de las plataformas <\/i>Planea UV<i> y <\/i>Scopi<i>, se conocer\u00edan caracter\u00edsticas y necesidades del alumnado desde su ingreso<\/i><\/li>\n<li class=\"li1\"><i>\u201cLa intenci\u00f3n es apoyar la trayectoria de estudiantes e identificar factores asociados al bajo desempe\u00f1o y al abandono de la carrera\u201d: Secretaria Acad\u00e9mica Regional<\/i><\/li>\n<\/ul>\n<p>&nbsp;<\/p>\n<div id=\"attachment_121872\" style=\"width: 732px\" class=\"wp-caption aligncenter\"><img aria-describedby=\"caption-attachment-121872\" decoding=\"async\" loading=\"lazy\" class=\"size-full wp-image-121872\" src=\"https:\/\/www.uv.mx\/prensa\/files\/2022\/09\/Veracruz-UV-impartio\u0301-curso-taller-1-100k.jpg\" alt=\"Claudia Beatriz Enr\u00edquez Hern\u00e1ndez, secretaria Acad\u00e9mica regional, inaugur\u00f3 el curso-taller en las instalaciones de la USBI\" width=\"722\" height=\"506\" srcset=\"https:\/\/www.uv.mx\/prensa\/files\/2022\/09\/Veracruz-UV-impartio\u0301-curso-taller-1-100k.jpg 722w, https:\/\/www.uv.mx\/prensa\/files\/2022\/09\/Veracruz-UV-impartio\u0301-curso-taller-1-100k-300x210.jpg 300w\" sizes=\"(max-width: 722px) 100vw, 722px\" \/><p id=\"caption-attachment-121872\" class=\"wp-caption-text\">Claudia Beatriz Enr\u00edquez Hern\u00e1ndez, secretaria Acad\u00e9mica regional, inaugur\u00f3 el curso-taller en las instalaciones de la USBI<\/p><\/div>\n<p>&nbsp;<\/p>\n<p class=\"p1\"><b><i>Shuguey Enr\u00edquez<\/i><\/b><\/p>\n<p class=\"p1\"><b><i>Fotos: Aracely Hern\u00e1ndez<\/i><\/b><\/p>\n<p class=\"p1\"><b><i>24\/09\/2022, Boca del R\u00edo, Ver.-<\/i><\/b> La Universidad Veracruzana (UV), a trav\u00e9s de la <a href=\"https:\/\/www.uv.mx\/secretariaacademica\/\" target=\"_blank\" rel=\"noopener\">Secretar\u00eda Acad\u00e9mica<\/a>, la Direcci\u00f3n General de Administraci\u00f3n Escolar y la Vicerrector\u00eda Veracruz, llev\u00f3 a cabo el curso-taller sobre las plataformas institucionales <i>Planea <\/i><span class=\"s1\"><i>UV<\/i><\/span> y el Sistema de Consulta de Perfil de Ingreso (<i>Scopi<\/i>).<\/p>\n<p class=\"p1\">En el aula electr\u00f3nica de la Unidad de Servicios Bibliotecarios y de Informaci\u00f3n (USBI), la sesi\u00f3n se llev\u00f3 a cabo con la participaci\u00f3n de cerca 20 personas, entre funcionarios y acad\u00e9micos.<\/p>\n<p class=\"p3\">El prop\u00f3sito fue instruir a los asistentes para detectar indicadores espec\u00edficos que brindan las plataformas mencionadas, que permitan conocer caracter\u00edsticas y necesidades de estudiantes que ingresan a esta casa de estudios, para evitar o disminuir el rezago educativo y la deserci\u00f3n escolar.<\/p>\n<div id=\"attachment_121873\" style=\"width: 732px\" class=\"wp-caption aligncenter\"><img aria-describedby=\"caption-attachment-121873\" decoding=\"async\" loading=\"lazy\" class=\"size-full wp-image-121873\" src=\"https:\/\/www.uv.mx\/prensa\/files\/2022\/09\/Veracruz-UV-impartio\u0301-curso-taller-2-100k.jpg\" alt=\"Participaron alrededor de 20 personas, entre funcionarios y acad\u00e9micos\" width=\"722\" height=\"481\" srcset=\"https:\/\/www.uv.mx\/prensa\/files\/2022\/09\/Veracruz-UV-impartio\u0301-curso-taller-2-100k.jpg 722w, https:\/\/www.uv.mx\/prensa\/files\/2022\/09\/Veracruz-UV-impartio\u0301-curso-taller-2-100k-300x200.jpg 300w\" sizes=\"(max-width: 722px) 100vw, 722px\" \/><p id=\"caption-attachment-121873\" class=\"wp-caption-text\">Participaron alrededor de 20 personas, entre funcionarios y acad\u00e9micos<\/p><\/div>\n<p>&nbsp;<\/p>\n<p class=\"p3\">Claudia Beatriz Enr\u00edquez Hern\u00e1ndez, secretaria Acad\u00e9mica regional, explic\u00f3 que se busc\u00f3 capacitar a este grupo, \u201cpara que a su vez lo repliquen en sus entidades, tanto con sus secretarios de Facultad como con enlaces de tutor\u00edas.<\/p>\n<p class=\"p3\">\u201cLa intenci\u00f3n es apoyar la trayectoria de las y los estudiantes, a trav\u00e9s de diferentes indicadores, y con ello identificar qu\u00e9 factores est\u00e1n asociados al bajo desempe\u00f1o escolar o abandono de la carrera\u201d, afirm\u00f3.<\/p>\n<p class=\"p3\">Por otra parte, la funcionaria comparti\u00f3 que, como resultado de este curso, se pretende impulsar un proyecto integrador para la regi\u00f3n, \u201cque no se trate de una actividad aislada, sino que nos permita hacer un diagn\u00f3stico, planear estrategias e implementarlas\u201d.<\/p>\n<div id=\"attachment_121874\" style=\"width: 732px\" class=\"wp-caption aligncenter\"><img aria-describedby=\"caption-attachment-121874\" decoding=\"async\" loading=\"lazy\" class=\"size-full wp-image-121874\" src=\"https:\/\/www.uv.mx\/prensa\/files\/2022\/09\/Veracruz-UV-impartio\u0301-curso-taller-3-100k.jpg\" alt=\"Juan Carlos Ortega Guerrero, titular de la DGAE, encabez\u00f3 la instrucci\u00f3n a las plataformas: Planea UV y Scopi\" width=\"722\" height=\"481\" srcset=\"https:\/\/www.uv.mx\/prensa\/files\/2022\/09\/Veracruz-UV-impartio\u0301-curso-taller-3-100k.jpg 722w, https:\/\/www.uv.mx\/prensa\/files\/2022\/09\/Veracruz-UV-impartio\u0301-curso-taller-3-100k-300x200.jpg 300w\" sizes=\"(max-width: 722px) 100vw, 722px\" \/><p id=\"caption-attachment-121874\" class=\"wp-caption-text\">Juan Carlos Ortega Guerrero, titular de la DGAE, encabez\u00f3 la instrucci\u00f3n a las plataformas: <em>Planea UV<\/em> y <em>Scopi<\/em><\/p><\/div>\n<p>&nbsp;<\/p>\n<p class=\"p3\">Rub\u00e9n Edel Navarro, vicerrector de la regi\u00f3n, en cierre del curso-taller agradeci\u00f3 la disposici\u00f3n tanto de los facilitadores como de los participantes para armonizar todas las acciones en funci\u00f3n del Programa de Trabajo 2021-2025 \u201cPor una transformaci\u00f3n integral\u201d del rector Mart\u00edn Aguilar S\u00e1nchez.<\/p>\n<p class=\"p3\">Los encargados de impartir la sesi\u00f3n fueron Juan Carlos Ortega Guerrero, titular de la DGAE; Joyce Garc\u00eda G\u00e1lvez, directora de Servicios Escolares; Carlos Garc\u00eda Trujillo, tambi\u00e9n de la DGAE, y Abigael Xilot S\u00e1nchez, coordinador Acad\u00e9mico en la Secretar\u00eda Acad\u00e9mica.<\/p>\n","protected":false},"excerpt":{"rendered":"<p>Con base en indicadores espec\u00edficos de las plataformas Planea UV y Scopi, se conocer\u00edan caracter\u00edsticas y necesidades del alumnado desde su ingreso \u201cLa intenci\u00f3n es apoyar la trayectoria de estudiantes e identificar [&hellip;]<\/p>\n","protected":false},"author":1775,"featured_media":121872,"comment_status":"closed","ping_status":"closed","sticky":false,"template":"","format":"standard","meta":[],"categories":[32,55],"tags":[4299,1185,3942,8775,8777,2459,4298,8776,572,279,3297],"_links":{"self":[{"href":"https:\/\/www.uv.mx\/prensa\/wp-json\/wp\/v2\/posts\/121871"}],"collection":[{"href":"https:\/\/www.uv.mx\/prensa\/wp-json\/wp\/v2\/posts"}],"about":[{"href":"https:\/\/www.uv.mx\/prensa\/wp-json\/wp\/v2\/types\/post"}],"author":[{"embeddable":true,"href":"https:\/\/www.uv.mx\/prensa\/wp-json\/wp\/v2\/users\/1775"}],"replies":[{"embeddable":true,"href":"https:\/\/www.uv.mx\/prensa\/wp-json\/wp\/v2\/comments?post=121871"}],"version-history":[{"count":1,"href":"https:\/\/www.uv.mx\/prensa\/wp-json\/wp\/v2\/posts\/121871\/revisions"}],"predecessor-version":[{"id":121919,"href":"https:\/\/www.uv.mx\/prensa\/wp-json\/wp\/v2\/posts\/121871\/revisions\/121919"}],"wp:featuredmedia":[{"embeddable":true,"href":"https:\/\/www.uv.mx\/prensa\/wp-json\/wp\/v2\/media\/121872"}],"wp:attachment":[{"href":"https:\/\/www.uv.mx\/prensa\/wp-json\/wp\/v2\/media?parent=121871"}],"wp:term":[{"taxonomy":"category","embeddable":true,"href":"https:\/\/www.uv.mx\/prensa\/wp-json\/wp\/v2\/categories?post=121871"},{"taxonomy":"post_tag","embeddable":true,"href":"https:\/\/www.uv.mx\/prensa\/wp-json\/wp\/v2\/tags?post=121871"}],"curies":[{"name":"wp","href":"https:\/\/api.w.org\/{rel}","templated":true}]}}