{"id":12153,"date":"2016-06-12T07:00:06","date_gmt":"2016-06-12T12:00:06","guid":{"rendered":"https:\/\/www.uv.mx\/prensa\/?p=12153"},"modified":"2016-06-10T15:08:07","modified_gmt":"2016-06-10T20:08:07","slug":"clinica-de-salud-reproductiva-y-sexual-uv-primera-en-su-genero","status":"publish","type":"post","link":"https:\/\/www.uv.mx\/prensa\/general\/clinica-de-salud-reproductiva-y-sexual-uv-primera-en-su-genero\/","title":{"rendered":"Cl\u00ednica de Salud Reproductiva y Sexual UV, primera en su g\u00e9nero"},"content":{"rendered":"<ul>\n<li><em>Asegur\u00f3 Ernestina Herrera, su directora<\/em><\/li>\n<li><em>Brindar\u00e1 servicios integrados a trav\u00e9s de 12 programas de salud<\/em><\/li>\n<li><em>Los estudiantes podr\u00e1n realizar pr\u00e1cticas y servicio social<\/em><\/li>\n<\/ul>\n<p>&nbsp;<\/p>\n<div id=\"attachment_12155\" style=\"width: 732px\" class=\"wp-caption aligncenter\"><a href=\"https:\/\/www.uv.mx\/prensa\/files\/2016\/06\/Pro.jpg\"><img loading=\"lazy\" decoding=\"async\" aria-describedby=\"caption-attachment-12155\" class=\"size-full wp-image-12155\" src=\"https:\/\/www.uv.mx\/prensa\/files\/2016\/06\/Pro.jpg\" alt=\"Ernestina Herrera Hern\u00e1ndez\" width=\"722\" height=\"1082\" \/><\/a><p id=\"caption-attachment-12155\" class=\"wp-caption-text\">Ernestina Herrera Hern\u00e1ndez<\/p><\/div>\n<p>&nbsp;<\/p>\n<p><strong><em>Irma Villa<\/em><\/strong><\/p>\n<p>&nbsp;<\/p>\n<p><strong><em>Xalapa, Ver. 12\/06\/2016.-<\/em><\/strong><em>\u00a0<\/em>\u201cEstamos en el paso de lograr el sue\u00f1o: convertirnos en un espacio de servicios de salud integrados; aqu\u00ed no s\u00f3lo se atender\u00e1n asuntos ginecol\u00f3gicos, sino temas que van desde la depresi\u00f3n hasta asuntos delicados como el SIDA. El hospital escuela qued\u00f3 atr\u00e1s, ahora somos la Cl\u00ednica Universitaria de Salud Reproductiva y Sexual (CUSRS) de la Universidad Veracruzana (UV) que visualiza la salud de manera global\u201d, afirm\u00f3 su directora Mar\u00eda Ernestina Herrera Hern\u00e1ndez.<\/p>\n<p>En entrevista, la doctora puso como ejemplo el caso t\u00edpico de una embarazada para explicar que por atenci\u00f3n global debe entenderse que no es s\u00f3lo ella, sino que hay una pareja que puede ser hombre o mujer y en la cl\u00ednica se les atender\u00e1 porque est\u00e1n embarazados\u00a0 y porque ello no es s\u00f3lo un asunto m\u00e9dico, recibir\u00e1n atenci\u00f3n de nutrici\u00f3n e incluso, psicol\u00f3gica.<\/p>\n<p>Dentro de las instalaciones habr\u00e1 un sal\u00f3n de usos m\u00faltiples que ofrecer\u00e1 ejercicios psicoprofil\u00e1cticos para quien quiera preparar su parto en estas condiciones<\/p>\n<p>Aclar\u00f3 que el ciclo del hospital escuela qued\u00f3 atr\u00e1s, cuando se hizo la ceremonia de inauguraci\u00f3n que dio paso a la CUSRS. \u201cAhora no se pertenece a la Facultad de Medicina, aqu\u00ed podr\u00e1n realizar servicio social estudiantes de Nutrici\u00f3n, Psicolog\u00eda, Enfermer\u00eda e inclusive, para aspectos de prevenci\u00f3n, los de Odontolog\u00eda y en un momento dado hasta de Artes Pl\u00e1sticas que quieran contribuir a hacer de los espacios sitios m\u00e1s agradables. \u00c9ste es un espacio universitario donde los alumnos pueden realizar pr\u00e1cticas\u201d.<\/p>\n<p>Ernestina Herrera enfatiz\u00f3 que actualmente la CSRS a\u00fan no ofrece los servicios de extensi\u00f3n debido a que est\u00e1n en tr\u00e1mite los permisos de la Comisi\u00f3n Federal para la Protecci\u00f3n contra Riesgos Sanitarios (<em>Cofepris<\/em>), pero puntualiz\u00f3 que esto no quiere decir que no se est\u00e9 trabajando, al contrario, estas formalidades llevan su tiempo: la entrega-recepci\u00f3n<em>, <\/em>elaborar los programas, acomodar el instrumento m\u00e9dico especializado. \u201cVamos a iniciar la capacitaci\u00f3n del personal que atender\u00e1 cada uno de los programas para ver c\u00f3mo nos vamos a ir integrando, para saber qui\u00e9n refiere a qui\u00e9n y c\u00f3mo, mientras salen los permisos\u201d.<\/p>\n<p>En total son 12 los programas que operar\u00e1n en la cl\u00ednica: Planificaci\u00f3n familiar y anticoncepci\u00f3n segura; Salud reproductiva y sexual en adolescentes; Atenci\u00f3n del embarazo y puerperio saludable sin riesgos; Preparaci\u00f3n f\u00edsica y psicol\u00f3gica para el parto; Salud neonatal y del lactante; Salud reproductiva y sexual de la mujer; Salud reproductiva y sexual del hombre; Prevenci\u00f3n y detecci\u00f3n oportuna de infecciones de transmisi\u00f3n sexual; Salud sexual a lo largo de la vida; Consejer\u00eda en VIH; Prevenci\u00f3n, detecci\u00f3n y atenci\u00f3n en salud, a la violencia familiar, sexual y de g\u00e9nero, y Nutrici\u00f3n a lo largo de la vida.<\/p>\n<p>Los programas tienen impl\u00edcito el cumplir con la misi\u00f3n de la cl\u00ednica, la cual est\u00e1 enfocada a: \u201cBrindar servicios de extensi\u00f3n universitaria a la comunidad, en materia de prevenci\u00f3n, promoci\u00f3n, educaci\u00f3n y atenci\u00f3n a la salud reproductiva y sexual, con calidad y calidez, bajo la perspectiva de g\u00e9nero y con el impulso de los acuerdos internacionales, a fin de fortalecer la docencia de los programas educativos de la UV e impulsar la investigaci\u00f3n cl\u00ednica y social que coadyuve a generar y difundir conocimiento\u201d.<\/p>\n<p>En conclusi\u00f3n, dijo la entrevistada, \u201cser\u00e1 la primera cl\u00ednica en su g\u00e9nero. Una cl\u00ednica con servicios de extensi\u00f3n a la comunidad y, a la vez, aqu\u00ed se cursar\u00e1n materias de elecci\u00f3n libre y servicio social. Eso es la cl\u00ednica\u201d.<\/p>\n","protected":false},"excerpt":{"rendered":"<p><strong><em>Irma Villa.-<\/em><\/strong>\u201cEstamos en el paso de lograr el sue\u00f1o: convertirnos en un espacio de servicios de salud integrados; aqu\u00ed no s\u00f3lo se atender\u00e1n asuntos ginecol\u00f3gicos, sino temas que van desde la depresi\u00f3n hasta asuntos delicados como el SIDA. El hospital escuela qued\u00f3 atr\u00e1s, ahora somos la Cl\u00ednica Universitaria de Salud Reproductiva y Sexual (CUSRS) de la Universidad Veracruzana (UV) que visualiza la salud de manera global\u201d, afirm\u00f3 su directora Mar\u00eda Ernestina Herrera Hern\u00e1ndez.<\/p>\n","protected":false},"author":1810,"featured_media":12154,"comment_status":"closed","ping_status":"closed","sticky":false,"template":"","format":"standard","meta":{"footnotes":""},"categories":[1],"tags":[2],"class_list":["post-12153","post","type-post","status-publish","format-standard","has-post-thumbnail","hentry","category-general","tag-principal"],"_links":{"self":[{"href":"https:\/\/www.uv.mx\/prensa\/wp-json\/wp\/v2\/posts\/12153","targetHints":{"allow":["GET"]}}],"collection":[{"href":"https:\/\/www.uv.mx\/prensa\/wp-json\/wp\/v2\/posts"}],"about":[{"href":"https:\/\/www.uv.mx\/prensa\/wp-json\/wp\/v2\/types\/post"}],"author":[{"embeddable":true,"href":"https:\/\/www.uv.mx\/prensa\/wp-json\/wp\/v2\/users\/1810"}],"replies":[{"embeddable":true,"href":"https:\/\/www.uv.mx\/prensa\/wp-json\/wp\/v2\/comments?post=12153"}],"version-history":[{"count":0,"href":"https:\/\/www.uv.mx\/prensa\/wp-json\/wp\/v2\/posts\/12153\/revisions"}],"wp:featuredmedia":[{"embeddable":true,"href":"https:\/\/www.uv.mx\/prensa\/wp-json\/wp\/v2\/media\/12154"}],"wp:attachment":[{"href":"https:\/\/www.uv.mx\/prensa\/wp-json\/wp\/v2\/media?parent=12153"}],"wp:term":[{"taxonomy":"category","embeddable":true,"href":"https:\/\/www.uv.mx\/prensa\/wp-json\/wp\/v2\/categories?post=12153"},{"taxonomy":"post_tag","embeddable":true,"href":"https:\/\/www.uv.mx\/prensa\/wp-json\/wp\/v2\/tags?post=12153"}],"curies":[{"name":"wp","href":"https:\/\/api.w.org\/{rel}","templated":true}]}}