{"id":120899,"date":"2022-09-07T22:49:10","date_gmt":"2022-09-08T03:49:10","guid":{"rendered":"https:\/\/www.uv.mx\/prensa\/?p=120899"},"modified":"2022-09-08T12:07:22","modified_gmt":"2022-09-08T17:07:22","slug":"tlapayotl-variaciones-contemporaneas-se-inaugura-en-el-max","status":"publish","type":"post","link":"https:\/\/www.uv.mx\/prensa\/eventos\/tlapayotl-variaciones-contemporaneas-se-inaugura-en-el-max\/","title":{"rendered":"<i>Tlapayotl, variaciones contempor\u00e1neas,<\/i> se inaugura en el MAX"},"content":{"rendered":"<p><span data-ccp-props=\"{&quot;201341983&quot;:0,&quot;335559739&quot;:0,&quot;335559740&quot;:240}\">\u00a0<\/span><\/p>\n<ul>\n<li data-leveltext=\"\uf0b7\" data-font=\"Symbol\" data-listid=\"2\" data-list-defn-props=\"{&quot;335552541&quot;:1,&quot;335559684&quot;:-2,&quot;335559685&quot;:720,&quot;335559991&quot;:360,&quot;469769226&quot;:&quot;Symbol&quot;,&quot;469769242&quot;:[8226],&quot;469777803&quot;:&quot;left&quot;,&quot;469777804&quot;:&quot;\uf0b7&quot;,&quot;469777815&quot;:&quot;hybridMultilevel&quot;}\" data-aria-posinset=\"1\" data-aria-level=\"1\"><i><span data-contrast=\"auto\">Tres artistas contempor\u00e1neos comparten su visi\u00f3n<\/span><\/i><span data-ccp-props=\"{&quot;201341983&quot;:0,&quot;335559739&quot;:0,&quot;335559740&quot;:240}\">\u00a0<\/span><\/li>\n<li data-leveltext=\"\uf0b7\" data-font=\"Symbol\" data-listid=\"2\" data-list-defn-props=\"{&quot;335552541&quot;:1,&quot;335559684&quot;:-2,&quot;335559685&quot;:720,&quot;335559991&quot;:360,&quot;469769226&quot;:&quot;Symbol&quot;,&quot;469769242&quot;:[8226],&quot;469777803&quot;:&quot;left&quot;,&quot;469777804&quot;:&quot;\uf0b7&quot;,&quot;469777815&quot;:&quot;hybridMultilevel&quot;}\" data-aria-posinset=\"2\" data-aria-level=\"1\"><i><span data-contrast=\"auto\">Los estilos van del expresionismo al neomexican\u00edsimo<\/span><\/i><span data-ccp-props=\"{&quot;201341983&quot;:0,&quot;335559739&quot;:0,&quot;335559740&quot;:240}\">\u00a0<\/span><\/li>\n<\/ul>\n<div id=\"attachment_120900\" style=\"width: 732px\" class=\"wp-caption aligncenter\"><img loading=\"lazy\" decoding=\"async\" aria-describedby=\"caption-attachment-120900\" class=\"size-full wp-image-120900\" src=\"https:\/\/www.uv.mx\/prensa\/files\/2022\/09\/080922-COLABORACION-Tlapayotl.jpg\" alt=\"\" width=\"722\" height=\"464\" srcset=\"https:\/\/www.uv.mx\/prensa\/files\/2022\/09\/080922-COLABORACION-Tlapayotl.jpg 722w, https:\/\/www.uv.mx\/prensa\/files\/2022\/09\/080922-COLABORACION-Tlapayotl-300x193.jpg 300w\" sizes=\"auto, (max-width: 722px) 100vw, 722px\" \/><p id=\"caption-attachment-120900\" class=\"wp-caption-text\">Hasta el 19 de octubre, la exposici\u00f3n <em>Tlapayotl, variaciones contempor\u00e1neas<\/em> se puede apreciar en la Sala de Exposiciones Temporales del MAX<\/p><\/div>\n<p>&nbsp;<\/p>\n<p><b><i><span data-contrast=\"auto\">08\/09\/2022, Xalapa, Ver.- <\/span><\/i><\/b><span data-contrast=\"auto\">En la Sala de Exposiciones Temporales del<a href=\"https:\/\/www.uv.mx\/max\/\" target=\"_blank\" rel=\"noopener\"> Museo de Antropolog\u00eda de Xalapa<\/a> (MAX) de la Universidad Veracruzana (UV), el s\u00e1bado 10 de septiembre a las 19:00 horas se inaugura la muestra colectiva <\/span><i><span data-contrast=\"auto\">Tlapayotl, variaciones contempor\u00e1neas<\/span><\/i><span data-contrast=\"auto\">, que re\u00fane obra de los artistas pl\u00e1sticos Dar\u00edo D\u00edaz Gonz\u00e1lez, Sheps Nurko Marcovich y Antonio Ortiz \u201cGrit\u00f3n\u201d.<\/span><span data-ccp-props=\"{&quot;201341983&quot;:0,&quot;335559739&quot;:0,&quot;335559740&quot;:240}\">\u00a0<\/span><\/p>\n<p><span data-contrast=\"auto\">El vocablo tlapayotl, de origen n\u00e1huatl, significa \u201ccuadro o pintura\u201d. En <\/span><i><span data-contrast=\"auto\">Historia general de las cosas de la Nueva Espa\u00f1a<\/span><\/i><span data-contrast=\"auto\">, del franciscano Bernardino de Sahag\u00fan, se recogen las descripciones tradicionales de los artistas del mundo prehisp\u00e1nico, que est\u00e1n llenas de elementos que van m\u00e1s all\u00e1 de enaltecer la perfecci\u00f3n t\u00e9cnica, pues presentan un notable equilibrio entre habilidad y espontaneidad:<\/span><span data-ccp-props=\"{&quot;201341983&quot;:0,&quot;335559731&quot;:708,&quot;335559739&quot;:0,&quot;335559740&quot;:240}\">\u00a0<\/span><\/p>\n<p><span data-contrast=\"auto\">\u201cEl verdadero artista: capaz, se adiestra, es h\u00e1bil; dialoga con su coraz\u00f3n, encuentra las cosas con su mente. El verdadero artista todo lo saca de su coraz\u00f3n; obra con deleite, hace las cosas con calma, con tiento, obra como un tolteca, compone cosas, obra h\u00e1bilmente, crea; arregla las cosas, las hace atildadas, hace que se ajusten.<\/span><span data-ccp-props=\"{&quot;201341983&quot;:0,&quot;335559731&quot;:708,&quot;335559739&quot;:0,&quot;335559740&quot;:240}\">\u00a0<\/span><\/p>\n<p><span data-contrast=\"auto\">\u201dEl torpe artista: obra al azar, se burla de la gente, opaca las cosas, pasa por encima del rostro de las cosas, obra sin cuidado, defrauda a las personas, es un ladr\u00f3n.\u201d<\/span><span data-ccp-props=\"{&quot;201341983&quot;:0,&quot;335559731&quot;:708,&quot;335559739&quot;:0,&quot;335559740&quot;:240}\">\u00a0<\/span><\/p>\n<p><span data-contrast=\"auto\">Los tres artistas que convergen en esta exposici\u00f3n cuentan con una s\u00f3lida trayectoria en lo pict\u00f3rico y han cultivado la abstracci\u00f3n y la intervenci\u00f3n como herramientas alternativas a su expresi\u00f3n. En <\/span><i><span data-contrast=\"auto\">Tlapayotl, variaciones contempor\u00e1neas<\/span><\/i><span data-contrast=\"auto\"> encontraremos que la variedad de sus estilos se encuentra influida por las ra\u00edces y apunta hacia una reflexi<\/span><span data-contrast=\"auto\">\u00f3n sobre la identidad mexicana.<\/span><span data-ccp-props=\"{&quot;201341983&quot;:0,&quot;335559731&quot;:708,&quot;335559739&quot;:0,&quot;335559740&quot;:240}\">\u00a0<\/span><\/p>\n<p><span data-contrast=\"auto\">En un texto dedicado a la exposici\u00f3n, Gustavo Vega menciona: \u201cTlapayotl es mancha y figura, choque de fuerzas ancestrales, impulsos primitivos que irrumpen de igual manera en el espacio p\u00fablico o en las tormentas de la intimidad. Es tambi\u00e9n exploraci\u00f3n crom\u00e1tica, mas de ninguna manera se trata del color de la realidad sino el de un cosmos paralelo, versiones diferentes de M\u00e9xico seg\u00fan las relaciones pl\u00e1sticas de cada artista\u201d.<\/span><span data-ccp-props=\"{&quot;201341983&quot;:0,&quot;335559731&quot;:708,&quot;335559739&quot;:0,&quot;335559740&quot;:240}\">\u00a0<\/span><\/p>\n<p><span data-contrast=\"auto\">El p\u00fablico tendr\u00e1 acceso gratuito a la exposici\u00f3n <\/span><i><span data-contrast=\"auto\">Tlapayotl, variaciones contempor\u00e1neas<\/span><\/i><span data-contrast=\"auto\"> de martes a domingo, de 9:00 a 17:00 horas, hasta el 19 de octubre en la Sala de Exposiciones Temporales del MAX, respetando las disposiciones de salud sanitaria en vigor.<\/span><span data-ccp-props=\"{&quot;201341983&quot;:0,&quot;335559731&quot;:708,&quot;335559739&quot;:0,&quot;335559740&quot;:240}\">\u00a0<\/span><\/p>\n<p><span data-ccp-props=\"{&quot;201341983&quot;:0,&quot;335559739&quot;:0,&quot;335559740&quot;:240}\">\u00a0<\/span><\/p>\n<p>&nbsp;<\/p>\n","protected":false},"excerpt":{"rendered":"<p>Hasta el 19 de octubre, la exposici\u00f3n <i>Tlapayotl, variaciones contempor\u00e1neas<\/i> se puede apreciar en la Sala de Exposiciones Temporales del MAX<\/p>\n","protected":false},"author":1810,"featured_media":0,"comment_status":"closed","ping_status":"closed","sticky":false,"template":"","format":"standard","meta":{"footnotes":""},"categories":[47],"tags":[],"class_list":["post-120899","post","type-post","status-publish","format-standard","hentry","category-eventos"],"_links":{"self":[{"href":"https:\/\/www.uv.mx\/prensa\/wp-json\/wp\/v2\/posts\/120899","targetHints":{"allow":["GET"]}}],"collection":[{"href":"https:\/\/www.uv.mx\/prensa\/wp-json\/wp\/v2\/posts"}],"about":[{"href":"https:\/\/www.uv.mx\/prensa\/wp-json\/wp\/v2\/types\/post"}],"author":[{"embeddable":true,"href":"https:\/\/www.uv.mx\/prensa\/wp-json\/wp\/v2\/users\/1810"}],"replies":[{"embeddable":true,"href":"https:\/\/www.uv.mx\/prensa\/wp-json\/wp\/v2\/comments?post=120899"}],"version-history":[{"count":1,"href":"https:\/\/www.uv.mx\/prensa\/wp-json\/wp\/v2\/posts\/120899\/revisions"}],"predecessor-version":[{"id":120910,"href":"https:\/\/www.uv.mx\/prensa\/wp-json\/wp\/v2\/posts\/120899\/revisions\/120910"}],"wp:attachment":[{"href":"https:\/\/www.uv.mx\/prensa\/wp-json\/wp\/v2\/media?parent=120899"}],"wp:term":[{"taxonomy":"category","embeddable":true,"href":"https:\/\/www.uv.mx\/prensa\/wp-json\/wp\/v2\/categories?post=120899"},{"taxonomy":"post_tag","embeddable":true,"href":"https:\/\/www.uv.mx\/prensa\/wp-json\/wp\/v2\/tags?post=120899"}],"curies":[{"name":"wp","href":"https:\/\/api.w.org\/{rel}","templated":true}]}}