{"id":120274,"date":"2022-09-02T11:36:28","date_gmt":"2022-09-02T16:36:28","guid":{"rendered":"https:\/\/www.uv.mx\/prensa\/?p=120274"},"modified":"2022-09-02T15:20:20","modified_gmt":"2022-09-02T20:20:20","slug":"filu-2022-iniciara-con-premio-latinoamericano-sergio-galindo","status":"publish","type":"post","link":"https:\/\/www.uv.mx\/prensa\/general\/filu-2022-iniciara-con-premio-latinoamericano-sergio-galindo\/","title":{"rendered":"FILU 2022 iniciar\u00e1 con Premio Latinoamericano \u201cSergio Galindo\u201d"},"content":{"rendered":"<p>&nbsp;<\/p>\n<ul>\n<li><em>Lo recibir\u00e1 Edgar S\u00e1nchez Hern\u00e1ndez por <\/em>Las lluvias de Estocolmo<em>, su primera novela<\/em><\/li>\n<li><em>Este viernes 2 de septiembre, a las 17:00 horas, en la Casa del Lago UV. M\u00e1s informaci\u00f3n en <a href=\"https:\/\/www.uv.mx\/filu\/\">uv.mx\/filu\/<\/a><\/em><\/li>\n<\/ul>\n<p>&nbsp;<\/p>\n<div id=\"attachment_120305\" style=\"width: 732px\" class=\"wp-caption aligncenter\"><a href=\"https:\/\/www.uv.mx\/prensa\/files\/2022\/09\/Casa-Lago-nota-previa-FILU-1.jpg\"><img loading=\"lazy\" decoding=\"async\" aria-describedby=\"caption-attachment-120305\" class=\"size-full wp-image-120305\" src=\"https:\/\/www.uv.mx\/prensa\/files\/2022\/09\/Casa-Lago-nota-previa-FILU-1.jpg\" alt=\"\" width=\"722\" height=\"500\" srcset=\"https:\/\/www.uv.mx\/prensa\/files\/2022\/09\/Casa-Lago-nota-previa-FILU-1.jpg 722w, https:\/\/www.uv.mx\/prensa\/files\/2022\/09\/Casa-Lago-nota-previa-FILU-1-300x208.jpg 300w\" sizes=\"auto, (max-width: 722px) 100vw, 722px\" \/><\/a><p id=\"caption-attachment-120305\" class=\"wp-caption-text\">La Casa del Lago de la UV es la sede principal de la Feria Internacional del Libro Universitario (FILU) de la Universidad Veracruzana (UV)<\/p><\/div>\n<p>&nbsp;<\/p>\n<p>&nbsp;<\/p>\n<p><strong><em>Carlos Hugo Hermida Rosales<\/em><\/strong><\/p>\n<p><strong><em>Fotos: Luis Fernando Fern\u00e1ndez Carrillo<\/em><\/strong><\/p>\n<p><strong><em>02\/09\/2022, Xalapa, Ver.-<\/em><\/strong> La <a href=\"https:\/\/www.uv.mx\/filu\/\" target=\"_blank\" rel=\"noopener\">Feria Internacional del Libro Universitario<\/a> (FILU) de la Universidad Veracruzana (UV) iniciar\u00e1 este viernes 2 de septiembre con un programa variado, que incluye premiaciones, conversatorios, exposiciones y diversas actividades art\u00edsticas y culturales.<\/p>\n<p>La inauguraci\u00f3n se llevar\u00e1 a cabo a las 17:00 horas en el Foro \u201cMiguel V\u00e9lez Arceo\u201d de la Casa del Lago, y se entregar\u00e1 el Premio Latinoamericano de Primera Novela \u201cSergio Galindo\u201d a Edgar S\u00e1nchez Hern\u00e1ndez por su obra\u00a0<em>Las lluvias de Estocolmo<\/em>.<\/p>\n<p>Enseguida, el rector de la UV, Mart\u00edn Aguilar S\u00e1nchez, y la directora general del \u00c1rea Acad\u00e9mica de Humanidades, Yolanda Francisca Gonz\u00e1lez Molohua, presentar\u00e1n el libro <em>Protestas y movilizaciones sociales<\/em>\u00a0<em>en el Golfo de M\u00e9xico, publicaci\u00f3n de la Editorial UV coordinada por ambos; a las 20:00 horas, Carmen Le\u00f1ero ofrecer\u00e1 el recital inaugural <\/em><em>Saliendo a cantar con Violeta<\/em>.<\/p>\n<p>A las 20:30 horas en Tlaqn\u00e1, Centro Cultural, se realizar\u00e1 el <em>Concierto FILU<\/em> dedicado a Rep\u00fablica de Chile, en el que el Coro UV y la Orquesta Sinf\u00f3nica de Xalapa interpretar\u00e1n piezas de Claude Debussy, Enrique Soro, Sergio Ortega y Franz Schubert.<\/p>\n<p>&nbsp;<\/p>\n<div id=\"attachment_120306\" style=\"width: 732px\" class=\"wp-caption aligncenter\"><a href=\"https:\/\/www.uv.mx\/prensa\/files\/2022\/09\/Casa-Lago-nota-previa-FILU-2.jpg\"><img loading=\"lazy\" decoding=\"async\" aria-describedby=\"caption-attachment-120306\" class=\"size-full wp-image-120306\" src=\"https:\/\/www.uv.mx\/prensa\/files\/2022\/09\/Casa-Lago-nota-previa-FILU-2.jpg\" alt=\"\" width=\"722\" height=\"439\" srcset=\"https:\/\/www.uv.mx\/prensa\/files\/2022\/09\/Casa-Lago-nota-previa-FILU-2.jpg 722w, https:\/\/www.uv.mx\/prensa\/files\/2022\/09\/Casa-Lago-nota-previa-FILU-2-300x182.jpg 300w\" sizes=\"auto, (max-width: 722px) 100vw, 722px\" \/><\/a><p id=\"caption-attachment-120306\" class=\"wp-caption-text\">El Foro Acad\u00e9mico \u201cTiempos de cambio: movimientos sociales, democracia y pol\u00edticas p\u00fablicas\u201d ser\u00e1 en la Sala Anexa de Tlaqn\u00e1, Centro Cultural<\/p><\/div>\n<p>&nbsp;<\/p>\n<p>El s\u00e1bado 3 a las 9:00 horas en la Casa del Lago habr\u00e1 una rodada literaria en la que participar\u00e1n bibliotecas y librer\u00edas del centro de Xalapa; a las 11:00, en el Museo de la M\u00fasica Veracruzana Casa \u201cDo\u00f1a Falla\u201d, se inaugurar\u00e1 una exposici\u00f3n colectiva de estudiantes de la Facultad de Artes Pl\u00e1sticas.<\/p>\n<p>Malva Flores, Mayco Osiris Ruiz y Adolfo Casta\u00f1\u00f3n presentar\u00e1n a las 11:00 horas el texto <em>En una nuez: gu\u00eda de mis libros (1977-2022)<\/em>, en el Colegio de Veracruz; Eirinet G\u00f3mez L\u00f3pez, Raquel Velasco y Oswaldo Zavala har\u00e1n lo propio con <em>La guerra de las palabras. Una historia intelectual del \u201cnarco\u201d en M\u00e9xico (1975-2020)<\/em>, en el Foro \u201cMiguel V\u00e9lez Arceo\u201d.<\/p>\n<p>A las 16:00 horas en el auditorio de la Facultad de M\u00fasica, Ernesto Trevi\u00f1o Ronz\u00f3n, Jaqueline del Carmen Jongitud Zamora, Yolanda Francisca Gonz\u00e1lez Molohua y Guadalupe Olivier presentar\u00e1n la obra <em>Estado del conocimiento de los movimientos sociales en M\u00e9xico. Vol. 1.<\/em><\/p>\n<p><em>A las 18:00 horas, el Centro de Investigaciones Tropicales (Citro) albergar\u00e1 la mesa de di\u00e1logo \u201c<\/em>Sustentabilidad e instituciones de educaci\u00f3n superior\u201d, en la que participar\u00e1n el rector Mart\u00edn Aguilar, \u00c9dgar Gonz\u00e1lez Gaudiano y Leticia Merino, y ser\u00e1 moderada por Ana Isabel Fontecilla Carbonell.<\/p>\n<p>&nbsp;<\/p>\n<div id=\"attachment_120307\" style=\"width: 732px\" class=\"wp-caption aligncenter\"><a href=\"https:\/\/www.uv.mx\/prensa\/files\/2022\/09\/Casa-Lago-nota-previa-FILU-3.jpg\"><img loading=\"lazy\" decoding=\"async\" aria-describedby=\"caption-attachment-120307\" class=\"size-full wp-image-120307\" src=\"https:\/\/www.uv.mx\/prensa\/files\/2022\/09\/Casa-Lago-nota-previa-FILU-3.jpg\" alt=\"\" width=\"722\" height=\"547\" srcset=\"https:\/\/www.uv.mx\/prensa\/files\/2022\/09\/Casa-Lago-nota-previa-FILU-3.jpg 722w, https:\/\/www.uv.mx\/prensa\/files\/2022\/09\/Casa-Lago-nota-previa-FILU-3-300x227.jpg 300w\" sizes=\"auto, (max-width: 722px) 100vw, 722px\" \/><\/a><p id=\"caption-attachment-120307\" class=\"wp-caption-text\">La Casa del Lago y la Unidad de Artes de la Universidad Veracruzana compartir\u00e1n espacios para las actividades de la FILU 2022<\/p><\/div>\n<p>&nbsp;<\/p>\n<p>El domingo 4 a las 11:00 horas el Tr\u00edo Chopin interpretar\u00e1 m\u00fasica de Antonio Vivaldi, en un concierto art\u00edstico infantil que se llevar\u00e1 a cabo en el Foro \u201cMiguel V\u00e9lez Arceo\u201d; en este sitio, a las 12:00, Nelly Palafox, Juli\u00e1n Osorno Gonz\u00e1lez y Rodrigo Garc\u00eda Barcha (v\u00eda <em>Zoom<\/em>), presentar\u00e1n el texto <em>Gabo y Mercedes: una despedida<\/em>.<\/p>\n<p>A las 13:00 horas en el auditorio de la Facultad de M\u00fasica, V\u00edctor Manuel Andrade Guevara y Eduardo de la Torre Jaramillo participar\u00e1n en el conversatorio \u201cNorbert Lechner y la modernidad latinoamericana\u201d, y en el mismo horario en la Unidad de Artes se presentar\u00e1 el libro <em>Pescadores en M\u00e9xico y Cuba: retos y oportunidades ante el cambio clim\u00e1tico<\/em>, de Uls\u00eda Urrea Mari\u00f1o y Graciela Alcal\u00e1 Moya, evento en el que estar\u00e1n la segunda autora, Beatriz Torres Beristain y Ana Isabel Fontecilla.<\/p>\n<p>A las 13:30 horas en el Foro \u201cMiguel V\u00e9lez Arceo\u201d se desarrollar\u00e1 el \u201cEncuentro de moneros\u201d en el que participar\u00e1n Rap\u00e9, Hern\u00e1ndez y El Fisg\u00f3n; y a las 19:00 en la Unidad de Artes, Valeria Loera y Diana Anaid presentar\u00e1n el libro <em>\u00a1Violencia!,<\/em><em>\u00a0<\/em>escrito por la primera.<\/p>\n<p>Los detalles de las actividades de la FILU 2022 est\u00e1n disponibles para su consulta en el sitio <em>web<\/em> <a href=\"https:\/\/www.uv.mx\/filu\/\">www.uv.mx\/filu\/<\/a><\/p>\n<p>&nbsp;<\/p>\n","protected":false},"excerpt":{"rendered":"<p>La edici\u00f3n 2022 de la Feria Internacional del Libro Universitario (FILU) de la Universidad Veracruzana (UV) abarcar\u00e1 del 2 al 11 de septiembre<\/p>\n","protected":false},"author":1869,"featured_media":120275,"comment_status":"closed","ping_status":"closed","sticky":false,"template":"","format":"standard","meta":{"footnotes":""},"categories":[8448,1],"tags":[],"class_list":["post-120274","post","type-post","status-publish","format-standard","has-post-thumbnail","hentry","category-filu-2022","category-general"],"_links":{"self":[{"href":"https:\/\/www.uv.mx\/prensa\/wp-json\/wp\/v2\/posts\/120274","targetHints":{"allow":["GET"]}}],"collection":[{"href":"https:\/\/www.uv.mx\/prensa\/wp-json\/wp\/v2\/posts"}],"about":[{"href":"https:\/\/www.uv.mx\/prensa\/wp-json\/wp\/v2\/types\/post"}],"author":[{"embeddable":true,"href":"https:\/\/www.uv.mx\/prensa\/wp-json\/wp\/v2\/users\/1869"}],"replies":[{"embeddable":true,"href":"https:\/\/www.uv.mx\/prensa\/wp-json\/wp\/v2\/comments?post=120274"}],"version-history":[{"count":1,"href":"https:\/\/www.uv.mx\/prensa\/wp-json\/wp\/v2\/posts\/120274\/revisions"}],"predecessor-version":[{"id":120340,"href":"https:\/\/www.uv.mx\/prensa\/wp-json\/wp\/v2\/posts\/120274\/revisions\/120340"}],"wp:featuredmedia":[{"embeddable":true,"href":"https:\/\/www.uv.mx\/prensa\/wp-json\/wp\/v2\/media\/120275"}],"wp:attachment":[{"href":"https:\/\/www.uv.mx\/prensa\/wp-json\/wp\/v2\/media?parent=120274"}],"wp:term":[{"taxonomy":"category","embeddable":true,"href":"https:\/\/www.uv.mx\/prensa\/wp-json\/wp\/v2\/categories?post=120274"},{"taxonomy":"post_tag","embeddable":true,"href":"https:\/\/www.uv.mx\/prensa\/wp-json\/wp\/v2\/tags?post=120274"}],"curies":[{"name":"wp","href":"https:\/\/api.w.org\/{rel}","templated":true}]}}