{"id":119693,"date":"2022-08-22T10:41:31","date_gmt":"2022-08-22T15:41:31","guid":{"rendered":"https:\/\/www.uv.mx\/prensa\/?p=119693"},"modified":"2022-08-23T09:19:36","modified_gmt":"2022-08-23T14:19:36","slug":"veracruz-requiere-politicas-de-restauracion-ambiental-academico-unam","status":"publish","type":"post","link":"https:\/\/www.uv.mx\/prensa\/general\/veracruz-requiere-politicas-de-restauracion-ambiental-academico-unam\/","title":{"rendered":"Veracruz requiere pol\u00edticas de restauraci\u00f3n ambiental: acad\u00e9mico UNAM"},"content":{"rendered":"<ul class=\"ul1\">\n<li class=\"li1\"><i>Alfonso Reyes Olivera impartir\u00e1 el curso \u201cIntroducci\u00f3n al estudio del derecho ambiental\u201d en la Facultad de Biolog\u00eda de la UV<\/i><\/li>\n<li class=\"li1\"><i>Inicia el viernes 26 de agosto, no es exclusivo para alumnos de biolog\u00eda, derecho o disciplinas afines, inscripciones en el correo electr\u00f3nico: <\/i><a href=\"mailto:kiruiz@uv.mx\"><span class=\"s2\"><i>kiruiz@uv.mx<\/i><\/span><\/a><\/li>\n<\/ul>\n<p>&nbsp;<\/p>\n<div id=\"attachment_119694\" style=\"width: 732px\" class=\"wp-caption aligncenter\"><img loading=\"lazy\" decoding=\"async\" aria-describedby=\"caption-attachment-119694\" class=\"size-full wp-image-119694\" src=\"https:\/\/www.uv.mx\/prensa\/files\/2022\/08\/19082022-KARINA-Derecho-ambiental-100k.jpg\" alt=\"\u201cTodav\u00eda nos falta cultura ciudadana de exigencia\u201d, plante\u00f3 Alfonso Reyes Olivera, investigador de la UNAM\" width=\"722\" height=\"482\" srcset=\"https:\/\/www.uv.mx\/prensa\/files\/2022\/08\/19082022-KARINA-Derecho-ambiental-100k.jpg 722w, https:\/\/www.uv.mx\/prensa\/files\/2022\/08\/19082022-KARINA-Derecho-ambiental-100k-300x200.jpg 300w\" sizes=\"auto, (max-width: 722px) 100vw, 722px\" \/><p id=\"caption-attachment-119694\" class=\"wp-caption-text\">\u201cTodav\u00eda nos falta cultura ciudadana de exigencia\u201d, plante\u00f3 Alfonso Reyes Olivera, investigador de la UNAM<\/p><\/div>\n<p>&nbsp;<\/p>\n<p class=\"p1\"><b><i>Karina de la Paz Reyes D\u00edaz<\/i><\/b><\/p>\n<p class=\"p1\"><b><i>Foto: Luis Fernando Fern\u00e1ndez<span class=\"Apple-converted-space\">\u00a0<\/span><\/i><\/b><\/p>\n<p class=\"p1\"><b><i>22\/08\/2022, Xalapa, Ver.-<\/i><\/b> Veracruz es una entidad rica en recursos naturales aunque de los m\u00e1s deteriorados del pa\u00eds y \u201cen gran parte no se requieren pol\u00edticas de protecci\u00f3n sino de restauraci\u00f3n\u201d, destac\u00f3 Alfonso Reyes Olivera, acad\u00e9mico de la Universidad Nacional Aut\u00f3noma de M\u00e9xico (UNAM), en entrevista a prop\u00f3sito del curso \u201cIntroducci\u00f3n al estudio del derecho ambiental\u201d que impartir\u00e1 durante este ciclo escolar en la <a href=\"https:\/\/www.uv.mx\/biologia\/\">Facultad de Biolog\u00eda<\/a> de la Universidad Veracruzana (UV).<\/p>\n<p class=\"p3\">El profesor-investigador de la Facultad de Estudios Superiores Iztacala de la UNAM realiza una estancia sab\u00e1tica en la UV, de enero 2022 a enero 2023, y eligi\u00f3 esta instituci\u00f3n precisamente por la situaci\u00f3n ambiental que presenta el estado.<\/p>\n<p class=\"p3\">\u201cPor eso la intenci\u00f3n de venir aqu\u00ed, porque aqu\u00ed se est\u00e1n generando bi\u00f3logos y bi\u00f3logas que ayudar\u00e1n a resolver los problemas ambientales, y qu\u00e9 mejor si estamos en el sitio donde se necesita. Aqu\u00ed necesitamos que se resuelvan estos problemas y por eso decid\u00ed estar en esta Facultad\u201d, comparti\u00f3.<\/p>\n<p class=\"p3\">Respecto al curso, explic\u00f3 que el objetivo es dar a conocer los diversos instrumentos jur\u00eddicos que protegen a los recursos naturales del pa\u00eds, as\u00ed como las dependencias de gobiernos responsables de su cumplimiento; adem\u00e1s, analizar\u00e1n las v\u00edas jur\u00eddicas y no jur\u00eddicas que hay para exigir el cumplimiento de la ley ambiental.<\/p>\n<p class=\"p3\">Se impartir\u00e1 a partir del pr\u00f3ximo 26 de agosto, los viernes de 10:00 a 13:00 horas, en el Edificio C, Aula 8, y puede asistir todo estudiante interesado en el tema \u2013no es exclusivo para quienes se forman en biolog\u00eda, derecho o disciplinas afines\u2013. El correo electr\u00f3nico donde pueden inscribirse es: <a href=\"mailto:kiruiz@uv.mx\"><span class=\"s1\">kiruiz@uv.mx<\/span><\/a>. Al final, se expedir\u00e1 constancia de participaci\u00f3n.<\/p>\n<p class=\"p3\">Con el \u00e1nimo de invitar, explic\u00f3 que a nivel nacional el deterioro ambiental ha llegado a tal nivel que es necesario \u201caplicar m\u00e1s presi\u00f3n a las autoridades\u201d; as\u00ed, se promover\u00edan m\u00e1s demandas y amparos en materia ambiental.<\/p>\n<p class=\"p3\">\u201cLos tribunales todav\u00eda no est\u00e1n abarrotados porque estamos deforestando, porque estamos contaminando el suelo o los r\u00edos, todav\u00eda no; tenemos las herramientas jur\u00eddicas para hacerlo, pero quiz\u00e1 todav\u00eda no ha existido la necesidad social. Yo creo que pronto vamos a tener muchos tribunales trabajando esta materia, incluso, ojal\u00e1 alg\u00fan d\u00eda se creen los tribunales ambientales, como en otros pa\u00edses.\u201d<\/p>\n<p class=\"p3\">En suma, esta iniciativa acad\u00e9mica trata de prevenir el deterioro ambiental utilizando la ley, toda vez que \u201chay muchas herramientas que nos podr\u00edan facilitar el acceso al medio ambiente sano\u201d.<\/p>\n<p class=\"p3\">Y es que pese al andamiaje jur\u00eddico existente, \u201ctodav\u00eda nos falta cultura ciudadana de exigencia, lo veo como un rezago, pero vamos caminando en esa direcci\u00f3n, hay organismos no gubernamentales que caminan en ese sentido, asociaciones. Vamos poco a poco\u201d.<\/p>\n<p class=\"p3\">Alfonso Reyes Olivera imparte cursos de esta \u00edndole en su Facultad desde el a\u00f1o 2000, en ese entonces era poco el inter\u00e9s de la comunidad estudiantil, no obstante, la situaci\u00f3n paulatinamente se ha revertido.<\/p>\n<p class=\"p3\">Admiti\u00f3 que como sociedad ignoramos muchos de los derechos no s\u00f3lo ambientales sino humanos, en general. \u201cTenemos mucha ignorancia en materia jur\u00eddica y por eso de repente las autoridades se exceden\u201d.<\/p>\n","protected":false},"excerpt":{"rendered":"<p>Eligi\u00f3 la entidad veracruzana para realizar un a\u00f1o sab\u00e1tico de investigaci\u00f3n por sus condiciones ambientales<\/p>\n","protected":false},"author":1775,"featured_media":119694,"comment_status":"closed","ping_status":"closed","sticky":false,"template":"","format":"standard","meta":{"footnotes":""},"categories":[1],"tags":[750,8363,8133,147,4015,6592,101,404],"class_list":["post-119693","post","type-post","status-publish","format-standard","has-post-thumbnail","hentry","category-general","tag-academico","tag-alfonso-reyes-olivera","tag-derecho-ambiental","tag-facultad-de-biologia","tag-karina-de-la-paz-reyes-diaz","tag-luis-fernando-fernandez","tag-unam","tag-universidad-nacional-autonoma-de-mexico"],"_links":{"self":[{"href":"https:\/\/www.uv.mx\/prensa\/wp-json\/wp\/v2\/posts\/119693","targetHints":{"allow":["GET"]}}],"collection":[{"href":"https:\/\/www.uv.mx\/prensa\/wp-json\/wp\/v2\/posts"}],"about":[{"href":"https:\/\/www.uv.mx\/prensa\/wp-json\/wp\/v2\/types\/post"}],"author":[{"embeddable":true,"href":"https:\/\/www.uv.mx\/prensa\/wp-json\/wp\/v2\/users\/1775"}],"replies":[{"embeddable":true,"href":"https:\/\/www.uv.mx\/prensa\/wp-json\/wp\/v2\/comments?post=119693"}],"version-history":[{"count":1,"href":"https:\/\/www.uv.mx\/prensa\/wp-json\/wp\/v2\/posts\/119693\/revisions"}],"predecessor-version":[{"id":119749,"href":"https:\/\/www.uv.mx\/prensa\/wp-json\/wp\/v2\/posts\/119693\/revisions\/119749"}],"wp:featuredmedia":[{"embeddable":true,"href":"https:\/\/www.uv.mx\/prensa\/wp-json\/wp\/v2\/media\/119694"}],"wp:attachment":[{"href":"https:\/\/www.uv.mx\/prensa\/wp-json\/wp\/v2\/media?parent=119693"}],"wp:term":[{"taxonomy":"category","embeddable":true,"href":"https:\/\/www.uv.mx\/prensa\/wp-json\/wp\/v2\/categories?post=119693"},{"taxonomy":"post_tag","embeddable":true,"href":"https:\/\/www.uv.mx\/prensa\/wp-json\/wp\/v2\/tags?post=119693"}],"curies":[{"name":"wp","href":"https:\/\/api.w.org\/{rel}","templated":true}]}}