{"id":119504,"date":"2022-08-16T15:25:37","date_gmt":"2022-08-16T20:25:37","guid":{"rendered":"https:\/\/www.uv.mx\/prensa\/?p=119504"},"modified":"2022-08-17T10:03:05","modified_gmt":"2022-08-17T15:03:05","slug":"proyectos-a-favor-de-la-sierra-de-zongolica-generan-vinculacion-entre-citroy-el-itsz","status":"publish","type":"post","link":"https:\/\/www.uv.mx\/prensa\/ciencia\/proyectos-a-favor-de-la-sierra-de-zongolica-generan-vinculacion-entre-citroy-el-itsz\/","title":{"rendered":"Proyectos a favor de la sierra de Zongolica generan vinculaci\u00f3n entre <i>Citro<\/i> y el ITSZ"},"content":{"rendered":"<p>&nbsp;<\/p>\n<ul>\n<li><em>Andrea Carolina Elizondo Salas realiza estancia de un mes en el Centro de Investigaciones Tropicales (Citro) UV<\/em><\/li>\n<li><em>Es egresada de la Maestr\u00eda en Ecolog\u00eda Tropical y acad\u00e9mica del Instituto Tecnol\u00f3gico Superior de Zongolica (ITSZ)<\/em><\/li>\n<li><em>La idea es generar proyectos de alto impacto bajo el enfoque de recursos naturales y rescate de saberes tradicionales<\/em><\/li>\n<\/ul>\n<p>&nbsp;<\/p>\n<div id=\"attachment_119505\" style=\"width: 732px\" class=\"wp-caption aligncenter\"><a href=\"https:\/\/www.uv.mx\/prensa\/files\/2022\/08\/160822-ESTANCIA-CITRO-1.jpg\"><img loading=\"lazy\" decoding=\"async\" aria-describedby=\"caption-attachment-119505\" class=\"size-full wp-image-119505\" src=\"https:\/\/www.uv.mx\/prensa\/files\/2022\/08\/160822-ESTANCIA-CITRO-1.jpg\" alt=\"\" width=\"722\" height=\"482\" srcset=\"https:\/\/www.uv.mx\/prensa\/files\/2022\/08\/160822-ESTANCIA-CITRO-1.jpg 722w, https:\/\/www.uv.mx\/prensa\/files\/2022\/08\/160822-ESTANCIA-CITRO-1-300x200.jpg 300w\" sizes=\"auto, (max-width: 722px) 100vw, 722px\" \/><\/a><p id=\"caption-attachment-119505\" class=\"wp-caption-text\">Andrea Carolina Elizondo Salas, acad\u00e9mica del ITSZ, realiza una estancia en el Centro de Investigaciones Tropicales de la UV<\/p><\/div>\n<p>&nbsp;<\/p>\n<p><strong><em>Claudia Peralta V\u00e1zquez<\/em><\/strong><\/p>\n<p><strong><em>Foto: Luis Fernando Fern\u00e1ndez<\/em><\/strong><\/p>\n<p><strong><em>16\/08\/2022, Xalapa, Ver.- <\/em><\/strong>Andrea Carolina Elizondo Salas, acad\u00e9mica del Instituto Tecnol\u00f3gico Superior de Zongolica (ITSZ), realiza una estancia en el <a href=\"https:\/\/www.uv.mx\/citro\/\" target=\"_blank\" rel=\"noopener\">Centro de Investigaciones Tropicales<\/a> (<em>Citro<\/em>) de la Universidad Veracruzana (UV), para dar seguimiento a proyectos de investigaci\u00f3n emprendidos por ambas entidades acad\u00e9micas, relacionados con el rescate de saberes tradicionales y manejo de recursos naturales en la zona de las Altas Monta\u00f1as.<\/p>\n<p>Carolina Elizondo tambi\u00e9n es egresada de la Maestr\u00eda en Ecolog\u00eda Tropical del <em>Citro<\/em>, posgrado del cual se titul\u00f3 hace siete a\u00f1os con un trabajo de investigaci\u00f3n centrado en la documentaci\u00f3n del conocimiento tradicional sobre \u00e1rboles maderables en cafetales bajo sombra.<\/p>\n<p>De esta labor surgi\u00f3 la oportunidad de desempe\u00f1arse como acad\u00e9mica e investigadora de la carrera de Ingenier\u00eda Forestal en el ITSZ, lo cual disfruta al poner en pr\u00e1ctica los conocimientos adquiridos en la UV y devolver un poco de lo que le dio el posgrado.<\/p>\n<p>\u201cAhora me toca brindar ese acompa\u00f1amiento que me dieron mis asesores y poner en pr\u00e1ctica la parte te\u00f3rica; representa sembrar semillitas y generar cambios que se requieren en la zona. Trabajar con j\u00f3venes ha sido gratificante.\u201d<\/p>\n<p>La docente, oriunda del estado de Tamaulipas y egresada de la Facultad de Biolog\u00eda UV, coment\u00f3 que la estancia comprende un mes, del 8 de agosto al 2 de septiembre, y surge de la colaboraci\u00f3n con Citlalli L\u00f3pez Binnq\u00fcist y Patricia Jerez Fern\u00e1ndez, investigadoras del <em>Citro<\/em>, en trabajos que tienen que ver con las Altas Monta\u00f1as.<\/p>\n<p>En los \u00faltimos tres a\u00f1os han desarrollado uno en torno a paisajes bioculturales y recursos dendroenerg\u00e9ticos, como es la producci\u00f3n de carb\u00f3n y le\u00f1a, importante en la sierra de Zongolica, y en el que han participado alumnos tanto del ITSZ como del <em>Citro<\/em> y la Facultad de Agronom\u00eda de la UV.<\/p>\n<p>\u201cLa idea de la estancia es darle continuidad al proyecto y generar otras maneras de colaborar con los estudiantes.\u201d<\/p>\n<p>Tambi\u00e9n, planean organizar un evento sobre el manejo de recursos naturales en la sierra de Zongolica, en el que intervengan estudiantes y poblaci\u00f3n de la regi\u00f3n, con el fin presentar esos conocimientos documentados a lo largo de estos a\u00f1os.<\/p>\n<p>Todo ello deriva adem\u00e1s de un convenio de colaboraci\u00f3n entre ambas entidades y el Cuerpo Acad\u00e9mico (CA) Agroforester\u00eda y Silvicultura Sustentable, adscrito a la Facultad de Ciencias Agr\u00edcolas, para la generaci\u00f3n de sinergias.<\/p>\n<p>En este sentido, expuso la necesidad de continuar la documentaci\u00f3n de formas de manejo tradicional de los bosques, de recursos forestales maderables y no maderables, as\u00ed como la visibilizaci\u00f3n de ese conocimiento que existe alrededor de esas pr\u00e1cticas.<\/p>\n<p>\u201cTrabajamos en el rescate y documentaci\u00f3n de esos manejos, es importante saber que no todo lo que est\u00e1 intervenido en cuanto a recursos forestales es malo, se pueden encontrar formas sostenibles de convivir con el medio ambiente y la naturaleza.\u201d<\/p>\n<p>Elizondo Salas manifest\u00f3 que su labor docente le ha permitido generar productos y proyectos de investigaci\u00f3n sobre la l\u00ednea de manejo de recursos naturales con enfoque biocultural, en el sentido de revalorizar la cultura n\u00e1huatl, los saberes y conocimientos.<\/p>\n<p>En el ITSZ, dijo, la mayor parte de los estudiantes son j\u00f3venes ind\u00edgenas de la regi\u00f3n con especial inter\u00e9s en el manejo de bosques, donde integran las visiones de reconocimiento y cosmovisi\u00f3n n\u00e1huatl.<\/p>\n<p>A trav\u00e9s de sus trabajos de tesis y por inquietud propia, ellos exploran este campo de conocimiento y abordan temas orientados hacia la protecci\u00f3n y cuidado de algunas especies arb\u00f3reas emblem\u00e1ticas como: yolox\u00f3chitl o magnolia mexicana.<\/p>\n<p>Tambi\u00e9n analizan la deforestaci\u00f3n de especies amenazadas, pol\u00edticas p\u00fablicas forestales y p\u00e9rdida del conocimiento tradicional, entre otros.<\/p>\n<p>Cabe mencionar que, como parte de este convenio de colaboraci\u00f3n, fue impartido un curso sobre productos forestales no maderables a profesores del ITSZ, en el marco del fortalecimiento de sus capacidades docentes y actualizaci\u00f3n en temas forestales.<\/p>\n","protected":false},"excerpt":{"rendered":"<p>Carolina Elizondo, egresada de la Maestr\u00eda en Ecolog\u00eda Tropical, realiza una estancia acad\u00e9mica para darle continuidad a investigaciones conjuntas y generar otras maneras de colaborar con los estudiantes<\/p>\n","protected":false},"author":1869,"featured_media":119508,"comment_status":"closed","ping_status":"closed","sticky":false,"template":"","format":"standard","meta":{"footnotes":""},"categories":[45,61],"tags":[],"class_list":["post-119504","post","type-post","status-publish","format-standard","has-post-thumbnail","hentry","category-ciencia","category-banner"],"_links":{"self":[{"href":"https:\/\/www.uv.mx\/prensa\/wp-json\/wp\/v2\/posts\/119504","targetHints":{"allow":["GET"]}}],"collection":[{"href":"https:\/\/www.uv.mx\/prensa\/wp-json\/wp\/v2\/posts"}],"about":[{"href":"https:\/\/www.uv.mx\/prensa\/wp-json\/wp\/v2\/types\/post"}],"author":[{"embeddable":true,"href":"https:\/\/www.uv.mx\/prensa\/wp-json\/wp\/v2\/users\/1869"}],"replies":[{"embeddable":true,"href":"https:\/\/www.uv.mx\/prensa\/wp-json\/wp\/v2\/comments?post=119504"}],"version-history":[{"count":1,"href":"https:\/\/www.uv.mx\/prensa\/wp-json\/wp\/v2\/posts\/119504\/revisions"}],"predecessor-version":[{"id":119525,"href":"https:\/\/www.uv.mx\/prensa\/wp-json\/wp\/v2\/posts\/119504\/revisions\/119525"}],"wp:featuredmedia":[{"embeddable":true,"href":"https:\/\/www.uv.mx\/prensa\/wp-json\/wp\/v2\/media\/119508"}],"wp:attachment":[{"href":"https:\/\/www.uv.mx\/prensa\/wp-json\/wp\/v2\/media?parent=119504"}],"wp:term":[{"taxonomy":"category","embeddable":true,"href":"https:\/\/www.uv.mx\/prensa\/wp-json\/wp\/v2\/categories?post=119504"},{"taxonomy":"post_tag","embeddable":true,"href":"https:\/\/www.uv.mx\/prensa\/wp-json\/wp\/v2\/tags?post=119504"}],"curies":[{"name":"wp","href":"https:\/\/api.w.org\/{rel}","templated":true}]}}