{"id":119461,"date":"2022-08-15T19:23:14","date_gmt":"2022-08-16T00:23:14","guid":{"rendered":"https:\/\/www.uv.mx\/prensa\/?p=119461"},"modified":"2022-08-17T12:22:21","modified_gmt":"2022-08-17T17:22:21","slug":"araceli-reyes-lopez-asumio-la-direccion-de-la-facultad-de-derecho","status":"publish","type":"post","link":"https:\/\/www.uv.mx\/prensa\/general\/araceli-reyes-lopez-asumio-la-direccion-de-la-facultad-de-derecho\/","title":{"rendered":"Araceli Reyes L\u00f3pez asumi\u00f3 la direcci\u00f3n de la Facultad de Derecho"},"content":{"rendered":"<ul class=\"ul1\">\n<li class=\"li1\"><i>Las mujeres ocupamos los lugares en tiempos que nos corresponden porque hay alternancia, dijo<\/i><\/li>\n<li class=\"li1\"><i>Hizo un llamado a trabajar en conjunto para que en donde se escuche el nombre de la UV sea aplaudido<\/i><\/li>\n<\/ul>\n<div id=\"attachment_119462\" style=\"width: 732px\" class=\"wp-caption aligncenter\"><img loading=\"lazy\" decoding=\"async\" aria-describedby=\"caption-attachment-119462\" class=\"size-full wp-image-119462\" src=\"https:\/\/www.uv.mx\/prensa\/files\/2022\/08\/15082022-Couttolenc-Araceli-Reyes-asumio\u0301-direccio\u0301n-1-100k.jpg\" alt=\"Yolanda Francisca Gonz\u00e1lez Molohua, directora general del \u00c1rea Acad\u00e9mica de Humanidades, tom\u00f3 protesta a Araceli Reyes L\u00f3pez como directora de la Facultad de Derecho\" width=\"722\" height=\"481\" srcset=\"https:\/\/www.uv.mx\/prensa\/files\/2022\/08\/15082022-Couttolenc-Araceli-Reyes-asumio\u0301-direccio\u0301n-1-100k.jpg 722w, https:\/\/www.uv.mx\/prensa\/files\/2022\/08\/15082022-Couttolenc-Araceli-Reyes-asumio\u0301-direccio\u0301n-1-100k-300x200.jpg 300w\" sizes=\"auto, (max-width: 722px) 100vw, 722px\" \/><p id=\"caption-attachment-119462\" class=\"wp-caption-text\">Yolanda Francisca Gonz\u00e1lez Molohua, directora general del \u00c1rea Acad\u00e9mica de Humanidades, tom\u00f3 protesta a Araceli Reyes L\u00f3pez como directora de la Facultad de Derecho<\/p><\/div>\n<p>&nbsp;<\/p>\n<p class=\"p1\"><b><i>Jos\u00e9 Luis Couttolenc Soto<\/i><\/b><\/p>\n<p class=\"p1\"><b><i>Fotos: C\u00e9sar Pisil Ramos<\/i><\/b><\/p>\n<p class=\"p1\"><b><i>15\/08\/2022, Xalapa, Ver.- <\/i><\/b>Araceli Reyes L\u00f3pez, acad\u00e9mica de tiempo completo con 22 a\u00f1os de servicio ininterrumpido, asumi\u00f3 la ma\u00f1ana de este lunes la direcci\u00f3n de la <a href=\"https:\/\/www.uv.mx\/derecho\/\" target=\"_blank\" rel=\"noopener\">Facultad de Derecho<\/a> de la Universidad Veracruzana (UV).<\/p>\n<p class=\"p1\">El acto protocolario, efectuado en el Aula Magna \u201cGuillermo I. Ortiz Mayagoitia\u201d de la entidad universitaria, estuvo encabezado por <span class=\"s1\">Yolanda Francisca Gonz\u00e1lez Molohua,<\/span> directora general del \u00c1rea Acad\u00e9mica de Humanidades, quien tuvo a su cargo la toma de protesta de ley, acompa\u00f1ada por Marisol Luna Leal, Abogada general de la instituci\u00f3n.<\/p>\n<p class=\"p1\">En un mensaje dirigido a la comunidad estudiantil y acad\u00e9mica de la Facultad, Reyes L\u00f3pez hizo un llamado a trabajar en conjunto \u2014 docentes, alumnos y personal administrativo\u2014 para que, en donde se escuche, el nombre de la Universidad Veracruzana sea siempre aplaudido.<\/p>\n<p class=\"p1\">Las mujeres \u201cdebemos hacer presencia, estamos ocupando los lugares que nos corresponden en los tiempos que nos corresponden, estamos en una alternancia en donde hay hombres y mujeres, por eso es bueno que estemos en esa apertura\u201d, expres\u00f3 la Maestra en Derecho Constitucional y Juicio de Amparo, y Doctora en Derecho.<\/p>\n<p class=\"p1\">Record\u00f3 que durante 12 a\u00f1os ocup\u00f3 la coordinaci\u00f3n de difusi\u00f3n en la facultad, \u201cme hizo estar muy de la mano con todo lo relacionado con la educaci\u00f3n continua y la actualizaci\u00f3n\u201d, por lo que detall\u00f3 que ese es uno de los ejes centrales de su plan de trabajo, \u201ccapacitar no s\u00f3lo a las y los estudiantes, sino tambi\u00e9n a los y las docentes, muchos de ellos tienen conocimientos de las nuevas tecnolog\u00edas, pero tenemos que trabajar m\u00e1s porque debemos capacitarnos todas y todos en todo\u201d.<\/p>\n<div id=\"attachment_119463\" style=\"width: 732px\" class=\"wp-caption aligncenter\"><img loading=\"lazy\" decoding=\"async\" aria-describedby=\"caption-attachment-119463\" class=\"size-full wp-image-119463\" src=\"https:\/\/www.uv.mx\/prensa\/files\/2022\/08\/15082022-Couttolenc-Araceli-Reyes-asumio\u0301-direccio\u0301n-2-100k.jpg\" alt=\"Mar\u00eda de Lourdes Roa Morales, Marisol Luna Leal, Yolanda Francisca Gonz\u00e1lez Molohua, Alberto Cruz Silva y Araceli Reyes L\u00f3pez\" width=\"722\" height=\"481\" srcset=\"https:\/\/www.uv.mx\/prensa\/files\/2022\/08\/15082022-Couttolenc-Araceli-Reyes-asumio\u0301-direccio\u0301n-2-100k.jpg 722w, https:\/\/www.uv.mx\/prensa\/files\/2022\/08\/15082022-Couttolenc-Araceli-Reyes-asumio\u0301-direccio\u0301n-2-100k-300x200.jpg 300w\" sizes=\"auto, (max-width: 722px) 100vw, 722px\" \/><p id=\"caption-attachment-119463\" class=\"wp-caption-text\">Mar\u00eda de Lourdes Roa Morales, Marisol Luna Leal, Yolanda Francisca Gonz\u00e1lez Molohua, Alberto Cruz Silva y Araceli Reyes L\u00f3pez<\/p><\/div>\n<p>&nbsp;<\/p>\n<p class=\"p1\">Mencion\u00f3 que la pandemia dej\u00f3 muchas cosas positivas, como el trabajo en la virtualidad, pero con el retorno a clases presenciales, a partir de este 15 de agosto, se tienen que revisar los da\u00f1os colaterales del aislamiento social, conscientes de que no hay reto que no se pueda superar.<\/p>\n<p class=\"p1\">Record\u00f3 que los directores que ha tenido la Facultad de Derecho han aportado su mejor esfuerzo, cada uno en su momento, y no dej\u00f3 de significar la aportaci\u00f3n acad\u00e9mica que dieron figuras femeninas como Ema Rodr\u00edguez Ca\u00f1ada, Haide\u00e9 Gonz\u00e1lez Rebolledo y Mercedes Gayosso y Navarrete, as\u00ed como otras juristas que tuvieron un breve paso en la direcci\u00f3n, como Carolina Viveros Garc\u00eda y Mercedes S\u00e1nchez Mathey.<\/p>\n<p class=\"p1\">En el acto de toma de protesta estuvieron presentes Isabel In\u00e9s Romero Cruz, magistrada presidenta del Tribunal Superior de Justicia y del Consejo de la Judicatura del Poder Judicial del Estado; Alberto Cruz Silva, director saliente; ex directores de la entidad acad\u00e9mica, directores de \u00e1rea, institutos y facultades de la UV; as\u00ed como funcionarios del \u00e1mbito estatal, municipal y del Poder Legislativo.<\/p>\n","protected":false},"excerpt":{"rendered":"<p>La funcionaria se ha desempe\u00f1ado como acad\u00e9mica de tiempo completo durante 22 a\u00f1os, cuenta con Maestr\u00eda en Derecho Constitucional y Juicio de Amparo, y Doctorado en Derecho<\/p>\n","protected":false},"author":1775,"featured_media":119462,"comment_status":"closed","ping_status":"closed","sticky":false,"template":"","format":"standard","meta":{"footnotes":""},"categories":[1],"tags":[523,4218,2500,6263,1867,524,4476,4162],"class_list":["post-119461","post","type-post","status-publish","format-standard","has-post-thumbnail","hentry","category-general","tag-academica","tag-araceli-reyes-lopez","tag-aula-magna","tag-cesar-pisil-ramos","tag-direccion","tag-facultad-de-derecho","tag-guillermo-i-ortiz-mayagoitia","tag-jose-luis-couttolenc-soto"],"_links":{"self":[{"href":"https:\/\/www.uv.mx\/prensa\/wp-json\/wp\/v2\/posts\/119461","targetHints":{"allow":["GET"]}}],"collection":[{"href":"https:\/\/www.uv.mx\/prensa\/wp-json\/wp\/v2\/posts"}],"about":[{"href":"https:\/\/www.uv.mx\/prensa\/wp-json\/wp\/v2\/types\/post"}],"author":[{"embeddable":true,"href":"https:\/\/www.uv.mx\/prensa\/wp-json\/wp\/v2\/users\/1775"}],"replies":[{"embeddable":true,"href":"https:\/\/www.uv.mx\/prensa\/wp-json\/wp\/v2\/comments?post=119461"}],"version-history":[{"count":1,"href":"https:\/\/www.uv.mx\/prensa\/wp-json\/wp\/v2\/posts\/119461\/revisions"}],"predecessor-version":[{"id":119546,"href":"https:\/\/www.uv.mx\/prensa\/wp-json\/wp\/v2\/posts\/119461\/revisions\/119546"}],"wp:featuredmedia":[{"embeddable":true,"href":"https:\/\/www.uv.mx\/prensa\/wp-json\/wp\/v2\/media\/119462"}],"wp:attachment":[{"href":"https:\/\/www.uv.mx\/prensa\/wp-json\/wp\/v2\/media?parent=119461"}],"wp:term":[{"taxonomy":"category","embeddable":true,"href":"https:\/\/www.uv.mx\/prensa\/wp-json\/wp\/v2\/categories?post=119461"},{"taxonomy":"post_tag","embeddable":true,"href":"https:\/\/www.uv.mx\/prensa\/wp-json\/wp\/v2\/tags?post=119461"}],"curies":[{"name":"wp","href":"https:\/\/api.w.org\/{rel}","templated":true}]}}