{"id":119401,"date":"2022-08-13T11:36:43","date_gmt":"2022-08-13T16:36:43","guid":{"rendered":"https:\/\/www.uv.mx\/prensa\/?p=119401"},"modified":"2022-08-15T09:39:37","modified_gmt":"2022-08-15T14:39:37","slug":"uv-tiene-mucho-que-ensenarnos-estudiantes-de-movilidad-internacional","status":"publish","type":"post","link":"https:\/\/www.uv.mx\/prensa\/general\/uv-tiene-mucho-que-ensenarnos-estudiantes-de-movilidad-internacional\/","title":{"rendered":"UV tiene mucho que ense\u00f1arnos: estudiantes de movilidad internacional"},"content":{"rendered":"<ul class=\"ul1\">\n<li class=\"li1\"><i>Tambi\u00e9n participaron en la ceremonia de bienvenida e inauguraci\u00f3n del ciclo escolar agosto 2022-enero 2023<\/i><\/li>\n<\/ul>\n<p>&nbsp;<\/p>\n<div id=\"attachment_119402\" style=\"width: 732px\" class=\"wp-caption aligncenter\"><img aria-describedby=\"caption-attachment-119402\" decoding=\"async\" loading=\"lazy\" class=\"size-full wp-image-119402\" src=\"https:\/\/www.uv.mx\/prensa\/files\/2022\/08\/12082022-KARINA-Sondeo-1-100k.jpg\" alt=\"F\u00e1tima Micaela Bernal Castillo, de la Universidad Nacional de Asunci\u00f3n, Paraguay\" width=\"722\" height=\"459\" srcset=\"https:\/\/www.uv.mx\/prensa\/files\/2022\/08\/12082022-KARINA-Sondeo-1-100k.jpg 722w, https:\/\/www.uv.mx\/prensa\/files\/2022\/08\/12082022-KARINA-Sondeo-1-100k-300x191.jpg 300w\" sizes=\"(max-width: 722px) 100vw, 722px\" \/><p id=\"caption-attachment-119402\" class=\"wp-caption-text\">F\u00e1tima Micaela Bernal Castillo, de la Universidad Nacional de Asunci\u00f3n, Paraguay<\/p><\/div>\n<p>&nbsp;<\/p>\n<p class=\"p1\"><b><i>Karina de la Paz Reyes D\u00edaz<\/i><\/b><\/p>\n<p class=\"p1\"><b><i>Fotos: Omar Portilla Palacios<span class=\"Apple-converted-space\">\u00a0<\/span><\/i><\/b><\/p>\n<p class=\"p1\"><b><i>13\/08\/2022, Xalapa, Ver.- <\/i><\/b>Estudiantes de <a href=\"https:\/\/www.uv.mx\/movilidad\/\" target=\"_blank\" rel=\"noopener\">movilidad internacional<\/a> ven a la Universidad Veracruzana (UV) como una destacada instituci\u00f3n de Latinoam\u00e9rica y de la que tienen mucho que aprender.<\/p>\n<p class=\"p3\">De ello compartieron en entrevista, en el marco de la ceremonia de bienvenida a estudiantes de nuevo ingreso e inauguraci\u00f3n del periodo escolar agosto 2022-enero 2023, el 12 de agosto. Ah\u00ed, al igual que el resto del estudiantado UV, corearon: \u201c\u00a1Una vez Halc\u00f3n, siempre Halc\u00f3n!\u201d.<\/p>\n<p class=\"p3\">Cabe recordar que en el presente ciclo un total de 51 estudiantes de instituciones educativas nacionales y extranjeras se integraron a las actividades acad\u00e9micas, culturales y deportivas de la instituci\u00f3n.<\/p>\n<div id=\"attachment_119403\" style=\"width: 732px\" class=\"wp-caption aligncenter\"><img aria-describedby=\"caption-attachment-119403\" decoding=\"async\" loading=\"lazy\" class=\"size-full wp-image-119403\" src=\"https:\/\/www.uv.mx\/prensa\/files\/2022\/08\/12082022-KARINA-Sondeo-2-100k.jpg\" alt=\"Alice Liandra Rodrigues, de la Universidade Estadual Paulista, Brasil\" width=\"722\" height=\"466\" srcset=\"https:\/\/www.uv.mx\/prensa\/files\/2022\/08\/12082022-KARINA-Sondeo-2-100k.jpg 722w, https:\/\/www.uv.mx\/prensa\/files\/2022\/08\/12082022-KARINA-Sondeo-2-100k-300x194.jpg 300w\" sizes=\"(max-width: 722px) 100vw, 722px\" \/><p id=\"caption-attachment-119403\" class=\"wp-caption-text\">Alice Liandra Rodrigues, de la Universidade Estadual Paulista, Brasil<\/p><\/div>\n<p>&nbsp;<\/p>\n<p class=\"p3\">F\u00e1tima Micaela Bernal Castillo estudia el programa educativo de Danza en la Universidad Nacional de Asunci\u00f3n, Paraguay, y har\u00e1 lo propio en el de Danza Contempor\u00e1nea de la UV.<\/p>\n<p class=\"p3\">\u201cFue por recomendaci\u00f3n del profesor Pedro Garc\u00eda, un gran bailar\u00edn y maestro contempor\u00e1neo de M\u00e9xico. Cuando estaba haciendo mi b\u00fasqueda me dijo: \u2018actualmente la Universidad Veracruzana tiene el mejor programa de Danza Contempor\u00e1nea, es la m\u00e1s antigua y la que recibe m\u00e1s el arte\u2019 \u201d, expres\u00f3 emocionada y con muchas expectativas.<\/p>\n<div id=\"attachment_119404\" style=\"width: 732px\" class=\"wp-caption aligncenter\"><img aria-describedby=\"caption-attachment-119404\" decoding=\"async\" loading=\"lazy\" class=\"size-full wp-image-119404\" src=\"https:\/\/www.uv.mx\/prensa\/files\/2022\/08\/12082022-KARINA-Sondeo-3-100k.jpg\" alt=\"Nicol\u00e1s Fernando Chiroque, de la Universidad Privada del Norte, Per\u00fa\" width=\"722\" height=\"468\" srcset=\"https:\/\/www.uv.mx\/prensa\/files\/2022\/08\/12082022-KARINA-Sondeo-3-100k.jpg 722w, https:\/\/www.uv.mx\/prensa\/files\/2022\/08\/12082022-KARINA-Sondeo-3-100k-300x194.jpg 300w\" sizes=\"(max-width: 722px) 100vw, 722px\" \/><p id=\"caption-attachment-119404\" class=\"wp-caption-text\">Nicol\u00e1s Fernando Chiroque, de la Universidad Privada del Norte, Per\u00fa<\/p><\/div>\n<p>&nbsp;<\/p>\n<p class=\"p3\">En ese mismo tenor comparti\u00f3 Alice Liandra Rodrigues, estudiante del programa de Relaciones Internacionales en la Universidade Estadual Paulista, Brasil; en la UV se incorpor\u00f3 al de Negocios Internacionales en la Facultad de Ciencias Administrativas y Sociales (FCAS).<\/p>\n<p class=\"p3\">\u201cA m\u00ed me encanta M\u00e9xico y la Universidad Veracruzana es una instituci\u00f3n que tiene mucho para ense\u00f1ar, es muy conocida en el estado de Veracruz y me encantar\u00eda ser parte de toda esta familia de Veracruz.\u201d<\/p>\n<div id=\"attachment_119405\" style=\"width: 732px\" class=\"wp-caption aligncenter\"><img aria-describedby=\"caption-attachment-119405\" decoding=\"async\" loading=\"lazy\" class=\"size-full wp-image-119405\" src=\"https:\/\/www.uv.mx\/prensa\/files\/2022\/08\/12082022-KARINA-Sondeo-4-100k.jpg\" alt=\"Nicol\u00e1s Moreno Valencia\" width=\"722\" height=\"473\" srcset=\"https:\/\/www.uv.mx\/prensa\/files\/2022\/08\/12082022-KARINA-Sondeo-4-100k.jpg 722w, https:\/\/www.uv.mx\/prensa\/files\/2022\/08\/12082022-KARINA-Sondeo-4-100k-300x197.jpg 300w\" sizes=\"(max-width: 722px) 100vw, 722px\" \/><p id=\"caption-attachment-119405\" class=\"wp-caption-text\">Nicol\u00e1s Moreno Valencia<\/p><\/div>\n<p>&nbsp;<\/p>\n<p class=\"p3\">Nicol\u00e1s Fernando Chiroque, estudiante de Administraci\u00f3n y <i>Marketing<\/i> en la Universidad Privada del Norte, Per\u00fa, se incorporar\u00e1 a Administraci\u00f3n y Negocios Internacionales en la FCAS.<\/p>\n<p class=\"p3\">\u201cMi opci\u00f3n siempre fue venir a M\u00e9xico. Se me presentaron varias oportunidades de universidades, pero la que m\u00e1s cumpl\u00eda con mis expectativas es la Universidad Veracruzana. Revis\u00e9 su portal, tiene muchas rese\u00f1as positivas, muchos profesionales, incluso muchas sedes\u201d, fue parte de su testimonio.<\/p>\n<div id=\"attachment_119406\" style=\"width: 732px\" class=\"wp-caption aligncenter\"><img aria-describedby=\"caption-attachment-119406\" decoding=\"async\" loading=\"lazy\" class=\"size-full wp-image-119406\" src=\"https:\/\/www.uv.mx\/prensa\/files\/2022\/08\/12082022-KARINA-Sondeo-5-100k.jpg\" alt=\"David Felipe D\u00edaz Arias, de la Universidad de Am\u00e9rica, Colombia\" width=\"722\" height=\"477\" srcset=\"https:\/\/www.uv.mx\/prensa\/files\/2022\/08\/12082022-KARINA-Sondeo-5-100k.jpg 722w, https:\/\/www.uv.mx\/prensa\/files\/2022\/08\/12082022-KARINA-Sondeo-5-100k-300x198.jpg 300w\" sizes=\"(max-width: 722px) 100vw, 722px\" \/><p id=\"caption-attachment-119406\" class=\"wp-caption-text\">David Felipe D\u00edaz Arias, de la Universidad de Am\u00e9rica, Colombia<\/p><\/div>\n<p>&nbsp;<\/p>\n<p class=\"p3\">En ese sentido compartieron dos estudiantes m\u00e1s, de la Universidad de Am\u00e9rica, Colombia: Nicol\u00e1s Moreno Valencia y David Felipe D\u00edaz Arias.<\/p>\n<p class=\"p3\">Ambos estudian Arquitectura y vienen con el firme prop\u00f3sito de aprender metodolog\u00edas educativas y conocer de la arquitectura mexicana, as\u00ed como de la cultura en general.<\/p>\n","protected":false},"excerpt":{"rendered":"<p>De ello compartieron en entrevista, en el marco de la ceremonia de bienvenida a estudiantes de nuevo ingreso e inauguraci\u00f3n del periodo escolar agosto 2022-enero 2023.<\/p>\n","protected":false},"author":1775,"featured_media":119409,"comment_status":"closed","ping_status":"closed","sticky":false,"template":"","format":"standard","meta":[],"categories":[1],"tags":[8332,21,559,4015,5084,3679,6462,2030],"_links":{"self":[{"href":"https:\/\/www.uv.mx\/prensa\/wp-json\/wp\/v2\/posts\/119401"}],"collection":[{"href":"https:\/\/www.uv.mx\/prensa\/wp-json\/wp\/v2\/posts"}],"about":[{"href":"https:\/\/www.uv.mx\/prensa\/wp-json\/wp\/v2\/types\/post"}],"author":[{"embeddable":true,"href":"https:\/\/www.uv.mx\/prensa\/wp-json\/wp\/v2\/users\/1775"}],"replies":[{"embeddable":true,"href":"https:\/\/www.uv.mx\/prensa\/wp-json\/wp\/v2\/comments?post=119401"}],"version-history":[{"count":1,"href":"https:\/\/www.uv.mx\/prensa\/wp-json\/wp\/v2\/posts\/119401\/revisions"}],"predecessor-version":[{"id":119415,"href":"https:\/\/www.uv.mx\/prensa\/wp-json\/wp\/v2\/posts\/119401\/revisions\/119415"}],"wp:featuredmedia":[{"embeddable":true,"href":"https:\/\/www.uv.mx\/prensa\/wp-json\/wp\/v2\/media\/119409"}],"wp:attachment":[{"href":"https:\/\/www.uv.mx\/prensa\/wp-json\/wp\/v2\/media?parent=119401"}],"wp:term":[{"taxonomy":"category","embeddable":true,"href":"https:\/\/www.uv.mx\/prensa\/wp-json\/wp\/v2\/categories?post=119401"},{"taxonomy":"post_tag","embeddable":true,"href":"https:\/\/www.uv.mx\/prensa\/wp-json\/wp\/v2\/tags?post=119401"}],"curies":[{"name":"wp","href":"https:\/\/api.w.org\/{rel}","templated":true}]}}