{"id":118979,"date":"2022-08-03T12:04:00","date_gmt":"2022-08-03T17:04:00","guid":{"rendered":"https:\/\/www.uv.mx\/prensa\/?p=118979"},"modified":"2022-08-03T13:34:55","modified_gmt":"2022-08-03T18:34:55","slug":"alumna-de-posgrado-publico-libro-sobre-derecho-ambiental","status":"publish","type":"post","link":"https:\/\/www.uv.mx\/prensa\/general\/alumna-de-posgrado-publico-libro-sobre-derecho-ambiental\/","title":{"rendered":"Alumna de posgrado public\u00f3 libro sobre derecho ambiental"},"content":{"rendered":"<ul class=\"ul1\">\n<li class=\"li1\"><i>Mar\u00eda Elo\u00edsa Aguilar Rodr\u00edguez considera que esta especialidad es poco valorada en los programas educativos de la disciplina<\/i><\/li>\n<li class=\"li1\"><i>\u201cHacen falta especialistas que sepan litigar sobre el tema\u201d, expres\u00f3<\/i><\/li>\n<\/ul>\n<p>&nbsp;<\/p>\n<div id=\"attachment_118980\" style=\"width: 732px\" class=\"wp-caption aligncenter\"><img loading=\"lazy\" decoding=\"async\" aria-describedby=\"caption-attachment-118980\" class=\"size-full wp-image-118980\" src=\"https:\/\/www.uv.mx\/prensa\/files\/2022\/08\/02082022-Libro-Derecho-Ambiental-1-100k.jpg\" alt=\"Mar\u00eda Elo\u00edsa Aguilar Rodr\u00edguez, alumna de doctorado de la UV, public\u00f3 un libro sobre derecho ambiental\" width=\"722\" height=\"407\" srcset=\"https:\/\/www.uv.mx\/prensa\/files\/2022\/08\/02082022-Libro-Derecho-Ambiental-1-100k.jpg 722w, https:\/\/www.uv.mx\/prensa\/files\/2022\/08\/02082022-Libro-Derecho-Ambiental-1-100k-300x169.jpg 300w\" sizes=\"auto, (max-width: 722px) 100vw, 722px\" \/><p id=\"caption-attachment-118980\" class=\"wp-caption-text\">Mar\u00eda Elo\u00edsa Aguilar Rodr\u00edguez, alumna de doctorado de la UV, public\u00f3 un libro sobre derecho ambiental<\/p><\/div>\n<p>&nbsp;<\/p>\n<p class=\"p1\"><b><i>Jos\u00e9 Luis Couttolenc Soto<\/i><\/b><\/p>\n<p class=\"p1\"><b><i>Foto: C\u00e9sar Pisil Ramos<\/i><\/b><\/p>\n<p class=\"p1\"><b><i>03\/08\/2022, Xalapa, Ver.- <\/i><\/b>Mar\u00eda Elo\u00edsa Aguilar Rodr\u00edguez, alumna del Doctorado en <a href=\"https:\/\/www.uv.mx\/mie\/#:~:text=La%20Maestr%C3%ADa%20de%20Investigaci%C3%B3n%20Educativa,la%20eficacia%20de%20las%20pr%C3%A1cticas\">Investigaci\u00f3n Educativa de la Universidad Veracruzana<\/a> (UV), public\u00f3 recientemente el libro digital <i>An\u00e1lisis de las trayectorias formativas de especialistas en derecho ambiental en M\u00e9xico<\/i>, el cual es una invitaci\u00f3n a explorar otros nichos del derecho.<\/p>\n<p class=\"p1\">En su opini\u00f3n, la ense\u00f1anza de esta disciplina ha seguido una l\u00ednea muy normativista en donde se exaltan determinados campos generales del derecho (civil, mercantil y otros m\u00e1s), \u201cesto me llev\u00f3 a indagar otros \u00e1mbitos de esta profesi\u00f3n\u201d.<\/p>\n<p class=\"p1\">La obra, publicada por el Centro de Estudios sobre la Ense\u00f1anza y Aprendizaje del Derecho (CEEAD), es producto del trabajo recepcional con el que obtuvo el grado de Maestra en Investigaci\u00f3n Educativa por la UV.<\/p>\n<p class=\"p3\">El mismo con el que gan\u00f3 el Premio Engrane 2020 como mejor tesis de posgrado, convocado por el CEEAD, y recibi\u00f3 la invitaci\u00f3n para publicarla en formato libro; para ello realiz\u00f3 algunas adecuaciones con lenguaje menos acad\u00e9mico con relaci\u00f3n al documento de origen.<\/p>\n<p class=\"p1\">Aguilar Rodr\u00edguez se\u00f1al\u00f3 que existen pocos especialistas en derecho ambiental que puedan juzgar cuando existe alg\u00fan litigio sobre la materia; mencion\u00f3 tambi\u00e9n que es necesario que instituciones de educaci\u00f3n superior (IES) transversalicen el tema ambiental no como materia optativa, sino en todas las ramas del derecho, dado que es un desaf\u00edo que se tiene en la actualidad \u201cy se carece de especialistas\u201d.<\/p>\n<p class=\"p1\">La universitaria reconoci\u00f3 que son pocas las IES que tienen integrada esta materia, y en su mayor\u00eda son de car\u00e1cter privado y entre las p\u00fablicas se encuentra la UV.<\/p>\n<p class=\"p3\">\u201cEn otras universidades los estudiantes de Derecho desconocen la normativa ambiental, por lo que es necesaria la reconstrucci\u00f3n de la ense\u00f1anza del derecho ambiental en M\u00e9xico.\u201d<\/p>\n<p class=\"p1\">Explic\u00f3 que durante su investigaci\u00f3n para la tesis de maestr\u00eda visibiliz\u00f3 la falta de espacios formativos en esta \u00e1rea, por lo que con su trabajo busca abonar a su fortalecimiento y hacer visible la posici\u00f3n que se le ha dado como disciplina de estudios dentro de las IES.<\/p>\n<p class=\"p1\">Para la universitaria, la pertinencia del derecho ambiental desde la investigaci\u00f3n educativa radica en la reflexi\u00f3n acerca de su abordaje en la formaci\u00f3n profesional, para que los estudiantes conciban la responsabilidad ambiental que conlleva la praxis jur\u00eddica.<\/p>\n<p class=\"p4\">Mar\u00eda Elo\u00edsa <span class=\"s1\">presentar\u00e1 su libro el viernes 26 de agosto a las 17:00 horas, en las instalaciones de El Colegio de Veracruz. Los interesados en conocer su obra la pueden encontrar en la biblioteca digital <a href=\"https:\/\/ceead.org.mx\/como-transformamos\/biblioteca-digital\"><span class=\"s2\">https:\/\/ceead.org.mx\/como-transformamos\/biblioteca-digital<\/span><\/a><\/span>; es de acceso libre, previo registro.<\/p>\n","protected":false},"excerpt":{"rendered":"<p>Mar\u00eda Elo\u00edsa Aguilar Rodr\u00edguez, del Doctorado en Investigaci\u00f3n Educativa de la UV, es autora de An\u00e1lisis de las trayectorias formativas de especialistas en derecho ambiental en M\u00e9xico <\/p>\n","protected":false},"author":1775,"featured_media":118980,"comment_status":"closed","ping_status":"closed","sticky":false,"template":"","format":"standard","meta":{"footnotes":""},"categories":[1],"tags":[808,8244,8243,6263,8242,4162,586,8241],"class_list":["post-118979","post","type-post","status-publish","format-standard","has-post-thumbnail","hentry","category-general","tag-alumna","tag-ceead","tag-centro-de-estudios-sobre-la-ensenanza-y-aprendizaje-del-derecho","tag-cesar-pisil-ramos","tag-doctorado-en-investigacion-educativa","tag-jose-luis-couttolenc-soto","tag-libro","tag-maria-eloisa-aguilar-rodriguez"],"_links":{"self":[{"href":"https:\/\/www.uv.mx\/prensa\/wp-json\/wp\/v2\/posts\/118979","targetHints":{"allow":["GET"]}}],"collection":[{"href":"https:\/\/www.uv.mx\/prensa\/wp-json\/wp\/v2\/posts"}],"about":[{"href":"https:\/\/www.uv.mx\/prensa\/wp-json\/wp\/v2\/types\/post"}],"author":[{"embeddable":true,"href":"https:\/\/www.uv.mx\/prensa\/wp-json\/wp\/v2\/users\/1775"}],"replies":[{"embeddable":true,"href":"https:\/\/www.uv.mx\/prensa\/wp-json\/wp\/v2\/comments?post=118979"}],"version-history":[{"count":1,"href":"https:\/\/www.uv.mx\/prensa\/wp-json\/wp\/v2\/posts\/118979\/revisions"}],"predecessor-version":[{"id":118999,"href":"https:\/\/www.uv.mx\/prensa\/wp-json\/wp\/v2\/posts\/118979\/revisions\/118999"}],"wp:featuredmedia":[{"embeddable":true,"href":"https:\/\/www.uv.mx\/prensa\/wp-json\/wp\/v2\/media\/118980"}],"wp:attachment":[{"href":"https:\/\/www.uv.mx\/prensa\/wp-json\/wp\/v2\/media?parent=118979"}],"wp:term":[{"taxonomy":"category","embeddable":true,"href":"https:\/\/www.uv.mx\/prensa\/wp-json\/wp\/v2\/categories?post=118979"},{"taxonomy":"post_tag","embeddable":true,"href":"https:\/\/www.uv.mx\/prensa\/wp-json\/wp\/v2\/tags?post=118979"}],"curies":[{"name":"wp","href":"https:\/\/api.w.org\/{rel}","templated":true}]}}