{"id":118828,"date":"2022-07-28T08:00:25","date_gmt":"2022-07-28T13:00:25","guid":{"rendered":"https:\/\/www.uv.mx\/prensa\/?p=118828"},"modified":"2022-08-02T11:26:50","modified_gmt":"2022-08-02T16:26:50","slug":"uv-sede-del-coloquio-internacional-las-bajas-pasiones-sexo-y-lujuria","status":"publish","type":"post","link":"https:\/\/www.uv.mx\/prensa\/eventos\/uv-sede-del-coloquio-internacional-las-bajas-pasiones-sexo-y-lujuria\/","title":{"rendered":"UV, sede del Coloquio Internacional \u201cLas bajas pasiones: sexo y lujuria\u201d"},"content":{"rendered":"<ul class=\"ul1\">\n<li class=\"li1\"><i>En modalidad h\u00edbrida en el IIH-S, del 19 al 21 de octubre<\/i><\/li>\n<li class=\"li1\"><i>Los interesados en participar deber\u00e1n enviar sus escritos antes del 9 de septiembre, al correo <\/i><a href=\"mailto:coloquiosexoylujuria@gmail.com\"><span class=\"s2\"><i>coloquiosexoylujuria@gmail.com<\/i><\/span><\/a><\/li>\n<\/ul>\n<p>&nbsp;<\/p>\n<div id=\"attachment_118829\" style=\"width: 732px\" class=\"wp-caption aligncenter\"><img aria-describedby=\"caption-attachment-118829\" decoding=\"async\" loading=\"lazy\" class=\"size-full wp-image-118829\" src=\"https:\/\/www.uv.mx\/prensa\/files\/2022\/07\/050722-PAOLA-Coloquio-Las-bajas-pasiones-100k.jpg\" alt=\"Universidades y centros de investigaci\u00f3n organizan el evento acad\u00e9mico\" width=\"722\" height=\"410\" srcset=\"https:\/\/www.uv.mx\/prensa\/files\/2022\/07\/050722-PAOLA-Coloquio-Las-bajas-pasiones-100k.jpg 722w, https:\/\/www.uv.mx\/prensa\/files\/2022\/07\/050722-PAOLA-Coloquio-Las-bajas-pasiones-100k-300x170.jpg 300w\" sizes=\"(max-width: 722px) 100vw, 722px\" \/><p id=\"caption-attachment-118829\" class=\"wp-caption-text\">Universidades y centros de investigaci\u00f3n organizan el evento acad\u00e9mico<\/p><\/div>\n<p>&nbsp;<\/p>\n<p class=\"p1\"><b><i>28\/07\/2022, Xalapa, Ver.-<\/i><\/b> La Universidad Veracruzana (UV) ser\u00e1 sede \u2013en modalidad h\u00edbrida\u2013 del II Coloquio Internacional \u201cLas bajas pasiones: sexo y lujuria. Estudios cl\u00ednicos y human\u00edsticos de las emociones\u201d, del 19 al 21 de octubre.<\/p>\n<p class=\"p1\">El evento acad\u00e9mico se realiza en el marco de las celebraciones del 50 aniversario de la fundaci\u00f3n del<a href=\"https:\/\/www.uv.mx\/iihs\/\" target=\"_blank\" rel=\"noopener\"> Instituto de Investigaciones Hist\u00f3rico-Sociales<\/a> (IIH-S), los 65 a\u00f1os de la creaci\u00f3n de la Facultad de Letras Espa\u00f1olas y tres d\u00e9cadas del Instituto de Neuroetolog\u00eda, de esta casa de estudios.<\/p>\n<p class=\"p1\">En la convocatoria expresan que ser\u00e1 desde la antropolog\u00eda social y de las religiones, la arqueolog\u00eda, el arte, la educaci\u00f3n, la filosof\u00eda, la historia, la literatura, la neuroetolog\u00eda, la psiquiatr\u00eda, el psicoan\u00e1lisis y la sociolog\u00eda, entre otras, donde se ancle la inscripci\u00f3n y escritura de la diversidad biocultural, as\u00ed como de sus relaciones con la corporalidad y las emociones de la individualidad a la colectividad.<\/p>\n<p class=\"p1\">En el coloquio se presentar\u00e1n ponencias y mesas de trabajo, donde se abordar\u00e1n los ejes tem\u00e1ticos: Configuraci\u00f3n y conflictos de la sexualidad y el erotismo: procesos hist\u00f3ricos; Erotismo, lujuria y misticismo en los sistemas religiosos y creencias; Erotismo y pornocultura; Psicoetolog\u00eda y sexualidad; Sexualidad y erotismo en p\u00e1ginas <i>web<\/i> y redes sociales, y Diversidad e identidad de g\u00e9nero.<\/p>\n<p class=\"p1\">Podr\u00e1n participar profesionales de los campos disciplinarios: antropolog\u00eda social y de las religiones, arqueolog\u00eda, arte, educaci\u00f3n, filosof\u00eda, historia, literatura, neuroetolog\u00eda, psiquiatr\u00eda, psicoan\u00e1lisis, sociolog\u00eda, entre otros.<\/p>\n<p class=\"p1\">La recepci\u00f3n de las propuestas ser\u00e1 del 15 de julio al 9 de septiembre, al correo electr\u00f3nico <a href=\"mailto:coloquiosexoylujuria@gmail.com\"><span class=\"s1\">coloquiosexoylujuria@gmail.com<\/span><\/a>; la participaci\u00f3n no tendr\u00e1 costo alguno. Las cartas de aceptaci\u00f3n se dar\u00e1n a conocer el 19 de septiembre.<\/p>\n<p class=\"p1\">Por parte de la UV, convocan los cuerpos acad\u00e9micos (CA) Historia y Cultura, del IIH-S; Neuroetolog\u00eda, del Instituto de Neuroetolog\u00eda; y Di\u00e1logos Interdisciplinarios en la Literatura Hispanoamericana, del Instituto de Investigaciones Ling\u00fc\u00edstico-Literarias (IIL-L).<\/p>\n<p class=\"p1\">As\u00ed como el CA Maestr\u00eda en Estudios Literarios y Ling\u00fc\u00edsticos, de la Universidad Aut\u00f3noma de Ciudad Ju\u00e1rez, Chihuahua; El Colegio de San Luis; la Universidad Nacional Aut\u00f3noma de M\u00e9xico; el Centro de Investigaciones y Estudios Superiores en Antropolog\u00eda Social, Unidad Regional Sureste (CIESAS Sureste), e investigadores independientes.<span class=\"Apple-converted-space\">\u00a0<\/span><\/p>\n","protected":false},"excerpt":{"rendered":"<p>La recepci\u00f3n de las propuestas ser\u00e1 del 15 de julio al 9 de septiembre, al correo electr\u00f3nico coloquiosexoylujuria@gmail.com<\/p>\n","protected":false},"author":1775,"featured_media":118830,"comment_status":"closed","ping_status":"closed","sticky":false,"template":"","format":"standard","meta":[],"categories":[47,61],"tags":[8197,5481,8202,8200,1682,8201,82,852,179,8199,8198],"_links":{"self":[{"href":"https:\/\/www.uv.mx\/prensa\/wp-json\/wp\/v2\/posts\/118828"}],"collection":[{"href":"https:\/\/www.uv.mx\/prensa\/wp-json\/wp\/v2\/posts"}],"about":[{"href":"https:\/\/www.uv.mx\/prensa\/wp-json\/wp\/v2\/types\/post"}],"author":[{"embeddable":true,"href":"https:\/\/www.uv.mx\/prensa\/wp-json\/wp\/v2\/users\/1775"}],"replies":[{"embeddable":true,"href":"https:\/\/www.uv.mx\/prensa\/wp-json\/wp\/v2\/comments?post=118828"}],"version-history":[{"count":1,"href":"https:\/\/www.uv.mx\/prensa\/wp-json\/wp\/v2\/posts\/118828\/revisions"}],"predecessor-version":[{"id":118922,"href":"https:\/\/www.uv.mx\/prensa\/wp-json\/wp\/v2\/posts\/118828\/revisions\/118922"}],"wp:featuredmedia":[{"embeddable":true,"href":"https:\/\/www.uv.mx\/prensa\/wp-json\/wp\/v2\/media\/118830"}],"wp:attachment":[{"href":"https:\/\/www.uv.mx\/prensa\/wp-json\/wp\/v2\/media?parent=118828"}],"wp:term":[{"taxonomy":"category","embeddable":true,"href":"https:\/\/www.uv.mx\/prensa\/wp-json\/wp\/v2\/categories?post=118828"},{"taxonomy":"post_tag","embeddable":true,"href":"https:\/\/www.uv.mx\/prensa\/wp-json\/wp\/v2\/tags?post=118828"}],"curies":[{"name":"wp","href":"https:\/\/api.w.org\/{rel}","templated":true}]}}