{"id":118497,"date":"2022-07-02T12:32:11","date_gmt":"2022-07-02T17:32:11","guid":{"rendered":"https:\/\/www.uv.mx\/prensa\/?p=118497"},"modified":"2022-07-04T12:20:42","modified_gmt":"2022-07-04T17:20:42","slug":"estudiantes-del-citro-realizaron-mercado-de-trueque-en-orquidario-uv","status":"publish","type":"post","link":"https:\/\/www.uv.mx\/prensa\/general\/estudiantes-del-citro-realizaron-mercado-de-trueque-en-orquidario-uv\/","title":{"rendered":"Estudiantes del <em>Citro<\/em> realizaron mercado de trueque en Orquidario UV"},"content":{"rendered":"<ul class=\"ul1\">\n<li class=\"li1\"><i>El evento tiene por finalidad promover el intercambio de experiencias<\/i><\/li>\n<li class=\"li1\"><i>Alumnos de la Maestr\u00eda en Ecolog\u00eda Tropical tambi\u00e9n exponen sus proyectos de investigaci\u00f3n<span class=\"Apple-converted-space\">\u00a0<\/span><\/i><\/li>\n<\/ul>\n<p>&nbsp;<\/p>\n<div id=\"attachment_118502\" style=\"width: 732px\" class=\"wp-caption aligncenter\"><img aria-describedby=\"caption-attachment-118502\" decoding=\"async\" loading=\"lazy\" class=\"size-full wp-image-118502\" src=\"https:\/\/www.uv.mx\/prensa\/files\/2022\/07\/020722-CARLOS-Eco-Trueque-3-5-100k.jpg\" alt=\"El 1er Foro-Taller: Eco-Trueque fomenta el intercambio de plantas\" width=\"722\" height=\"481\" srcset=\"https:\/\/www.uv.mx\/prensa\/files\/2022\/07\/020722-CARLOS-Eco-Trueque-3-5-100k.jpg 722w, https:\/\/www.uv.mx\/prensa\/files\/2022\/07\/020722-CARLOS-Eco-Trueque-3-5-100k-300x200.jpg 300w\" sizes=\"(max-width: 722px) 100vw, 722px\" \/><p id=\"caption-attachment-118502\" class=\"wp-caption-text\">El 1er Foro-Taller: Eco-Trueque fomenta el intercambio de plantas<\/p><\/div>\n<p>&nbsp;<\/p>\n<p class=\"p1\"><b><i>Carlos Hugo Hermida Rosales<\/i><\/b><\/p>\n<p class=\"p1\"><b><i>Fotos: C\u00e9sar Pisil Ramos<\/i><\/b><\/p>\n<p class=\"p1\"><b><i>02\/07\/2022, Xalapa, Ver.-<\/i><\/b> Estudiantes y docentes de la Maestr\u00eda en Ecolog\u00eda Tropical, del <a href=\"https:\/\/www.uv.mx\/citro\/\" target=\"_blank\" rel=\"noopener\">Centro de Investigaciones Tropicales<\/a> (<i>Citro<\/i>) de la Universidad Veracruzana (UV), inauguraron el 30 de junio en el Orquidario del<b> <\/b>Campus\u00a0para la Cultura, las Artes y el Deporte (Campus CAD), el 1er Foro-Taller: Eco-Trueque \u201cTransformando el pensamiento, construyendo soluciones\u201d.<\/p>\n<p class=\"p3\">El evento concluir\u00e1 el 1 de julio y tiene como finalidad promover el intercambio de experiencias sobre los diferentes problemas y retos medioambientales del estado de Veracruz; el programa de actividades incluye un mercado de trueque, un taller de compostaje y charlas que abordan diversos temas como la importancia de los murci\u00e9lagos y los usos medicinales de la vainilla.<span class=\"Apple-converted-space\">\u00a0<\/span><\/p>\n<p class=\"p3\">Evodia Silva Rivera, coordinadora del posgrado, mencion\u00f3 que a trav\u00e9s del foro-taller las y los alumnos organizadores comparten sus proyectos de investigaci\u00f3n, al tiempo que promueven el intercambio de objetos cotidianos.<\/p>\n<div id=\"attachment_118503\" style=\"width: 732px\" class=\"wp-caption aligncenter\"><img aria-describedby=\"caption-attachment-118503\" decoding=\"async\" loading=\"lazy\" class=\"size-full wp-image-118503\" src=\"https:\/\/www.uv.mx\/prensa\/files\/2022\/07\/020722-CARLOS-Eco-Trueque-3-6-100k.jpg\" alt=\"Las y los asistentes llevaron diversos art\u00edculos, como ropa, juguetes y material escolar\" width=\"722\" height=\"481\" srcset=\"https:\/\/www.uv.mx\/prensa\/files\/2022\/07\/020722-CARLOS-Eco-Trueque-3-6-100k.jpg 722w, https:\/\/www.uv.mx\/prensa\/files\/2022\/07\/020722-CARLOS-Eco-Trueque-3-6-100k-300x200.jpg 300w\" sizes=\"(max-width: 722px) 100vw, 722px\" \/><p id=\"caption-attachment-118503\" class=\"wp-caption-text\">Las y los asistentes llevaron diversos art\u00edculos, como ropa, juguetes y material escolar<\/p><\/div>\n<p>&nbsp;<\/p>\n<p class=\"p3\">\u201cEsta iniciativa es resultado de las preocupaciones que ellos tienen sobre la problem\u00e1tica ambiental social, y su deseo de traducir el conocimiento que generan y volverlo accesible a la gente\u201d, coment\u00f3.<span class=\"Apple-converted-space\">\u00a0<\/span><\/p>\n<p class=\"p3\">Los estudiantes de la Maestr\u00eda en Ecolog\u00eda Tropical manifestaron su emoci\u00f3n por organizar este foro presencial, abierto al p\u00fablico en general.<\/p>\n<p class=\"p3\">Paola Lizbeth Sorcia Navarrete expres\u00f3 estar complacida por compartir la informaci\u00f3n que adquiri\u00f3 en el aula, y por apoyar a la econom\u00eda de las personas al fomentar el trueque.<\/p>\n<div id=\"attachment_118498\" style=\"width: 732px\" class=\"wp-caption aligncenter\"><img aria-describedby=\"caption-attachment-118498\" decoding=\"async\" loading=\"lazy\" class=\"size-full wp-image-118498\" src=\"https:\/\/www.uv.mx\/prensa\/files\/2022\/07\/020722-CARLOS-Eco-Trueque-3-1-100k.jpg\" alt=\"Evodia Silva Rivera en compa\u00f1\u00eda de los estudiantes organizadores\" width=\"722\" height=\"481\" srcset=\"https:\/\/www.uv.mx\/prensa\/files\/2022\/07\/020722-CARLOS-Eco-Trueque-3-1-100k.jpg 722w, https:\/\/www.uv.mx\/prensa\/files\/2022\/07\/020722-CARLOS-Eco-Trueque-3-1-100k-300x200.jpg 300w\" sizes=\"(max-width: 722px) 100vw, 722px\" \/><p id=\"caption-attachment-118498\" class=\"wp-caption-text\">Evodia Silva Rivera en compa\u00f1\u00eda de los estudiantes organizadores<\/p><\/div>\n<p>&nbsp;<\/p>\n<p class=\"p3\">\u201cNuestra formaci\u00f3n acad\u00e9mica incluye colaborar con la sociedad ya que somos parte de ella, y eventos como \u00e9ste nos brindan experiencia y propician v\u00ednculos\u201d, asegur\u00f3.<span class=\"Apple-converted-space\">\u00a0<\/span><\/p>\n<p class=\"p3\">Mar\u00eda Judith Carmona Higuita afirm\u00f3 que el trueque es una actividad que ya se practica en la regi\u00f3n, y favorece la creaci\u00f3n de alianzas y promueve la econom\u00eda circular.<\/p>\n<p class=\"p3\">\u201cEl conocimiento es de todos, y poder divulgarlo a trav\u00e9s de este evento es muy gratificante\u201d, manifest\u00f3.<\/p>\n<div id=\"attachment_118499\" style=\"width: 732px\" class=\"wp-caption aligncenter\"><img aria-describedby=\"caption-attachment-118499\" decoding=\"async\" loading=\"lazy\" class=\"size-full wp-image-118499\" src=\"https:\/\/www.uv.mx\/prensa\/files\/2022\/07\/020722-CARLOS-Eco-Trueque-3-2-100k.jpg\" alt=\"Naomi Mart\u00ednez Gonz\u00e1lez\" width=\"722\" height=\"481\" srcset=\"https:\/\/www.uv.mx\/prensa\/files\/2022\/07\/020722-CARLOS-Eco-Trueque-3-2-100k.jpg 722w, https:\/\/www.uv.mx\/prensa\/files\/2022\/07\/020722-CARLOS-Eco-Trueque-3-2-100k-300x200.jpg 300w\" sizes=\"(max-width: 722px) 100vw, 722px\" \/><p id=\"caption-attachment-118499\" class=\"wp-caption-text\">Naomi Mart\u00ednez Gonz\u00e1lez<\/p><\/div>\n<p>&nbsp;<\/p>\n<p class=\"p3\">Abraham Mendoza P\u00e9rez enfatiz\u00f3 que es de suma importancia rescatar el intercambio de mercanc\u00edas entre personas, ya que representa una ruta de acceso a una reutilizaci\u00f3n de art\u00edculos, la cual es ben\u00e9fica al medio ambiente.<span class=\"Apple-converted-space\">\u00a0<\/span><\/p>\n<p class=\"p3\">Por su parte, los participantes del mercado de trueque agradecieron a la UV por darles la oportunidad de canjear sus productos.<span class=\"Apple-converted-space\">\u00a0<\/span><\/p>\n<p class=\"p3\">Naomi Mart\u00ednez Gonz\u00e1lez, quien llev\u00f3 artesan\u00edas, mencion\u00f3 que este evento es una excelente manera de fomentar el consumo responsable entre la sociedad.<\/p>\n<div id=\"attachment_118500\" style=\"width: 732px\" class=\"wp-caption aligncenter\"><img aria-describedby=\"caption-attachment-118500\" decoding=\"async\" loading=\"lazy\" class=\"size-full wp-image-118500\" src=\"https:\/\/www.uv.mx\/prensa\/files\/2022\/07\/020722-CARLOS-Eco-Trueque-3-3-100k.jpg\" alt=\"Juan Carlos Loza V\u00e1zquez\" width=\"722\" height=\"481\" srcset=\"https:\/\/www.uv.mx\/prensa\/files\/2022\/07\/020722-CARLOS-Eco-Trueque-3-3-100k.jpg 722w, https:\/\/www.uv.mx\/prensa\/files\/2022\/07\/020722-CARLOS-Eco-Trueque-3-3-100k-300x200.jpg 300w\" sizes=\"(max-width: 722px) 100vw, 722px\" \/><p id=\"caption-attachment-118500\" class=\"wp-caption-text\">Juan Carlos Loza V\u00e1zquez<\/p><\/div>\n<p>&nbsp;<\/p>\n<p class=\"p3\">\u201cLas formas de producci\u00f3n actuales son muy da\u00f1inas al medio ambiente y a la poblaci\u00f3n\u201d, asever\u00f3.<span class=\"Apple-converted-space\">\u00a0<\/span><\/p>\n<p class=\"p3\">Juan Carlos Loza V\u00e1zquez, quien acudi\u00f3 a intercambiar prendas de vestir, destac\u00f3 la belleza del Campus CAD y la pertinencia de los temas que se abordan en las charlas.<span class=\"Apple-converted-space\">\u00a0<\/span><\/p>\n<p class=\"p3\">Aplaudi\u00f3 que la UV abra sus puertas al p\u00fablico en general para esta actividad.<\/p>\n<div id=\"attachment_118501\" style=\"width: 732px\" class=\"wp-caption aligncenter\"><img aria-describedby=\"caption-attachment-118501\" decoding=\"async\" loading=\"lazy\" class=\"size-full wp-image-118501\" src=\"https:\/\/www.uv.mx\/prensa\/files\/2022\/07\/020722-CARLOS-Eco-Trueque-3-4-100k.jpg\" alt=\"Erika Gonz\u00e1lez J\u00e1come\" width=\"722\" height=\"481\" srcset=\"https:\/\/www.uv.mx\/prensa\/files\/2022\/07\/020722-CARLOS-Eco-Trueque-3-4-100k.jpg 722w, https:\/\/www.uv.mx\/prensa\/files\/2022\/07\/020722-CARLOS-Eco-Trueque-3-4-100k-300x200.jpg 300w\" sizes=\"(max-width: 722px) 100vw, 722px\" \/><p id=\"caption-attachment-118501\" class=\"wp-caption-text\">Erika Gonz\u00e1lez J\u00e1come<\/p><\/div>\n<p>&nbsp;<\/p>\n<p class=\"p3\">Erika Gonz\u00e1lez J\u00e1come comparti\u00f3 que pertenece a un grupo de trueque integrado por mujeres comprometidas a darle una segunda vida a las cosas.<span class=\"Apple-converted-space\">\u00a0<\/span><\/p>\n<p class=\"p3\">Coment\u00f3 que eventos como el foro-taller promueven la solidaridad y aportan para crear un cambio positivo en el planeta.<span class=\"Apple-converted-space\">\u00a0<\/span><\/p>\n","protected":false},"excerpt":{"rendered":"<p>El evento involucr\u00f3 a la comunidad estudiantil y acad\u00e9mica de la Maestr\u00eda en Ecolog\u00eda Tropical, y convoc\u00f3 a personas de Xalapa y la regi\u00f3n que celebraron la apertura de la Universidad a estas iniciativas<\/p>\n","protected":false},"author":1775,"featured_media":118515,"comment_status":"closed","ping_status":"closed","sticky":false,"template":"","format":"standard","meta":[],"categories":[1,61],"tags":[3263,5152,4161,1080,6263,150,1464,8143,1079,559,8142,575,1989],"_links":{"self":[{"href":"https:\/\/www.uv.mx\/prensa\/wp-json\/wp\/v2\/posts\/118497"}],"collection":[{"href":"https:\/\/www.uv.mx\/prensa\/wp-json\/wp\/v2\/posts"}],"about":[{"href":"https:\/\/www.uv.mx\/prensa\/wp-json\/wp\/v2\/types\/post"}],"author":[{"embeddable":true,"href":"https:\/\/www.uv.mx\/prensa\/wp-json\/wp\/v2\/users\/1775"}],"replies":[{"embeddable":true,"href":"https:\/\/www.uv.mx\/prensa\/wp-json\/wp\/v2\/comments?post=118497"}],"version-history":[{"count":1,"href":"https:\/\/www.uv.mx\/prensa\/wp-json\/wp\/v2\/posts\/118497\/revisions"}],"predecessor-version":[{"id":118568,"href":"https:\/\/www.uv.mx\/prensa\/wp-json\/wp\/v2\/posts\/118497\/revisions\/118568"}],"wp:featuredmedia":[{"embeddable":true,"href":"https:\/\/www.uv.mx\/prensa\/wp-json\/wp\/v2\/media\/118515"}],"wp:attachment":[{"href":"https:\/\/www.uv.mx\/prensa\/wp-json\/wp\/v2\/media?parent=118497"}],"wp:term":[{"taxonomy":"category","embeddable":true,"href":"https:\/\/www.uv.mx\/prensa\/wp-json\/wp\/v2\/categories?post=118497"},{"taxonomy":"post_tag","embeddable":true,"href":"https:\/\/www.uv.mx\/prensa\/wp-json\/wp\/v2\/tags?post=118497"}],"curies":[{"name":"wp","href":"https:\/\/api.w.org\/{rel}","templated":true}]}}