{"id":118331,"date":"2022-06-28T13:54:27","date_gmt":"2022-06-28T18:54:27","guid":{"rendered":"https:\/\/www.uv.mx\/prensa\/?p=118331"},"modified":"2022-06-29T09:39:26","modified_gmt":"2022-06-29T14:39:26","slug":"iij-clausuro-diplomado-de-responsabilidades-administrativas","status":"publish","type":"post","link":"https:\/\/www.uv.mx\/prensa\/eventos\/iij-clausuro-diplomado-de-responsabilidades-administrativas\/","title":{"rendered":"IIJ clausur\u00f3 Diplomado de Responsabilidades Administrativas\u00a0"},"content":{"rendered":"<p>&nbsp;<\/p>\n<ul>\n<li data-leveltext=\"\uf0b7\" data-font=\"Symbol\" data-listid=\"1\" data-list-defn-props=\"{&quot;335552541&quot;:1,&quot;335559684&quot;:-2,&quot;335559685&quot;:720,&quot;335559991&quot;:360,&quot;469769226&quot;:&quot;Symbol&quot;,&quot;469769242&quot;:[8226],&quot;469777803&quot;:&quot;left&quot;,&quot;469777804&quot;:&quot;\uf0b7&quot;,&quot;469777815&quot;:&quot;hybridMultilevel&quot;}\" data-aria-posinset=\"1\" data-aria-level=\"1\"><i><span data-contrast=\"auto\">Fue impartido por especialistas en temas de responsabilidades y procedimientos de sanci\u00f3n administrativa<\/span><\/i><span data-ccp-props=\"{}\">\u00a0<\/span><\/li>\n<li data-leveltext=\"\uf0b7\" data-font=\"Symbol\" data-listid=\"1\" data-list-defn-props=\"{&quot;335552541&quot;:1,&quot;335559684&quot;:-2,&quot;335559685&quot;:720,&quot;335559991&quot;:360,&quot;469769226&quot;:&quot;Symbol&quot;,&quot;469769242&quot;:[8226],&quot;469777803&quot;:&quot;left&quot;,&quot;469777804&quot;:&quot;\uf0b7&quot;,&quot;469777815&quot;:&quot;hybridMultilevel&quot;}\" data-aria-posinset=\"2\" data-aria-level=\"1\"><i><span data-contrast=\"auto\">Lo cursaron 200 personas a trav\u00e9s de la plataforma digital <\/span><\/i><span data-contrast=\"auto\">Zoom<\/span><i><span data-contrast=\"auto\">, entre servidores p\u00fablicos y p\u00fablico en general<\/span><\/i><span data-ccp-props=\"{}\">\u00a0<\/span><\/li>\n<\/ul>\n<p><span data-ccp-props=\"{}\">\u00a0<\/span><\/p>\n<div id=\"attachment_118332\" style=\"width: 732px\" class=\"wp-caption aligncenter\"><a href=\"https:\/\/www.uv.mx\/prensa\/files\/2022\/06\/240622-PAOLA-Clausura-Diplomado-de-Responsabilidades.jpg\"><img aria-describedby=\"caption-attachment-118332\" decoding=\"async\" loading=\"lazy\" class=\"size-full wp-image-118332\" src=\"https:\/\/www.uv.mx\/prensa\/files\/2022\/06\/240622-PAOLA-Clausura-Diplomado-de-Responsabilidades.jpg\" alt=\"\" width=\"722\" height=\"481\" srcset=\"https:\/\/www.uv.mx\/prensa\/files\/2022\/06\/240622-PAOLA-Clausura-Diplomado-de-Responsabilidades.jpg 722w, https:\/\/www.uv.mx\/prensa\/files\/2022\/06\/240622-PAOLA-Clausura-Diplomado-de-Responsabilidades-300x200.jpg 300w\" sizes=\"(max-width: 722px) 100vw, 722px\" \/><\/a><p id=\"caption-attachment-118332\" class=\"wp-caption-text\">Funcionarios universitarios y estatales fueron los encargados de clausurar las actividades del diplomado<\/p><\/div>\n<p><span data-ccp-props=\"{}\">\u00a0<\/span><\/p>\n<p><b><i><span data-contrast=\"auto\">Paola Cort\u00e9s P\u00e9rez<\/span><\/i><\/b><span data-ccp-props=\"{}\">\u00a0<\/span><\/p>\n<p><b><i><span data-contrast=\"auto\">Fotos: C\u00e9sar Pisil Ramos<\/span><\/i><\/b><span data-ccp-props=\"{}\">\u00a0<\/span><\/p>\n<p><b><i><span data-contrast=\"auto\">28\/06\/2022, Xalapa, Ver.-<\/span><\/i><\/b><span data-contrast=\"auto\"> El <a href=\"https:\/\/www.uv.mx\/iij\/\" target=\"_blank\" rel=\"noopener\">Instituto de Investigaciones Jur\u00eddicas<\/a> (IIJ) de la Universidad Veracruzana (UV) imparti\u00f3 el Diplomado de Responsabilidades Administrativas, para capacitar a servidores p\u00fablicos y p\u00fablico en general interesado en el tema.<\/span><span data-ccp-props=\"{}\">\u00a0<\/span><\/p>\n<p><span data-contrast=\"auto\">El viernes 24 de junio, en el auditorio del IIJ se llev\u00f3 cabo la ceremonia de clausura del diplomado, con la presencia de Abel Rogelio Terrazas, coordinador de planes y programas de la Direcci\u00f3n General del \u00c1rea Acad\u00e9mica de Humanidades; Arturo Miguel Ch\u00edpuli Castillo, director del IIJ; Elizabeth Ocampo G\u00f3mez; directora general de Desarrollo Acad\u00e9mico e Innovaci\u00f3n Educativa, y Mar\u00eda Luz P\u00e9rez Lorenzo, jefa del Departamento de Educaci\u00f3n Continua.<\/span><span data-ccp-props=\"{&quot;335559731&quot;:708}\">\u00a0<\/span><\/p>\n<p><span data-contrast=\"auto\">As\u00ed como Emmanuel V\u00e1zquez Jim\u00e9nez, titular del \u00d3rgano Interno de Control del \u00d3rgano de la Fiscalizaci\u00f3n Superior del Estado de Veracruz, y Francisco Galindo Garc\u00eda, contralor general del \u00d3rgano P\u00fablico Local Electoral de Veracruz.<\/span><span data-ccp-props=\"{&quot;335559731&quot;:708}\">\u00a0<\/span><\/p>\n<p><span data-contrast=\"auto\">Arturo Miguel Ch\u00edpuli detall\u00f3 que fue impartido en la plataforma <\/span><i><span data-contrast=\"auto\">Zoom<\/span><\/i><span data-contrast=\"auto\"> y cont\u00f3 con la asistencia de 200 personas, entre ellos miembros del G7, integrado por contralores de los \u00f3rganos internos de control de los \u00f3rganos aut\u00f3nomos, se acercaron al IIJ para presentarles una iniciativa para capacitar a servidores p\u00fablicos en materia de responsabilidades administrativas.<\/span><span data-ccp-props=\"{&quot;335559731&quot;:708}\">\u00a0<\/span><\/p>\n<p><span data-contrast=\"auto\">\u201cEste tema es relevante porque desde 2015 tenemos el Sistema Nacional Anticorrupci\u00f3n y la Ley General de Responsabilidades Administrativas de los Servidores P\u00fablicos, que establecen procedimientos sancionatorios y medidas preventivas; entonces, es muy importante que conozcan cu\u00e1l es el procedimiento, los pasos y, sobre todo, c\u00f3mo se lleva a cabo y aplica de forma contundente la ley.\u201d<\/span><span data-ccp-props=\"{&quot;335559731&quot;:708}\">\u00a0<\/span><\/p>\n<p><span data-contrast=\"auto\">El programa del diplomado estuvo conformado por ponentes de relevancia local e internacional, todos especialistas en temas de responsabilidades y procedimientos de sanci\u00f3n administrativa. Fue coordinado por Mar\u00eda del Roc\u00edo Viveros Hern\u00e1ndez e Indira Pascual Montiel.<\/span><span data-ccp-props=\"{&quot;335559731&quot;:708}\">\u00a0<\/span><\/p>\n<p><span data-contrast=\"auto\">\u201cForma parte de las pol\u00edticas internas del Instituto de Investigaciones Jur\u00eddicas para capacitar y profesionalizar a los servidores p\u00fablicos, funcionarios universitarios, estudiantes y p\u00fablico en general. Trabajamos para generar opciones de capacitaci\u00f3n y fortalecimiento del tema acad\u00e9mico, siempre de la mano del Programa de Trabajo 2021-2021 del Rector de la UV\u201d, enfatiz\u00f3 Ch\u00edpuli Castillo.<\/span><span data-ccp-props=\"{&quot;335559731&quot;:708}\">\u00a0<\/span><\/p>\n<p><span data-contrast=\"auto\">Adelant\u00f3 que planean ofrecer una segunda edici\u00f3n de dicho diplomado, porque muchos servidores p\u00fablicos de instancias del estado y del pa\u00eds tienen el inter\u00e9s de tomarlo. La modalidad ser\u00eda virtual, ya que puede tener un mayor alcance.<\/span><span data-ccp-props=\"{&quot;335559731&quot;:708}\">\u00a0<\/span><\/p>\n","protected":false},"excerpt":{"rendered":"<p>Forma parte de las pol\u00edticas internas del Instituto de Investigaciones Jur\u00eddicas para capacitar a servidores p\u00fablicos, funcionarios universitarios y estudiantes<\/p>\n","protected":false},"author":1869,"featured_media":118332,"comment_status":"closed","ping_status":"closed","sticky":false,"template":"","format":"standard","meta":[],"categories":[47],"tags":[],"_links":{"self":[{"href":"https:\/\/www.uv.mx\/prensa\/wp-json\/wp\/v2\/posts\/118331"}],"collection":[{"href":"https:\/\/www.uv.mx\/prensa\/wp-json\/wp\/v2\/posts"}],"about":[{"href":"https:\/\/www.uv.mx\/prensa\/wp-json\/wp\/v2\/types\/post"}],"author":[{"embeddable":true,"href":"https:\/\/www.uv.mx\/prensa\/wp-json\/wp\/v2\/users\/1869"}],"replies":[{"embeddable":true,"href":"https:\/\/www.uv.mx\/prensa\/wp-json\/wp\/v2\/comments?post=118331"}],"version-history":[{"count":1,"href":"https:\/\/www.uv.mx\/prensa\/wp-json\/wp\/v2\/posts\/118331\/revisions"}],"predecessor-version":[{"id":118344,"href":"https:\/\/www.uv.mx\/prensa\/wp-json\/wp\/v2\/posts\/118331\/revisions\/118344"}],"wp:featuredmedia":[{"embeddable":true,"href":"https:\/\/www.uv.mx\/prensa\/wp-json\/wp\/v2\/media\/118332"}],"wp:attachment":[{"href":"https:\/\/www.uv.mx\/prensa\/wp-json\/wp\/v2\/media?parent=118331"}],"wp:term":[{"taxonomy":"category","embeddable":true,"href":"https:\/\/www.uv.mx\/prensa\/wp-json\/wp\/v2\/categories?post=118331"},{"taxonomy":"post_tag","embeddable":true,"href":"https:\/\/www.uv.mx\/prensa\/wp-json\/wp\/v2\/tags?post=118331"}],"curies":[{"name":"wp","href":"https:\/\/api.w.org\/{rel}","templated":true}]}}