{"id":118217,"date":"2022-06-24T23:22:33","date_gmt":"2022-06-25T04:22:33","guid":{"rendered":"https:\/\/www.uv.mx\/prensa\/?p=118217"},"modified":"2022-06-27T14:58:55","modified_gmt":"2022-06-27T19:58:55","slug":"academicos-uv-se-reunieron-con-la-ricedh","status":"publish","type":"post","link":"https:\/\/www.uv.mx\/prensa\/general\/academicos-uv-se-reunieron-con-la-ricedh\/","title":{"rendered":"Acad\u00e9micos UV se reunieron con la RICEDH"},"content":{"rendered":"<ul class=\"ul1\">\n<li class=\"li1\"><i>Con la finalidad de encontrar proyectos de investigaci\u00f3n en com\u00fan y construir espacios de colaboraci\u00f3n<\/i><\/li>\n<li class=\"li1\"><i>Se llev\u00f3 a cabo en la USBI-Xalapa, en el marco de la Escuela<\/i> <i>Internacional de Verano 2022<\/i><\/li>\n<\/ul>\n<p>&nbsp;<\/p>\n<div id=\"attachment_118218\" style=\"width: 732px\" class=\"wp-caption aligncenter\"><img aria-describedby=\"caption-attachment-118218\" decoding=\"async\" loading=\"lazy\" class=\"size-full wp-image-118218\" src=\"https:\/\/www.uv.mx\/prensa\/files\/2022\/06\/230622-PAOLA-Reunio\u0301n-UV-RICEDH-1-100k.jpg\" alt=\"Henry Jim\u00e9nez, coordinador del RICEDH\" width=\"722\" height=\"468\" srcset=\"https:\/\/www.uv.mx\/prensa\/files\/2022\/06\/230622-PAOLA-Reunio\u0301n-UV-RICEDH-1-100k.jpg 722w, https:\/\/www.uv.mx\/prensa\/files\/2022\/06\/230622-PAOLA-Reunio\u0301n-UV-RICEDH-1-100k-300x194.jpg 300w\" sizes=\"(max-width: 722px) 100vw, 722px\" \/><p id=\"caption-attachment-118218\" class=\"wp-caption-text\">Henry Jim\u00e9nez, coordinador del RICEDH<\/p><\/div>\n<p>&nbsp;<\/p>\n<p class=\"p1\"><b><i>Paola Cort\u00e9s P\u00e9rez<\/i><\/b><\/p>\n<p class=\"p1\"><b><i>Fotos: Omar Portilla Palacios y Carlos Welsh Rodr\u00edguez (3 y 4)<\/i><\/b><\/p>\n<p class=\"p1\"><b><i>27\/06\/2022, Xalapa, Ver.-<\/i><\/b> Integrantes de cinco Cuerpos Acad\u00e9micos (CA) de la <a href=\"https:\/\/www.uv.mx\/\" target=\"_blank\" rel=\"noopener\">Universidad Veracruzana<\/a> (UV) se reunieron con el coordinador de la Red Internacional sobre Cambio Clim\u00e1tico, Energ\u00eda y Derechos Humanos (RICEDH), Henry Jim\u00e9nez Guanipa, con la finalidad de encontrar espacios de colaboraci\u00f3n entre esta organizaci\u00f3n y el Programa de Trabajo (PT) 2021-2025 \u201cPor una transformaci\u00f3n integral\u201d.<\/p>\n<p class=\"p3\">El encuentro tuvo lugar la tarde del jueves 23 de junio en la sala de videoconferencias de la Unidad de Servicios Bibliotecarios y de Informaci\u00f3n (USBI) de la UV, en el marco de la Escuela Internacional de Verano 2022 (ISSUV).<\/p>\n<p class=\"p3\">Carlos Manuel Welsh Rodr\u00edguez, coordinador del Centro de Ciencias de la Tierra de la UV, detall\u00f3 que fueron invitados CA que convergen en el an\u00e1lisis y estudio no s\u00f3lo del clima, tambi\u00e9n de la energ\u00eda, cambio clim\u00e1tico y derechos humanos, temas relevantes en la actualidad.<\/p>\n<div id=\"attachment_118219\" style=\"width: 732px\" class=\"wp-caption aligncenter\"><img aria-describedby=\"caption-attachment-118219\" decoding=\"async\" loading=\"lazy\" class=\"size-full wp-image-118219\" src=\"https:\/\/www.uv.mx\/prensa\/files\/2022\/06\/230622-PAOLA-Reunio\u0301n-UV-RICEDH-2-100k.jpg\" alt=\"Mar\u00eda Teresa Montalvo y Carlos Ruz participaron en el encuentro\" width=\"722\" height=\"415\" srcset=\"https:\/\/www.uv.mx\/prensa\/files\/2022\/06\/230622-PAOLA-Reunio\u0301n-UV-RICEDH-2-100k.jpg 722w, https:\/\/www.uv.mx\/prensa\/files\/2022\/06\/230622-PAOLA-Reunio\u0301n-UV-RICEDH-2-100k-300x172.jpg 300w\" sizes=\"(max-width: 722px) 100vw, 722px\" \/><p id=\"caption-attachment-118219\" class=\"wp-caption-text\">Mar\u00eda Teresa Montalvo y Carlos Ruz participaron en el encuentro<\/p><\/div>\n<p>&nbsp;<\/p>\n<p class=\"p3\">Indic\u00f3 que el Programa de Trabajo de la actual administraci\u00f3n universitaria coincide en temas que aborda la RICEDH, por ello decidieron organizar la reuni\u00f3n para detallar esos puntos de convergencia y colaborar.<\/p>\n<p class=\"p3\">En su participaci\u00f3n, Henry Jim\u00e9nez, cofundador de la RICEDH, coment\u00f3 que existen coincidencias enormes que facilitar\u00e1n el desarrollo de proyectos en conjunto.<\/p>\n<p class=\"p3\">Record\u00f3 que la RICEDH fue creada con el objetivo de promover la protecci\u00f3n del clima, la transici\u00f3n energ\u00e9tica y garant\u00eda efectiva de los derechos humanos bajo un enfoque de complementariedad. Adem\u00e1s, fomenta el conocimiento y divulgaci\u00f3n en los temas mencionados; propicia ideas, propuestas, experiencias acad\u00e9micas y buenas pr\u00e1cticas que permiten avanzar en la salvaguarda de principios y valores universales.<\/p>\n<div id=\"attachment_118220\" style=\"width: 732px\" class=\"wp-caption aligncenter\"><img aria-describedby=\"caption-attachment-118220\" decoding=\"async\" loading=\"lazy\" class=\"size-full wp-image-118220\" src=\"https:\/\/www.uv.mx\/prensa\/files\/2022\/06\/240622-PAOLA-Reunio\u0301n-UV-RICEDH-3-100k.jpg\" alt=\"Acad\u00e9micos de la UV y de la RICEDH que asistieron a la reuni\u00f3n\" width=\"722\" height=\"279\" srcset=\"https:\/\/www.uv.mx\/prensa\/files\/2022\/06\/240622-PAOLA-Reunio\u0301n-UV-RICEDH-3-100k.jpg 722w, https:\/\/www.uv.mx\/prensa\/files\/2022\/06\/240622-PAOLA-Reunio\u0301n-UV-RICEDH-3-100k-300x116.jpg 300w\" sizes=\"(max-width: 722px) 100vw, 722px\" \/><p id=\"caption-attachment-118220\" class=\"wp-caption-text\">Acad\u00e9micos de la UV y de la RICEDH que asistieron a la reuni\u00f3n<\/p><\/div>\n<p>&nbsp;<\/p>\n<p class=\"p3\">Los participantes de la reuni\u00f3n fueron: Mar\u00eda Teresa Montalvo Romero del CA Transformaciones Jur\u00eddicas; Carlos Ruz Sald\u00edvar del CA Estudios Institucionales \u201cJos\u00e9 Ram\u00f3n Coss\u00edo\u201d; Raquel Aparicio Cid del CA Ciudadan\u00eda, Educaci\u00f3n y Sustentabilidad Ambiental para el Desarrollo; Judith Aguirre Moreno del CA <i>Ratio Legis<\/i>, y Carlos Welsh del CA Gesti\u00f3n y Pol\u00edticas P\u00fablicas Ambientales.<\/p>\n<p class=\"p3\">Tambi\u00e9n Jorge Luis V\u00e1zquez Aguirre, docente del programa educativo de la Licenciatura en Ciencias Atmosf\u00e9ricas de la UV.<\/p>\n<p class=\"p3\">Los acad\u00e9micos proporcionaron informaci\u00f3n sobre las L\u00edneas de Generaci\u00f3n y Aplicaci\u00f3n del Conocimiento en las que trabajan, as\u00ed como los temas y los proyectos en los que pueden trabajar de manera colaborativa.<\/p>\n<div id=\"attachment_118221\" style=\"width: 732px\" class=\"wp-caption aligncenter\"><img aria-describedby=\"caption-attachment-118221\" decoding=\"async\" loading=\"lazy\" class=\"size-full wp-image-118221\" src=\"https:\/\/www.uv.mx\/prensa\/files\/2022\/06\/240622-PAOLA-Reunio\u0301n-UV-RICEDH-4-100k.jpg\" alt=\"La RICEDH don\u00f3 libros a la biblioteca de la USBI-Xalapa\" width=\"722\" height=\"406\" srcset=\"https:\/\/www.uv.mx\/prensa\/files\/2022\/06\/240622-PAOLA-Reunio\u0301n-UV-RICEDH-4-100k.jpg 722w, https:\/\/www.uv.mx\/prensa\/files\/2022\/06\/240622-PAOLA-Reunio\u0301n-UV-RICEDH-4-100k-300x169.jpg 300w\" sizes=\"(max-width: 722px) 100vw, 722px\" \/><p id=\"caption-attachment-118221\" class=\"wp-caption-text\">La RICEDH don\u00f3 libros a la biblioteca de la USBI-Xalapa<\/p><\/div>\n<p>&nbsp;<\/p>\n<p class=\"p3\">Es importante mencionar que la RICEDH don\u00f3 libros a la biblioteca de la USBI-Xalapa; al respecto, Welsh Rodr\u00edguez expres\u00f3: \u201cAl revisar el acervo bibliogr\u00e1fico nos dimos cuenta que es poco el material \u2013f\u00edsico y digital\u2013 que aborde temas ambientales, as\u00ed que debemos impulsar su adquisici\u00f3n\u201d.<\/p>\n","protected":false},"excerpt":{"rendered":"<p>El Programa de Trabajo 2021-2025 de la actual administraci\u00f3n universitaria coincide en temas que aborda la Red Internacional sobre Cambio Clim\u00e1tico, Energ\u00eda y Derechos Humanos.<\/p>\n","protected":false},"author":1775,"featured_media":118222,"comment_status":"closed","ping_status":"closed","sticky":false,"template":"","format":"standard","meta":[],"categories":[1,61],"tags":[753,6639,1181,7905,8067,5170,6462,4164,6627,4634,6689,8065,8066,572,279],"_links":{"self":[{"href":"https:\/\/www.uv.mx\/prensa\/wp-json\/wp\/v2\/posts\/118217"}],"collection":[{"href":"https:\/\/www.uv.mx\/prensa\/wp-json\/wp\/v2\/posts"}],"about":[{"href":"https:\/\/www.uv.mx\/prensa\/wp-json\/wp\/v2\/types\/post"}],"author":[{"embeddable":true,"href":"https:\/\/www.uv.mx\/prensa\/wp-json\/wp\/v2\/users\/1775"}],"replies":[{"embeddable":true,"href":"https:\/\/www.uv.mx\/prensa\/wp-json\/wp\/v2\/comments?post=118217"}],"version-history":[{"count":1,"href":"https:\/\/www.uv.mx\/prensa\/wp-json\/wp\/v2\/posts\/118217\/revisions"}],"predecessor-version":[{"id":118258,"href":"https:\/\/www.uv.mx\/prensa\/wp-json\/wp\/v2\/posts\/118217\/revisions\/118258"}],"wp:featuredmedia":[{"embeddable":true,"href":"https:\/\/www.uv.mx\/prensa\/wp-json\/wp\/v2\/media\/118222"}],"wp:attachment":[{"href":"https:\/\/www.uv.mx\/prensa\/wp-json\/wp\/v2\/media?parent=118217"}],"wp:term":[{"taxonomy":"category","embeddable":true,"href":"https:\/\/www.uv.mx\/prensa\/wp-json\/wp\/v2\/categories?post=118217"},{"taxonomy":"post_tag","embeddable":true,"href":"https:\/\/www.uv.mx\/prensa\/wp-json\/wp\/v2\/tags?post=118217"}],"curies":[{"name":"wp","href":"https:\/\/api.w.org\/{rel}","templated":true}]}}