{"id":117948,"date":"2022-06-20T16:29:38","date_gmt":"2022-06-20T21:29:38","guid":{"rendered":"https:\/\/www.uv.mx\/prensa\/?p=117948"},"modified":"2022-06-21T14:43:23","modified_gmt":"2022-06-21T19:43:23","slug":"necesario-que-universidades-fomenten-una-aguda-conciencia-ecologica-rector","status":"publish","type":"post","link":"https:\/\/www.uv.mx\/prensa\/banner\/necesario-que-universidades-fomenten-una-aguda-conciencia-ecologica-rector\/","title":{"rendered":"Necesario que universidades fomenten una aguda conciencia ecol\u00f3gica: Rector"},"content":{"rendered":"<p>&nbsp;<\/p>\n<ul>\n<li><em>Mart\u00edn Aguilar S\u00e1nchez inaugur\u00f3 este lunes la Escuela Internacional de Verano 2022, en su cuarta edici\u00f3n<\/em><\/li>\n<li><em>En el evento que lleva por tema \u201cEl cambio clim\u00e1tico est\u00e1 aqu\u00ed\u201d, participan pa\u00edses como M\u00e9xico, Colombia y Per\u00fa<\/em><\/li>\n<\/ul>\n<p>&nbsp;<\/p>\n<p><a href=\"https:\/\/www.uv.mx\/prensa\/files\/2022\/06\/200622-ESCUELA-INTERNACIONAL-DE-VERANO-1.jpg\"><img loading=\"lazy\" decoding=\"async\" class=\"aligncenter size-full wp-image-117949\" src=\"https:\/\/www.uv.mx\/prensa\/files\/2022\/06\/200622-ESCUELA-INTERNACIONAL-DE-VERANO-1.jpg\" alt=\"\" width=\"722\" height=\"481\" srcset=\"https:\/\/www.uv.mx\/prensa\/files\/2022\/06\/200622-ESCUELA-INTERNACIONAL-DE-VERANO-1.jpg 722w, https:\/\/www.uv.mx\/prensa\/files\/2022\/06\/200622-ESCUELA-INTERNACIONAL-DE-VERANO-1-300x200.jpg 300w\" sizes=\"auto, (max-width: 722px) 100vw, 722px\" \/><\/a><\/p>\n<p>&nbsp;<\/p>\n<p><strong><em>Claudia Peralta V\u00e1zquez<\/em><\/strong><\/p>\n<p><strong><em>Fotos: C\u00e9sar Pisil Ramos<\/em><\/strong><\/p>\n<p><strong><em>20\/06\/2022, Xalapa, Ver.- <\/em><\/strong>Al inaugurar la cuarta edici\u00f3n de la <a href=\"https:\/\/www.uv.mx\/economia\/general\/escuela-internacional-de-verano-issuv\/\" target=\"_blank\" rel=\"noopener\">Escuela Internacional de Verano<\/a> de la Universidad Veracruzana (ISSUV), bajo el lema \u201cEl cambio clim\u00e1tico est\u00e1 aqu\u00ed\u201d, el rector de esta casa de estudios, Mart\u00edn Aguilar S\u00e1nchez, plante\u00f3 como una necesidad de las universidades fomentar el desarrollo de una aguda conciencia ecol\u00f3gica para hacer frente a los desaf\u00edos del cambio clim\u00e1tico.<\/p>\n<p>En la sala de videoconferencias de la Unidad de Servicios Bibliotecarios y de Informaci\u00f3n (USBI), el Rector de la UV presidi\u00f3 la apertura de la ISSUV, que tiene lugar en este espacio del 20 al 24 de junio, as\u00ed como de manera virtual, con el registro de 263 participantes de pa\u00edses como M\u00e9xico, Colombia y Per\u00fa.<\/p>\n<p>La ISSUV es un esfuerzo de la Direcci\u00f3n General de Relacionales Internacionales (DGRI), en esta ocasi\u00f3n con el apoyo del Programa de Estudios de Cambio Clim\u00e1tico (PECCUV); la C\u00e1tedra UNESCO sobre Ciudadan\u00eda, Educaci\u00f3n y Sustentabilidad Ambiental del Desarrollo; y el Centro de Ciencias de la Tierra (CCT).<\/p>\n<p>Mart\u00edn Aguilar dio la bienvenida a los asistentes nacionales e internacionales, de la comunidad UV e instituciones externas, e hizo una reflexi\u00f3n en torno a las transformaciones sociales derivadas del cambio clim\u00e1tico, entre ellas: las migraciones y repercusiones en el \u00e1mbito econ\u00f3mico, pol\u00edtico y cultural.<\/p>\n<p>Ante dicho escenario, sostuvo que es preciso dar un giro cultural que impacte en las conductas colectivas y personales, y permita a los individuos relacionarse de maneras m\u00e1s sostenibles con la naturaleza, contrario a ignorar las advertencias sobre el calentamiento global y avanzar hacia un colapso seguro.<\/p>\n<p>Por lo anterior, la ISSUV \u2013que alberga talleres, conferencias, paneles y un cine-foro dirigido a estudiantes, acad\u00e9micos y sociedad en general\u2013 atender\u00e1 los impactos del cambio clim\u00e1tico en todos los ecosistemas, con la ayuda de diversas disciplinas, miradas especializadas y figuras sobresalientes en el activismo ecol\u00f3gico a nivel mundial.<\/p>\n<p>Tambi\u00e9n, detonar\u00e1 el di\u00e1logo acerca del cambio global generado por la degradaci\u00f3n ambiental, lo cual ha establecido condiciones diferentes a las que se conoc\u00edan, y producido hondos malestares sociales y personales en diferentes contextos culturales.<\/p>\n<p>&nbsp;<\/p>\n<div id=\"attachment_117950\" style=\"width: 732px\" class=\"wp-caption aligncenter\"><a href=\"https:\/\/www.uv.mx\/prensa\/files\/2022\/06\/200622-ESCUELA-INTERNACIONAL-DE-VERANO-2.jpg\"><img loading=\"lazy\" decoding=\"async\" aria-describedby=\"caption-attachment-117950\" class=\"size-full wp-image-117950\" src=\"https:\/\/www.uv.mx\/prensa\/files\/2022\/06\/200622-ESCUELA-INTERNACIONAL-DE-VERANO-2.jpg\" alt=\"\" width=\"722\" height=\"481\" srcset=\"https:\/\/www.uv.mx\/prensa\/files\/2022\/06\/200622-ESCUELA-INTERNACIONAL-DE-VERANO-2.jpg 722w, https:\/\/www.uv.mx\/prensa\/files\/2022\/06\/200622-ESCUELA-INTERNACIONAL-DE-VERANO-2-300x200.jpg 300w\" sizes=\"auto, (max-width: 722px) 100vw, 722px\" \/><\/a><p id=\"caption-attachment-117950\" class=\"wp-caption-text\">El evento se desarrolla del 20 al 24 de junio de manera presencial y virtual<\/p><\/div>\n<p>&nbsp;<\/p>\n<p>\u201cBuscamos propiciar un pensamiento prospectivo que incida en los futuros escenarios que puedan presentarse, que se\u00f1ale de forma clara y oportuna qu\u00e9 estrategias, ideas y pol\u00edticas reparadoras pueden aplicarse para asegurar una sustentabilidad real.\u201d<\/p>\n<p>Mario Oliva Su\u00e1rez, titular de la DGRI, resalt\u00f3 que este ejercicio acad\u00e9mico contribuye a la internacionalizaci\u00f3n, interculturalidad, cultura humanista y al desarrollo sostenible a trav\u00e9s de la creaci\u00f3n de espacios de di\u00e1logo interdisciplinario en temas de relevancia internacional.<\/p>\n<p>\u201cLa ISSUV tiene la intenci\u00f3n de atraer a un p\u00fablico amplio que incluya estudiantes universitarios de pregrado, posgrado, acad\u00e9micos, comunidad UV y p\u00fablico en general, partiendo de la premisa de que las tem\u00e1ticas exploradas atraviesan fronteras disciplinares y laborales.\u201d<\/p>\n<p>En esta cuarta edici\u00f3n, subray\u00f3, se abordar\u00e1 la tem\u00e1tica de cambio clim\u00e1tico desde la perspectiva de la formaci\u00f3n de ciudadan\u00eda y educaci\u00f3n, en el marco del Objetivo de Desarrollo Sostenible n\u00famero 13 de la Organizaci\u00f3n de las Naciones Unidas (ONU): \u201cAcci\u00f3n por el clima\u201d.<\/p>\n<p>De los participantes dio a conocer que habr\u00e1 reconocimientos para estudiantes, acad\u00e9micos y p\u00fablico en general, a trav\u00e9s del \u00c1rea de Formaci\u00f3n de Elecci\u00f3n Libre (AFEL), del Programa de Formaci\u00f3n Acad\u00e9mica (ProFA) y Educaci\u00f3n Continua, respectivamente.<\/p>\n<p>Cabe destacar la asistencia virtual de participantes de Oaxaca, Aguascalientes, Baja California, Campeche, Ciudad de M\u00e9xico, Jalisco y Quintana Roo; y por <em>Zoom<\/em>, comunidad UV de las cinco regiones universitarias y de las seis \u00e1reas acad\u00e9micas.<\/p>\n<p>Adem\u00e1s, como parte del ISSUV se realizar\u00e1 un cine-foro a cargo de la Especializaci\u00f3n en Estudios Cinematogr\u00e1ficos de la Facultad de Artes UV.<\/p>\n<p>&nbsp;<\/p>\n<div id=\"attachment_117951\" style=\"width: 732px\" class=\"wp-caption aligncenter\"><a href=\"https:\/\/www.uv.mx\/prensa\/files\/2022\/06\/200622-ESCUELA-INTERNACIONAL-DE-VERANO-3.jpg\"><img loading=\"lazy\" decoding=\"async\" aria-describedby=\"caption-attachment-117951\" class=\"size-full wp-image-117951\" src=\"https:\/\/www.uv.mx\/prensa\/files\/2022\/06\/200622-ESCUELA-INTERNACIONAL-DE-VERANO-3.jpg\" alt=\"\" width=\"722\" height=\"481\" srcset=\"https:\/\/www.uv.mx\/prensa\/files\/2022\/06\/200622-ESCUELA-INTERNACIONAL-DE-VERANO-3.jpg 722w, https:\/\/www.uv.mx\/prensa\/files\/2022\/06\/200622-ESCUELA-INTERNACIONAL-DE-VERANO-3-300x200.jpg 300w\" sizes=\"auto, (max-width: 722px) 100vw, 722px\" \/><\/a><p id=\"caption-attachment-117951\" class=\"wp-caption-text\">Mario Oliva Su\u00e1rez, titular de la DGRI, destac\u00f3 los objetivos de la ISSUV<\/p><\/div>\n<p>&nbsp;<\/p>\n<p>Carlos Manuel Welsh Rodr\u00edguez, coordinador del Centro de Ciencias de la Tierra (CCT), destac\u00f3 que la situaci\u00f3n del cambio clim\u00e1tico es amenazante y compleja, por lo cual se requiere recuperar el medio natural y amor por la naturaleza. \u201cLamentablemente hay muchos esc\u00e9pticos y mucho por hacer\u201d.<\/p>\n<p>Tambi\u00e9n, record\u00f3 la instalaci\u00f3n de los primeros instrumentos jur\u00eddicos para el cambio clim\u00e1tico en los que intervino la UV y otras instituciones, pero de ah\u00ed no ha habido actualizaciones, reformas, ni una aplicaci\u00f3n coercitiva.<\/p>\n<p>\u201cSe requiere actuar ahora, la UV es el mejor ejemplo para atender esta amenaza global porque tiene un compromiso real por la sustentabilidad y los derechos humanos, que son inalienables para que esto ocurra.\u201d<\/p>\n<p>En su intervenci\u00f3n, Edgar Javier Gonz\u00e1lez Gaudiano, director general de la Unidad de Estudios de Posgrado y coordinador de la C\u00e1tedra UNESCO sobre Ciudadan\u00eda, Educaci\u00f3n y Sustentabilidad Ambiental del Desarrollo, puntualiz\u00f3 que el deterioro, contaminaci\u00f3n y agotamiento de los recursos para nuestra sobrevivencia han llegado a l\u00edmites insostenibles, pero ahora con una dimensi\u00f3n global.<\/p>\n<p>Esto, aunado a la desertificaci\u00f3n, p\u00e9rdida de especies, pandemias, desigualdad, entre otros, producidos por estilos de vida, de producci\u00f3n y h\u00e1bitos de consumo derrochadores.<\/p>\n<p>&nbsp;<\/p>\n<div id=\"attachment_117952\" style=\"width: 732px\" class=\"wp-caption aligncenter\"><a href=\"https:\/\/www.uv.mx\/prensa\/files\/2022\/06\/200622-ESCUELA-INTERNACIONAL-DE-VERANO-4.jpg\"><img loading=\"lazy\" decoding=\"async\" aria-describedby=\"caption-attachment-117952\" class=\"size-full wp-image-117952\" src=\"https:\/\/www.uv.mx\/prensa\/files\/2022\/06\/200622-ESCUELA-INTERNACIONAL-DE-VERANO-4.jpg\" alt=\"\" width=\"722\" height=\"481\" srcset=\"https:\/\/www.uv.mx\/prensa\/files\/2022\/06\/200622-ESCUELA-INTERNACIONAL-DE-VERANO-4.jpg 722w, https:\/\/www.uv.mx\/prensa\/files\/2022\/06\/200622-ESCUELA-INTERNACIONAL-DE-VERANO-4-300x200.jpg 300w\" sizes=\"auto, (max-width: 722px) 100vw, 722px\" \/><\/a><p id=\"caption-attachment-117952\" class=\"wp-caption-text\">Carlos Manuel Welsh Rodr\u00edguez, coordinador del Centro de Ciencias de la Tierra<\/p><\/div>\n<p>&nbsp;<\/p>\n<p>Por lo anterior, este evento busca tratar de entender el significado del cambio clim\u00e1tico y las contribuciones de la ciencia del clima, la pol\u00edtica y las resistencias sociales.<\/p>\n<p>\u201cTendremos que modificar muchos de nuestros patrones de vida porque no podemos hacer que no pasa nada, debemos hacernos m\u00e1s resilientes ante la creciente vulnerabilidad que marcar\u00e1 el curso de los acontecimientos si continuamos sin impulsar las urgentes y efectivas pol\u00edticas de respuesta.\u201d<\/p>\n<p>En el pres\u00eddium estuvo Elena Rustri\u00e1n Portilla, secretaria Acad\u00e9mica, y Marisol Luna Leal, Abogada General.<\/p>\n<p>Posterior a la inauguraci\u00f3n, Cecilia Conde \u00c1lvarez, acad\u00e9mica del Instituto de Ciencias de la Atm\u00f3sfera y del Cambio Clim\u00e1tico de la Universidad Nacional Aut\u00f3noma de M\u00e9xico (UNAM) y autora l\u00edder del Grupo II del Panel Intergubernamental del Cambio Clim\u00e1tico (IPCC), dict\u00f3 la conferencia \u201cPara comprender el cambio clim\u00e1tico\u201d.<\/p>\n<p>El programa completo puede consultarse en: <a href=\"https:\/\/www.uv.mx\/issuv\/files\/2022\/05\/Programa-ISSUV-2022.pdf\">https:\/\/www.uv.mx\/issuv\/files\/2022\/05\/Programa-ISSUV-2022.pdf<\/a><\/p>\n<p>&nbsp;<\/p>\n<div id=\"attachment_117953\" style=\"width: 732px\" class=\"wp-caption aligncenter\"><a href=\"https:\/\/www.uv.mx\/prensa\/files\/2022\/06\/200622-ESCUELA-INTERNACIONAL-DE-VERANO-5.jpg\"><img loading=\"lazy\" decoding=\"async\" aria-describedby=\"caption-attachment-117953\" class=\"size-full wp-image-117953\" src=\"https:\/\/www.uv.mx\/prensa\/files\/2022\/06\/200622-ESCUELA-INTERNACIONAL-DE-VERANO-5.jpg\" alt=\"\" width=\"722\" height=\"481\" srcset=\"https:\/\/www.uv.mx\/prensa\/files\/2022\/06\/200622-ESCUELA-INTERNACIONAL-DE-VERANO-5.jpg 722w, https:\/\/www.uv.mx\/prensa\/files\/2022\/06\/200622-ESCUELA-INTERNACIONAL-DE-VERANO-5-300x200.jpg 300w\" sizes=\"auto, (max-width: 722px) 100vw, 722px\" \/><\/a><p id=\"caption-attachment-117953\" class=\"wp-caption-text\">Edgar Javier Gonz\u00e1lez Gaudiano, director general de la Unidad de Estudios de Posgrado<\/p><\/div>\n","protected":false},"excerpt":{"rendered":"<p>Mart\u00edn Aguilar S\u00e1nchez inaugur\u00f3 este lunes la Escuela Internacional de Verano 2022, en su cuarta edici\u00f3n<\/p>\n","protected":false},"author":1869,"featured_media":117954,"comment_status":"closed","ping_status":"closed","sticky":false,"template":"","format":"standard","meta":{"footnotes":""},"categories":[61],"tags":[],"class_list":["post-117948","post","type-post","status-publish","format-standard","has-post-thumbnail","hentry","category-banner"],"_links":{"self":[{"href":"https:\/\/www.uv.mx\/prensa\/wp-json\/wp\/v2\/posts\/117948","targetHints":{"allow":["GET"]}}],"collection":[{"href":"https:\/\/www.uv.mx\/prensa\/wp-json\/wp\/v2\/posts"}],"about":[{"href":"https:\/\/www.uv.mx\/prensa\/wp-json\/wp\/v2\/types\/post"}],"author":[{"embeddable":true,"href":"https:\/\/www.uv.mx\/prensa\/wp-json\/wp\/v2\/users\/1869"}],"replies":[{"embeddable":true,"href":"https:\/\/www.uv.mx\/prensa\/wp-json\/wp\/v2\/comments?post=117948"}],"version-history":[{"count":1,"href":"https:\/\/www.uv.mx\/prensa\/wp-json\/wp\/v2\/posts\/117948\/revisions"}],"predecessor-version":[{"id":117972,"href":"https:\/\/www.uv.mx\/prensa\/wp-json\/wp\/v2\/posts\/117948\/revisions\/117972"}],"wp:featuredmedia":[{"embeddable":true,"href":"https:\/\/www.uv.mx\/prensa\/wp-json\/wp\/v2\/media\/117954"}],"wp:attachment":[{"href":"https:\/\/www.uv.mx\/prensa\/wp-json\/wp\/v2\/media?parent=117948"}],"wp:term":[{"taxonomy":"category","embeddable":true,"href":"https:\/\/www.uv.mx\/prensa\/wp-json\/wp\/v2\/categories?post=117948"},{"taxonomy":"post_tag","embeddable":true,"href":"https:\/\/www.uv.mx\/prensa\/wp-json\/wp\/v2\/tags?post=117948"}],"curies":[{"name":"wp","href":"https:\/\/api.w.org\/{rel}","templated":true}]}}