{"id":117313,"date":"2022-06-11T08:00:49","date_gmt":"2022-06-11T13:00:49","guid":{"rendered":"https:\/\/www.uv.mx\/prensa\/?p=117313"},"modified":"2022-06-14T11:01:02","modified_gmt":"2022-06-14T16:01:02","slug":"40-por-ciento-de-la-poblacion-mundial-usa-bioenergia-tradicional","status":"publish","type":"post","link":"https:\/\/www.uv.mx\/prensa\/banner\/40-por-ciento-de-la-poblacion-mundial-usa-bioenergia-tradicional\/","title":{"rendered":"40 por ciento de la poblaci\u00f3n mundial usa bioenerg\u00eda tradicional"},"content":{"rendered":"<ul class=\"ul1\">\n<li class=\"li1\"><i>La disponibilidad de nuevos recursos energ\u00e9ticos no ha significado el abandono de la le\u00f1a y el carb\u00f3n, coment\u00f3 Antonio Sierra al participar en seminario organizado por el <\/i>Citro<i>-UV<\/i><\/li>\n<li class=\"li1\"><i>Present\u00f3 una parte del trabajo colectivo en el que participa, el cual se lleva a cabo en la sierra de Zongolica<\/i><\/li>\n<\/ul>\n<p>&nbsp;<\/p>\n<div id=\"attachment_117314\" style=\"width: 732px\" class=\"wp-caption aligncenter\"><img aria-describedby=\"caption-attachment-117314\" decoding=\"async\" loading=\"lazy\" class=\"size-full wp-image-117314\" src=\"https:\/\/www.uv.mx\/prensa\/files\/2022\/06\/060622-PAOLA-Pla\u0301tica-Citro-len\u0303a-y-carbo\u0301n-1-100k.jpg\" alt=\"Citro organiz\u00f3 seminario sobre los trabajos y experiencias de j\u00f3venes acad\u00e9micos que realizan estancia posdoctoral\" width=\"722\" height=\"437\" srcset=\"https:\/\/www.uv.mx\/prensa\/files\/2022\/06\/060622-PAOLA-Pla\u0301tica-Citro-len\u0303a-y-carbo\u0301n-1-100k.jpg 722w, https:\/\/www.uv.mx\/prensa\/files\/2022\/06\/060622-PAOLA-Pla\u0301tica-Citro-len\u0303a-y-carbo\u0301n-1-100k-300x182.jpg 300w\" sizes=\"(max-width: 722px) 100vw, 722px\" \/><p id=\"caption-attachment-117314\" class=\"wp-caption-text\">Citro organiz\u00f3 seminario sobre los trabajos y experiencias de j\u00f3venes acad\u00e9micos que realizan estancia posdoctoral<\/p><\/div>\n<p>&nbsp;<\/p>\n<p class=\"p1\"><b><i>Paola Cort\u00e9s P\u00e9rez<\/i><\/b><\/p>\n<p class=\"p1\"><b><i>Fotos: Omar Portilla Palacios<\/i><\/b><\/p>\n<p class=\"p1\"><b><i>11\/06\/2022, Xalapa, Ver.-<\/i><\/b> La disponibilidad de nuevos recursos energ\u00e9ticos, como el gas licuado y la electricidad, no ha significado un abandono de los recursos bioenerg\u00e9ticos tradicionales \u2013le\u00f1a o carb\u00f3n\u2013, mencion\u00f3 Antonio Sierra Huelsz, miembro del Sistema Nacional de Investigadores (SNI) Nivel I.<\/p>\n<p class=\"p3\">El especialista particip\u00f3 en el Programa de Seminarios del Posgrado en Ecolog\u00eda Tropical del<a href=\"https:\/\/www.uv.mx\/citro\/\" target=\"_blank\" rel=\"noopener\"> Centro de Investigaciones Tropicales<\/a> (<i>Citro<\/i>) de la Universidad Veracruzana (UV), correspondiente al semestre febrero-julio, enfocado en los trabajos y experiencias de j\u00f3venes realizando estancia posdoctoral.<\/p>\n<p class=\"p3\">Sierra Huelsz ofreci\u00f3 la pl\u00e1tica \u201cPercepciones locales de cambio socio-ecol\u00f3gico: producci\u00f3n, uso y comercializaci\u00f3n de le\u00f1a y carb\u00f3n en la sierra de Zongolica, Veracruz\u201d, que es un an\u00e1lisis de su investigaci\u00f3n posdoctoral y parte del trabajo colectivo en el que participa.<\/p>\n<p class=\"p3\">A nivel global, alrededor del 40 por ciento de la poblaci\u00f3n utiliza bioenerg\u00eda tradicional \u2013principalmente le\u00f1a y carb\u00f3n\u2013 para cubrir sus necesidades dom\u00e9sticas.<\/p>\n<p class=\"p3\">En los a\u00f1os setenta, mencion\u00f3, se declar\u00f3 la existencia de una crisis de la le\u00f1a y surgieron iniciativas que sostuvieron que el uso del bioenerg\u00e9tico era un agente importante de deforestaci\u00f3n y degradaci\u00f3n de los bosques, por lo que enfatiz\u00f3 en la reducci\u00f3n del consumo a trav\u00e9s de estufas ahorradoras y \u201ccombustibles modernos\u201d, as\u00ed como en el manejo forestal.<\/p>\n<p class=\"p3\">\u201cSe pensaba que la transici\u00f3n energ\u00e9tica ser\u00eda lineal, esto es, se transitar\u00eda del uso de la le\u00f1a y el carb\u00f3n hacia los \u2018combustibles modernos\u2019; sin embargo, se dieron cuenta que no ha sido una transici\u00f3n f\u00e1cil.\u201d<\/p>\n<p class=\"p3\">Se reconoce, dijo, que la disponibilidad de nuevos recursos energ\u00e9ticos \u2013como el gas licuado y la electricidad\u2013 no quiere decir que habr\u00e1 un abandono de los recursos bioenerg\u00e9ticos tradicionales. Incluso, en la mayor\u00eda de los casos las personas combinan gas con le\u00f1a.<\/p>\n<p class=\"p3\">Enfatiz\u00f3 que en a\u00f1os recientes se han realizado estudios que muestran que en pocos casos el uso de le\u00f1a y carb\u00f3n tiene relaci\u00f3n con la deforestaci\u00f3n, pero s\u00ed se ha comprobado que son m\u00e1s los casos relacionados con la degradaci\u00f3n forestal.<\/p>\n<p class=\"p3\">Con respecto al consumo, Antonio Sierra indic\u00f3 que el patr\u00f3n general es que la le\u00f1a es mayormente utilizada en contextos rurales, mientras que el carb\u00f3n en zonas urbanas. En Latinoam\u00e9rica es com\u00fan la combinaci\u00f3n de fuentes de energ\u00eda.<\/p>\n<p class=\"p3\">\u201cEn el contexto mexicano se sostiene que el consumo de le\u00f1a es rural y el de carb\u00f3n es urbano, pero ambas se producen en contextos rurales. La demanda de estos productos es estable.\u201d<\/p>\n<p class=\"p1\"><b>El estudio<br \/>\n<\/b>Antonio Sierra Huelsz coment\u00f3 que el estudio se desarroll\u00f3 en la sierra de Zongolica, un importante territorio biocultural nahua. Una de las principales caracter\u00edsticas que ayudan a entender la din\u00e1mica de manejo de recursos es que la mayor\u00eda de la regi\u00f3n est\u00e1 dominada por peque\u00f1as propiedades privadas y ejidos parcelados.<\/p>\n<div id=\"attachment_117315\" style=\"width: 732px\" class=\"wp-caption aligncenter\"><img aria-describedby=\"caption-attachment-117315\" decoding=\"async\" loading=\"lazy\" class=\"size-full wp-image-117315\" src=\"https:\/\/www.uv.mx\/prensa\/files\/2022\/06\/060622-PAOLA-Pla\u0301tica-Citro-len\u0303a-y-carbo\u0301n-2-100k.jpg\" alt=\"Antonio Sierra present\u00f3 estudio sobre el uso de le\u00f1a y carb\u00f3n\" width=\"722\" height=\"434\" srcset=\"https:\/\/www.uv.mx\/prensa\/files\/2022\/06\/060622-PAOLA-Pla\u0301tica-Citro-len\u0303a-y-carbo\u0301n-2-100k.jpg 722w, https:\/\/www.uv.mx\/prensa\/files\/2022\/06\/060622-PAOLA-Pla\u0301tica-Citro-len\u0303a-y-carbo\u0301n-2-100k-300x180.jpg 300w\" sizes=\"(max-width: 722px) 100vw, 722px\" \/><p id=\"caption-attachment-117315\" class=\"wp-caption-text\">Antonio Sierra present\u00f3 estudio sobre el uso de le\u00f1a y carb\u00f3n<\/p><\/div>\n<p>&nbsp;<\/p>\n<p class=\"p3\">Lo anterior permite que haya una heterogeneidad ambiental, de paisajes agroforestales (caf\u00e9, milpa, plantaciones de pino). Adem\u00e1s, hist\u00f3ricamente es considerada una regi\u00f3n de mayor producci\u00f3n de carb\u00f3n del estado.<\/p>\n<p class=\"p3\">Como parte de este proceso de indagaci\u00f3n, han realizado 68 entrevistas con actores directamente involucrados en la producci\u00f3n y venta de los bioenerg\u00e9ticos: le\u00f1adores, carboneros, intermediarios, vendedores y consumidores, de ocho municipios, con un sesgo hacia el municipio de Tequila (donde m\u00e1s han trabajado).<\/p>\n<p class=\"p3\">Tambi\u00e9n han hecho observaciones en campo y puntos de venta (90 en Zongolica, ocho en Orizaba y seis en Tehuac\u00e1n\/Ajalpan). Y un an\u00e1lisis cualitativo, basado en la revisi\u00f3n en conjunto de toda la informaci\u00f3n recabada.<\/p>\n<p class=\"p1\"><b>Manejo y comercializaci\u00f3n<br \/>\n<\/b>En los lugares donde llevaron a cabo las entrevistas, Antonio Sierra distingui\u00f3 tres grandes formas de manejar los recursos para acceder a la le\u00f1a: acahual\/agroforestal, es un sistema donde hay una alta diversidad de especies para le\u00f1a, ya que implica un manejo de podas y en ocasiones cortas totales.<\/p>\n<p class=\"p3\">En el sistema de cafetales de sombra se aprovecha mucha le\u00f1a por las podas de los \u00e1rboles que dan sombra y de algunas matas de caf\u00e9 que est\u00e1n da\u00f1adas. El tercero es de las plantaciones de pinos (<i>Pinus patula<\/i>), por las ramas secas de los \u00e1rboles y los desperdicios del aprovechamiento maderable.<\/p>\n<p class=\"p3\">En tanto, el carb\u00f3n est\u00e1 centrado casi en su totalidad en las plantaciones de encino, manejo de \u00e1rboles adultos, sistemas agroforestales, rebrotes y bosques. \u201cLo que vemos es la diversidad de pr\u00e1cticas de propagaci\u00f3n de los recursos y protecci\u00f3n.<\/p>\n<p class=\"p3\">\u201dA veces el productor de le\u00f1a y de carb\u00f3n es el mismo due\u00f1o del terreno, pero en otras ocasiones es el jornalero, mediero, comprador (por \u00e1rea o por \u00e1rbol) y otros arreglos como trueques, regalos.\u201d<\/p>\n<p class=\"p3\">Asimismo, encontraron que la cadena de comercializaci\u00f3n es m\u00e1s larga en la compra-venta de carb\u00f3n, ya que existen muchos intermediarios y menudistas. Mientras que en el caso de la le\u00f1a, hay menos intermediarios y generalmente el le\u00f1ador es quien la comercializa directamente, ya sea llev\u00e1ndola a una tienda o directamente a la vivienda del consumidor.<\/p>\n<p class=\"p3\">Adelant\u00f3 que actualmente encuestan hogares de tres localidades (Tequila, Oxtotitla y Zacamilola), a fin de realizar un an\u00e1lisis cuantitativo y cualitativo sobre las fuentes de energ\u00eda, usos, volumen de consumo, formas de acceso, medio de vida, percepciones de cambio.<\/p>\n<p class=\"p3\">Cabe mencionar que Antonio Sierra Huelsz es becario postdoctoral del proyecto \u201cPaisajes bioculturales, sistemas agroforestales y dendroenerg\u00eda en la sierra de Zongolica, Veracruz\u201d que desarrolla el <i>Citro<\/i>-UV.<\/p>\n","protected":false},"excerpt":{"rendered":"<p>Aunque se reconoce la disponibilidad de nuevos recursos energ\u00e9ticos \u2013como el gas licuado y la electricidad\u2013, esto no quiere decir que habr\u00e1 un abandono de los recursos bioenerg\u00e9ticos tradicionales.<\/p>\n","protected":false},"author":1775,"featured_media":117316,"comment_status":"closed","ping_status":"closed","sticky":false,"template":"","format":"standard","meta":[],"categories":[61],"tags":[7895,7894,1080,150,7892,7891,6462,4164,7897,7893,7896,1133,191],"_links":{"self":[{"href":"https:\/\/www.uv.mx\/prensa\/wp-json\/wp\/v2\/posts\/117313"}],"collection":[{"href":"https:\/\/www.uv.mx\/prensa\/wp-json\/wp\/v2\/posts"}],"about":[{"href":"https:\/\/www.uv.mx\/prensa\/wp-json\/wp\/v2\/types\/post"}],"author":[{"embeddable":true,"href":"https:\/\/www.uv.mx\/prensa\/wp-json\/wp\/v2\/users\/1775"}],"replies":[{"embeddable":true,"href":"https:\/\/www.uv.mx\/prensa\/wp-json\/wp\/v2\/comments?post=117313"}],"version-history":[{"count":1,"href":"https:\/\/www.uv.mx\/prensa\/wp-json\/wp\/v2\/posts\/117313\/revisions"}],"predecessor-version":[{"id":117593,"href":"https:\/\/www.uv.mx\/prensa\/wp-json\/wp\/v2\/posts\/117313\/revisions\/117593"}],"wp:featuredmedia":[{"embeddable":true,"href":"https:\/\/www.uv.mx\/prensa\/wp-json\/wp\/v2\/media\/117316"}],"wp:attachment":[{"href":"https:\/\/www.uv.mx\/prensa\/wp-json\/wp\/v2\/media?parent=117313"}],"wp:term":[{"taxonomy":"category","embeddable":true,"href":"https:\/\/www.uv.mx\/prensa\/wp-json\/wp\/v2\/categories?post=117313"},{"taxonomy":"post_tag","embeddable":true,"href":"https:\/\/www.uv.mx\/prensa\/wp-json\/wp\/v2\/tags?post=117313"}],"curies":[{"name":"wp","href":"https:\/\/api.w.org\/{rel}","templated":true}]}}