{"id":116911,"date":"2022-06-03T17:57:47","date_gmt":"2022-06-03T22:57:47","guid":{"rendered":"https:\/\/www.uv.mx\/prensa\/?p=116911"},"modified":"2022-06-06T13:15:17","modified_gmt":"2022-06-06T18:15:17","slug":"violencia-resultado-de-la-desigualdad-economica-e-inequidad-social","status":"publish","type":"post","link":"https:\/\/www.uv.mx\/prensa\/general\/violencia-resultado-de-la-desigualdad-economica-e-inequidad-social\/","title":{"rendered":"Violencia, resultado de la desigualdad econ\u00f3mica e inequidad social"},"content":{"rendered":"<ul class=\"ul1\">\n<li class=\"li1\"><i>Pablo Angarita, miembro fundador del Observatorio de Seguridad Humana de Medell\u00edn, present\u00f3 el 1 de junio el libro <\/i>De territorios violentos a la paz territorial<i>, en el MAX<\/i><\/li>\n<li class=\"li1\"><i>La obra aborda c\u00f3mo la sociedad y los Estados se organizan en este contexto<\/i><\/li>\n<\/ul>\n<p>&nbsp;<\/p>\n<div id=\"attachment_116912\" style=\"width: 732px\" class=\"wp-caption aligncenter\"><img aria-describedby=\"caption-attachment-116912\" decoding=\"async\" loading=\"lazy\" class=\"size-full wp-image-116912\" src=\"https:\/\/www.uv.mx\/prensa\/files\/2022\/06\/020622-PAOLA-Evento-del-di\u0301a-De-territorios-1-100k.jpg\" alt=\"Ernesto Isunza y Pablo Angarita comentaron el libro\" width=\"722\" height=\"475\" srcset=\"https:\/\/www.uv.mx\/prensa\/files\/2022\/06\/020622-PAOLA-Evento-del-di\u0301a-De-territorios-1-100k.jpg 722w, https:\/\/www.uv.mx\/prensa\/files\/2022\/06\/020622-PAOLA-Evento-del-di\u0301a-De-territorios-1-100k-300x197.jpg 300w\" sizes=\"(max-width: 722px) 100vw, 722px\" \/><p id=\"caption-attachment-116912\" class=\"wp-caption-text\">Ernesto Isunza y Pablo Angarita comentaron el libro<\/p><\/div>\n<p>&nbsp;<\/p>\n<p class=\"p1\"><b><i>Paola Cort\u00e9s P\u00e9rez<\/i><\/b><\/p>\n<p class=\"p1\"><b><i>Fotos: Omar Portilla Palacios<\/i><\/b><\/p>\n<p class=\"p1\"><b><i>03\/06\/2022, Xalapa, Ver.-<\/i><\/b> Las enormes desigualdades econ\u00f3micas e inequidades sociales existentes son las que generan la violencia, enfatiz\u00f3 Pablo Emilio Angarita Ca\u00f1as, docente de la Universidad de Antioqu\u00eda y miembro fundador del Observatorio de Seguridad Humana de Medell\u00edn, Colombia.<\/p>\n<p class=\"p3\">El acad\u00e9mico particip\u00f3 la tarde del mi\u00e9rcoles 1 de junio en el Museo de Antropolog\u00eda de Xalapa (MAX) en la presentaci\u00f3n del libro <i>De territorios violentos a la paz territorial<\/i>, evento organizado por la <a href=\"https:\/\/www.uv.mx\/sociologia\/\" target=\"_blank\" rel=\"noopener\">Facultad de Sociolog\u00eda<\/a> de la Universidad Veracruzana (UV) y la Plataforma por la Seguridad Humana Xalapa-Coatepec, Radio Teocelo, DeAuge, A.C., y redes vecinales.<\/p>\n<p class=\"p3\">Pablo Angarita coment\u00f3 que el libro agrupa una selecci\u00f3n de art\u00edculos, derivados de ponencias presentadas en el Congreso Internacional de Americanistas, llevado a cabo en la Universidad de Salamanca, Espa\u00f1a.<\/p>\n<p class=\"p3\">Aborda temas relacionados con la violencia, el control territorial por parte de grupos armados y organizados ajenos al Estado, y los intentos por construir una paz territorial en distintos lugares del continente.<\/p>\n<p class=\"p3\">\u201cLa publicaci\u00f3n tiene como preguntas eje la situaci\u00f3n de la violencia e inseguridad que se vive en los pa\u00edses y localidades espec\u00edficas, as\u00ed como saber qu\u00e9 lleva a una sociedad a tener pr\u00e1cticas tan violentas.\u201d<\/p>\n<p class=\"p3\">Enfatiz\u00f3 que los an\u00e1lisis demostraron que no es la pobreza la generadora de violencia, m\u00e1s bien se ha detectado que se presenta en aquellas sociedades donde existe un alto nivel de concentraci\u00f3n de riqueza y personas que viven marginadas del acceso a los productos b\u00e1sicos para vivir dignamente.<\/p>\n<div id=\"attachment_116913\" style=\"width: 732px\" class=\"wp-caption aligncenter\"><img aria-describedby=\"caption-attachment-116913\" decoding=\"async\" loading=\"lazy\" class=\"size-full wp-image-116913\" src=\"https:\/\/www.uv.mx\/prensa\/files\/2022\/06\/020622-PAOLA-Evento-del-di\u0301a-De-territorios-2-100k.jpg\" alt=\"La tarde del 1 de junio se present\u00f3 el libro De territorios violentos a la paz territorial\" width=\"722\" height=\"440\" srcset=\"https:\/\/www.uv.mx\/prensa\/files\/2022\/06\/020622-PAOLA-Evento-del-di\u0301a-De-territorios-2-100k.jpg 722w, https:\/\/www.uv.mx\/prensa\/files\/2022\/06\/020622-PAOLA-Evento-del-di\u0301a-De-territorios-2-100k-300x183.jpg 300w\" sizes=\"(max-width: 722px) 100vw, 722px\" \/><p id=\"caption-attachment-116913\" class=\"wp-caption-text\">La tarde del 1 de junio se present\u00f3 el libro <em>De territorios violentos a la paz territorial<\/em><\/p><\/div>\n<p>&nbsp;<\/p>\n<p class=\"p3\">Sin embargo, dijo que las salidas a esta problem\u00e1tica planteadas por los gobiernos son \u201cmano dura\u201d, encarcelamientos, pol\u00edticas centradas en la represi\u00f3n y la contrataci\u00f3n de m\u00e1s polic\u00edas.<\/p>\n<p class=\"p3\">Ante la decepci\u00f3n por el comportamiento de las autoridades y la fuerza p\u00fablica, se\u00f1al\u00f3 que la ciudadan\u00eda ha buscado resolver la inseguridad por sus propias manos y medios; por ejemplo, la conformaci\u00f3n de grupos de autodefensa o financiar a grupos armados organizados, \u201cestas pr\u00e1cticas han llevado a una desinstitucionalizaci\u00f3n de la seguridad.<\/p>\n<p class=\"p3\">\u201dEso que al principio aparece como un m\u00e9todo eficaz ha llevado a los ciudadanos \u2013sin ser su intenci\u00f3n inicial\u2013 a ser otros criminales que combaten a la criminalidad; es una de las tragedias m\u00e1s grandes que viven nuestras sociedades ante el desespero y la angustia que hay por esta ola de robos, agresiones sexuales, delincuencia callejera.\u201d<\/p>\n<p class=\"p3\">Por \u00faltimo, dijo que la sociedad debe tener un papel protag\u00f3nico y \u00e9sta ha propuesto trabajar en coordinaci\u00f3n con el Estado y la fuerza p\u00fablica, pero no como delatora, sino de manera integral.<\/p>\n<p class=\"p3\">Ernesto Isunza Vera, de la Plataforma para la Seguridad Humana Xalapa-Coatepec, apunt\u00f3: \u201cLo que destaca este libro es que no s\u00f3lo se ve a la violencia como un problema sino como un punto de referencia para la construcci\u00f3n de paz, es decir, muestra c\u00f3mo la sociedad y los Estados se organizan para construir paz en este contexto\u201d.<\/p>\n","protected":false},"excerpt":{"rendered":"<p>Afirm\u00f3 Pablo Angarita, autor del libro <i>De territorios violentos a la paz territorial<\/i>, al presentarlo en el Museo de Antropolog\u00eda de Xalapa. <\/p>\n","protected":false},"author":1775,"featured_media":116912,"comment_status":"closed","ping_status":"closed","sticky":false,"template":"","format":"standard","meta":[],"categories":[11,1],"tags":[384,7782,7784,1068,853,7785,586,102,383,1012,7780,6462,7778,4164,7233,7781,7783,7779],"_links":{"self":[{"href":"https:\/\/www.uv.mx\/prensa\/wp-json\/wp\/v2\/posts\/116911"}],"collection":[{"href":"https:\/\/www.uv.mx\/prensa\/wp-json\/wp\/v2\/posts"}],"about":[{"href":"https:\/\/www.uv.mx\/prensa\/wp-json\/wp\/v2\/types\/post"}],"author":[{"embeddable":true,"href":"https:\/\/www.uv.mx\/prensa\/wp-json\/wp\/v2\/users\/1775"}],"replies":[{"embeddable":true,"href":"https:\/\/www.uv.mx\/prensa\/wp-json\/wp\/v2\/comments?post=116911"}],"version-history":[{"count":1,"href":"https:\/\/www.uv.mx\/prensa\/wp-json\/wp\/v2\/posts\/116911\/revisions"}],"predecessor-version":[{"id":117034,"href":"https:\/\/www.uv.mx\/prensa\/wp-json\/wp\/v2\/posts\/116911\/revisions\/117034"}],"wp:featuredmedia":[{"embeddable":true,"href":"https:\/\/www.uv.mx\/prensa\/wp-json\/wp\/v2\/media\/116912"}],"wp:attachment":[{"href":"https:\/\/www.uv.mx\/prensa\/wp-json\/wp\/v2\/media?parent=116911"}],"wp:term":[{"taxonomy":"category","embeddable":true,"href":"https:\/\/www.uv.mx\/prensa\/wp-json\/wp\/v2\/categories?post=116911"},{"taxonomy":"post_tag","embeddable":true,"href":"https:\/\/www.uv.mx\/prensa\/wp-json\/wp\/v2\/tags?post=116911"}],"curies":[{"name":"wp","href":"https:\/\/api.w.org\/{rel}","templated":true}]}}