{"id":116262,"date":"2022-05-26T19:16:48","date_gmt":"2022-05-27T00:16:48","guid":{"rendered":"https:\/\/www.uv.mx\/prensa\/?p=116262"},"modified":"2022-05-27T11:22:53","modified_gmt":"2022-05-27T16:22:53","slug":"circo-maroma-y-teatro-obra-de-egresado-de-la-uv","status":"publish","type":"post","link":"https:\/\/www.uv.mx\/prensa\/regiones\/circo-maroma-y-teatro-obra-de-egresado-de-la-uv\/","title":{"rendered":"\u201cCirco, Maroma y Teatro\u201d, obra de egresado de la UV"},"content":{"rendered":"<ul class=\"ul1\">\n<li class=\"li1\"><i>Su autor, Salvador Rodr\u00edguez, es egresado<\/i> <i>de la Licenciatura en Derecho del Sistema de Ense\u00f1anza Abierta (SEA)<\/i><\/li>\n<\/ul>\n<p>&nbsp;<\/p>\n<div id=\"attachment_116263\" style=\"width: 732px\" class=\"wp-caption aligncenter\"><img aria-describedby=\"caption-attachment-116263\" decoding=\"async\" loading=\"lazy\" class=\"size-full wp-image-116263\" src=\"https:\/\/www.uv.mx\/prensa\/files\/2022\/05\/260522-EDUARDO-Egresado-SEA-rescata-la-lucha-libre-1-100k.jpg\" alt=\"Comunidad universitaria y p\u00fablico en general se dieron cita en el Museo de C\u00f3rdoba\" width=\"722\" height=\"542\" srcset=\"https:\/\/www.uv.mx\/prensa\/files\/2022\/05\/260522-EDUARDO-Egresado-SEA-rescata-la-lucha-libre-1-100k.jpg 722w, https:\/\/www.uv.mx\/prensa\/files\/2022\/05\/260522-EDUARDO-Egresado-SEA-rescata-la-lucha-libre-1-100k-300x225.jpg 300w\" sizes=\"(max-width: 722px) 100vw, 722px\" \/><p id=\"caption-attachment-116263\" class=\"wp-caption-text\">Comunidad universitaria y p\u00fablico en general se dieron cita en el Museo de C\u00f3rdoba<\/p><\/div>\n<p class=\"p1\"><b><i>26\/05\/2022, C\u00f3rdoba, Ver.-<\/i><\/b> La Coordinaci\u00f3n Regional de Difusi\u00f3n Cultural (CRDC) de la Universidad Veracruzana (UV) present\u00f3 el libro <i>Olvidemos el \u201cCirco, Maroma y Teatro\u201d<\/i>, autor\u00eda de Salvador Rodr\u00edguez, egresado de la Licenciatura en Derecho del Sistema de Ense\u00f1anza Abierta (SEA) en la regi\u00f3n Orizaba-C\u00f3rdoba.<\/p>\n<p class=\"p3\">Con sede en el Museo de C\u00f3rdoba, los asistentes se dieron cita para conocer la publicaci\u00f3n de Salvador Rodr\u00edguez, quien comparti\u00f3 panel con Mar\u00eda Rebeca Mar\u00edn Flores y Jos\u00e9 Luis Intriago Sousa, a quienes invit\u00f3 a presentar el libro.<\/p>\n<p class=\"p3\">Esta obra se public\u00f3 en diciembre de 2021 y \u201cfue producto de la pandemia\u201d, se\u00f1al\u00f3 el autor, toda vez que fue un momento clave en el que contact\u00f3 a la Editorial Gato Blanco y al artista Boli Nolasco, quien se encarg\u00f3 de ilustrar la esencia de los personajes, comenzando as\u00ed el proceso a distancia y en l\u00ednea. \u201cTodo fue trabajo a la distancia, no nos hemos visto a la cara a\u00fan\u201d, enfatiz\u00f3. Con esta obra reuni\u00f3 dos de sus grandes pasiones: la lucha libre mexicana y el periodismo.<\/p>\n<p class=\"p3\">Cabe mencionar que Salvador tuvo la oportunidad de empezar bastante joven en el periodismo, en un foro orizabe\u00f1o de lucha libre llamado \u201cEl Martinete\u201d, donde aprendi\u00f3 a redactar y algunas cuestiones de estilo. Posteriormente y gracias al apoyo de su familia, pudo especializarse como Maestro en Periodismo despu\u00e9s de haber concluido de manera simult\u00e1nea las carreras de Ciencias de la Comunicaci\u00f3n y de Derecho.<\/p>\n<div id=\"attachment_116264\" style=\"width: 732px\" class=\"wp-caption aligncenter\"><img aria-describedby=\"caption-attachment-116264\" decoding=\"async\" loading=\"lazy\" class=\"size-full wp-image-116264\" src=\"https:\/\/www.uv.mx\/prensa\/files\/2022\/05\/260522-EDUARDO-Egresado-SEA-rescata-la-lucha-libre-2-100k.jpg\" alt=\"Salvador Rodr\u00edguez es egresado del SEA regi\u00f3n Orizaba-C\u00f3rdoba\" width=\"722\" height=\"542\" srcset=\"https:\/\/www.uv.mx\/prensa\/files\/2022\/05\/260522-EDUARDO-Egresado-SEA-rescata-la-lucha-libre-2-100k.jpg 722w, https:\/\/www.uv.mx\/prensa\/files\/2022\/05\/260522-EDUARDO-Egresado-SEA-rescata-la-lucha-libre-2-100k-300x225.jpg 300w\" sizes=\"(max-width: 722px) 100vw, 722px\" \/><p id=\"caption-attachment-116264\" class=\"wp-caption-text\">Salvador Rodr\u00edguez es egresado del SEA regi\u00f3n Orizaba-C\u00f3rdoba<\/p><\/div>\n<p>&nbsp;<\/p>\n<p class=\"p3\">Mar\u00edn Flores, quien no se considera una aficionada a lucha libre, mencion\u00f3: \u201c<i>Olvidemos el \u2018Circo, Maroma y Teatro\u2019<\/i> es una lectura obligada tanto para amantes de este deporte como para quienes no lo son. Es una Lectura muy amena, muy ligera, quien no conoce del tema puede seguir el hilo y te invita a investigar m\u00e1s. Por ejemplo, tuve que buscar en <i>YouTube<\/i> el incidente que menciona entre el Hijo del Perro Aguayo y el Hijo del Santo\u201d.<\/p>\n<p class=\"p3\">Comparti\u00f3 datos de gran inter\u00e9s y reflexi\u00f3n que encontr\u00f3 en la lectura, por ejemplo acerca de M\u00edstico, donde se relata una historia de reinvenci\u00f3n personal y de identidad a trav\u00e9s de los derechos de autor, en un momento en que el personaje ya no pod\u00eda usar su nombre por irse a otra compa\u00f1\u00eda.<\/p>\n<p class=\"p3\">Enseguida, Jos\u00e9 Luis Intriago abri\u00f3 su rese\u00f1a reconociendo la labor del autor para contribuir a la documentaci\u00f3n escrita de la lucha libre mexicana. \u201cLe felicito porque en nuestro pa\u00eds hay much\u00edsimo talento, pero lamentablemente no hay un historial, un legado o un registro hist\u00f3rico\u201d, dijo y puntualiz\u00f3 que Salvador Rodr\u00edguez siempre ha estado muy inmerso en la lucha libre mexicana y en la cultura de nuestro pa\u00eds.<\/p>\n<p class=\"p3\">Defini\u00f3 al libro como una fusi\u00f3n de an\u00e9cdotas que parecen haber sido vividas por un <i>boomer<\/i>, pensadas por una generaci\u00f3n X, pero escritas por un<i> millennial<\/i>. \u201cSimple y sencillamente es una mezcla donde ustedes van a saborear y disfrutar, independientemente de la edad que tengan, les va a hacer clic algo\u201d.<\/p>\n<div id=\"attachment_116265\" style=\"width: 335px\" class=\"wp-caption aligncenter\"><img aria-describedby=\"caption-attachment-116265\" decoding=\"async\" loading=\"lazy\" class=\"size-full wp-image-116265\" src=\"https:\/\/www.uv.mx\/prensa\/files\/2022\/05\/260522-EDUARDO-Egresado-SEA-rescata-la-lucha-libre-3-100k.jpg\" alt=\"El libro se encuentra a la venta a trav\u00e9s de Amazon y en librer\u00edas El S\u00f3tano\" width=\"325\" height=\"480\" srcset=\"https:\/\/www.uv.mx\/prensa\/files\/2022\/05\/260522-EDUARDO-Egresado-SEA-rescata-la-lucha-libre-3-100k.jpg 325w, https:\/\/www.uv.mx\/prensa\/files\/2022\/05\/260522-EDUARDO-Egresado-SEA-rescata-la-lucha-libre-3-100k-203x300.jpg 203w\" sizes=\"(max-width: 325px) 100vw, 325px\" \/><p id=\"caption-attachment-116265\" class=\"wp-caption-text\">El libro se encuentra a la venta a trav\u00e9s de Amazon y en librer\u00edas El S\u00f3tano<\/p><\/div>\n<p>&nbsp;<\/p>\n<p class=\"p1\"><b>Sobre el libro<br \/>\n<\/b>El libro <i>Olvidemos el \u201cCirco, Maroma y Teatro\u201d<\/i> presenta los perfiles de 10 luchadores \u2013nueve hombres y una mujer\u2013 que han logrado el \u00e9xito en los \u00faltimos a\u00f1os: M\u00edstico, Octag\u00f3n, Hijo del Santo, Atlantis, Latin Lover, Rey Misterio Jr., Shocker, Dr. Wagner Jr., Hijo del Perro Aguayo y Faby Apache.<\/p>\n<p class=\"p3\">Narrado de forma lineal, cada perfil va desde el origen de cada luchador hasta los sucesos que los convirtieron en estrellas. En simult\u00e1neo, el texto hace distintas menciones a elementos de la cultura pop contempor\u00e1nea como libros, canciones, series y pel\u00edculas.<\/p>\n<p class=\"p3\">Salvador Rodr\u00edguez puntualiz\u00f3 que la l\u00ednea que sigui\u00f3 para escoger a los 10 personajes fue su propio v\u00ednculo con cada uno, rescatando sus an\u00e9cdotas, ya sea porque tuvo la oportunidad de entrevistarlos directamente o porque los ha visto trabajar en vivo. El hecho de que no exista todav\u00eda un libro sobre la lucha libre mexicana, a pesar de que forme parte de nuestra cultura, con m\u00faltiples referencias en pel\u00edculas y en programas de televisi\u00f3n, fue otro de los motivos que lo inspiraron a iniciar esta publicaci\u00f3n.<\/p>\n<p class=\"p3\">Rodr\u00edguez agradeci\u00f3 al Museo de C\u00f3rdoba y a la CRDC de la UV por organizar la presentaci\u00f3n del libro y difundir su trabajo, haciendo \u00e9nfasis en que desde su publicaci\u00f3n \u00e9sta ha sido la primera presentaci\u00f3n presencial.<\/p>\n<div id=\"attachment_116266\" style=\"width: 732px\" class=\"wp-caption aligncenter\"><img aria-describedby=\"caption-attachment-116266\" decoding=\"async\" loading=\"lazy\" class=\"size-full wp-image-116266\" src=\"https:\/\/www.uv.mx\/prensa\/files\/2022\/05\/260522-EDUARDO-Egresado-SEA-rescata-la-lucha-libre-4-100k.jpg\" alt=\"Jos\u00e9 Luis Intriago Sousa, Salvador Rodr\u00edguez y Mar\u00eda Rebeca Mar\u00edn Flores\" width=\"722\" height=\"542\" srcset=\"https:\/\/www.uv.mx\/prensa\/files\/2022\/05\/260522-EDUARDO-Egresado-SEA-rescata-la-lucha-libre-4-100k.jpg 722w, https:\/\/www.uv.mx\/prensa\/files\/2022\/05\/260522-EDUARDO-Egresado-SEA-rescata-la-lucha-libre-4-100k-300x225.jpg 300w\" sizes=\"(max-width: 722px) 100vw, 722px\" \/><p id=\"caption-attachment-116266\" class=\"wp-caption-text\">Jos\u00e9 Luis Intriago Sousa, Salvador Rodr\u00edguez y Mar\u00eda Rebeca Mar\u00edn Flores<\/p><\/div>\n","protected":false},"excerpt":{"rendered":"<p>Al libro, durante la presentaci\u00f3n, lo catalogaron como una fusi\u00f3n de an\u00e9cdotas que parecen haber sido vividas por un boomer, pensadas por una generaci\u00f3n X, pero escritas por un millennial.<\/p>\n","protected":false},"author":1775,"featured_media":116265,"comment_status":"closed","ping_status":"closed","sticky":false,"template":"","format":"standard","meta":[],"categories":[53,32],"tags":[7666,4651,7667,3305,586,777,2610,7668,111,710],"_links":{"self":[{"href":"https:\/\/www.uv.mx\/prensa\/wp-json\/wp\/v2\/posts\/116262"}],"collection":[{"href":"https:\/\/www.uv.mx\/prensa\/wp-json\/wp\/v2\/posts"}],"about":[{"href":"https:\/\/www.uv.mx\/prensa\/wp-json\/wp\/v2\/types\/post"}],"author":[{"embeddable":true,"href":"https:\/\/www.uv.mx\/prensa\/wp-json\/wp\/v2\/users\/1775"}],"replies":[{"embeddable":true,"href":"https:\/\/www.uv.mx\/prensa\/wp-json\/wp\/v2\/comments?post=116262"}],"version-history":[{"count":1,"href":"https:\/\/www.uv.mx\/prensa\/wp-json\/wp\/v2\/posts\/116262\/revisions"}],"predecessor-version":[{"id":116301,"href":"https:\/\/www.uv.mx\/prensa\/wp-json\/wp\/v2\/posts\/116262\/revisions\/116301"}],"wp:featuredmedia":[{"embeddable":true,"href":"https:\/\/www.uv.mx\/prensa\/wp-json\/wp\/v2\/media\/116265"}],"wp:attachment":[{"href":"https:\/\/www.uv.mx\/prensa\/wp-json\/wp\/v2\/media?parent=116262"}],"wp:term":[{"taxonomy":"category","embeddable":true,"href":"https:\/\/www.uv.mx\/prensa\/wp-json\/wp\/v2\/categories?post=116262"},{"taxonomy":"post_tag","embeddable":true,"href":"https:\/\/www.uv.mx\/prensa\/wp-json\/wp\/v2\/tags?post=116262"}],"curies":[{"name":"wp","href":"https:\/\/api.w.org\/{rel}","templated":true}]}}