{"id":116108,"date":"2022-05-25T14:53:05","date_gmt":"2022-05-25T19:53:05","guid":{"rendered":"https:\/\/www.uv.mx\/prensa\/?p=116108"},"modified":"2022-05-25T14:53:05","modified_gmt":"2022-05-25T19:53:05","slug":"una-buena-oratoria-influye-en-una-defensa-doctoral-isabel-cano-ruiz","status":"publish","type":"post","link":"https:\/\/www.uv.mx\/prensa\/banner\/una-buena-oratoria-influye-en-una-defensa-doctoral-isabel-cano-ruiz\/","title":{"rendered":"Una buena oratoria influye en una defensa doctoral: Isabel Cano Ruiz"},"content":{"rendered":"<ul class=\"ul1\">\n<li class=\"li1\"><i>La profesora de la Universidad de Alcal\u00e1 particip\u00f3 en el Primer Coloquio Transatl\u00e1ntico de Investigadores e Investigadoras Predoctorales<\/i><\/li>\n<li class=\"li1\"><i>Dict\u00f3 la ponencia \u201cLa defensa de la tesis doctoral: habilidades cognitivas y comunicativas\u201d<\/i><\/li>\n<li class=\"li1\"><i>La UV particip\u00f3 mediante el Seminario de<span class=\"Apple-converted-space\">\u00a0 <\/span>Estudios Contempor\u00e1neos Sur-Sureste de la Facultad de Historia<\/i><\/li>\n<\/ul>\n<p>&nbsp;<\/p>\n<div id=\"attachment_116109\" style=\"width: 732px\" class=\"wp-caption aligncenter\"><img aria-describedby=\"caption-attachment-116109\" decoding=\"async\" loading=\"lazy\" class=\"size-full wp-image-116109\" src=\"https:\/\/www.uv.mx\/prensa\/files\/2022\/05\/240522-TESIS-DOCTORAL-1-100k.jpg\" alt=\"Isabel Cano Ruiz dict\u00f3 la ponencia \u201cLa defensa de la tesis doctoral: habilidades cognitivas y comunicativas\u201d\" width=\"722\" height=\"496\" srcset=\"https:\/\/www.uv.mx\/prensa\/files\/2022\/05\/240522-TESIS-DOCTORAL-1-100k.jpg 722w, https:\/\/www.uv.mx\/prensa\/files\/2022\/05\/240522-TESIS-DOCTORAL-1-100k-300x206.jpg 300w\" sizes=\"(max-width: 722px) 100vw, 722px\" \/><p id=\"caption-attachment-116109\" class=\"wp-caption-text\">Isabel Cano Ruiz dict\u00f3 la ponencia \u201cLa defensa de la tesis doctoral: habilidades cognitivas y comunicativas\u201d<\/p><\/div>\n<p>&nbsp;<\/p>\n<p class=\"p1\"><b><i>Claudia Peralta V\u00e1zquez<\/i><\/b><\/p>\n<p class=\"p1\"><b><i>Fotos: Omar Portilla Palacios<\/i><\/b><\/p>\n<p class=\"p1\"><b><i>25\/05\/2022, Xalapa, Ver.- <\/i><\/b>Isabel Cano Ruiz, profesora del Departamento de Ciencias Jur\u00eddicas de la Facultad de Derecho de la Universidad de Alcal\u00e1 de Henares (UAH), en Espa\u00f1a, dict\u00f3 la conferencia magistral \u201cLa defensa de la tesis doctoral: habilidades cognitivas y comunicativas\u201d; desde su perspectiva, expres\u00f3 que una buena oratoria, el aspecto f\u00edsico y forma de hablar, influyen en la decisi\u00f3n final que tomen los miembros del tribunal acad\u00e9mico.<\/p>\n<p class=\"p1\">La Subdirectora del Instituto Universitario de Investigaci\u00f3n en Estudios Latinoamericanos de la UAH y experta en t\u00e9cnicas de oratoria, comparti\u00f3 su experiencia dentro del Primer Coloquio Transatl\u00e1ntico de Investigadores e Investigadoras Predoctorales, el mi\u00e9rcoles 18 de mayo.<\/p>\n<p class=\"p3\">La Universidad Veracruzana (UV) particip\u00f3 en este encuentro a trav\u00e9s del Seminario de Estudios Contempor\u00e1neos de la Regi\u00f3n Sur-Sureste de la Facultad de Historia.<\/p>\n<p class=\"p3\">Desde su experiencia, como miembro del tribunal en alrededor de dos mil defensas doctorales de estudiantes colombianos y espa\u00f1oles, comparti\u00f3 algunas recomendaciones e indic\u00f3 que las siglas MTV son un requisito imprescindible: la M representa el modo de expresarse; la T, el tiempo, y la V, la vestimenta.<\/p>\n<p class=\"p3\">Por tanto, una buena oratoria influye mucho, tanto como las habilidades t\u00e9cnicas y f\u00edsicas, pues tienen cierta incidencia a la hora de defender la tesis doctoral.<\/p>\n<p class=\"p3\">En la ponencia virtual, transmitida por <i>Zoom<\/i>, resalt\u00f3 la importancia del tono, precisi\u00f3n y utilizaci\u00f3n de la palabra; dijo tambi\u00e9n que una exposici\u00f3n no debe exceder los 45 minutos, pues tras ese tiempo la atenci\u00f3n de cualquier oyente empieza a decaer.<\/p>\n<p class=\"p3\">\u201cNunca, por muy bien que lo hagamos y nos expresemos, se llenar\u00e1n los vac\u00edos de algo que realmente no se conoce; si no hemos preparado una buena defensa, por muy ataviados que vayamos y tengamos un buen discurso, a la hora de los cuestionamientos podemos demostrar que ese conocimiento no es tan s\u00f3lido.\u201d<\/p>\n<p class=\"p3\">En el segundo d\u00eda de actividades de este coloquio organizado por la UAH y la Universidad de Toulouse II-Jean Jaur\u00e8s (UT2J), Francia, expres\u00f3 que por muy bien que se hilvanen las frases, que se resuman tantas p\u00e1ginas escritas y sean exactas las definiciones, a veces ese objetivo no se logra y los miembros del tribunal quedar\u00e1n sin haber entendido las ideas.<\/p>\n<div id=\"attachment_116110\" style=\"width: 732px\" class=\"wp-caption aligncenter\"><img aria-describedby=\"caption-attachment-116110\" decoding=\"async\" loading=\"lazy\" class=\"size-full wp-image-116110\" src=\"https:\/\/www.uv.mx\/prensa\/files\/2022\/05\/240522-TESIS-DOCTORAL-2-100k.jpg\" alt=\"La profesora de la Universidad de Alcal\u00e1 comparti\u00f3 sus conocimientos ante pares y estudiantes de doctorado\" width=\"722\" height=\"497\" srcset=\"https:\/\/www.uv.mx\/prensa\/files\/2022\/05\/240522-TESIS-DOCTORAL-2-100k.jpg 722w, https:\/\/www.uv.mx\/prensa\/files\/2022\/05\/240522-TESIS-DOCTORAL-2-100k-300x207.jpg 300w\" sizes=\"(max-width: 722px) 100vw, 722px\" \/><p id=\"caption-attachment-116110\" class=\"wp-caption-text\">La profesora de la Universidad de Alcal\u00e1 comparti\u00f3 sus conocimientos ante pares y estudiantes de doctorado<\/p><\/div>\n<p>&nbsp;<\/p>\n<p class=\"p3\">Cano Ruiz, tambi\u00e9n coordinadora del Seminario Introducci\u00f3n a las T\u00e9cnicas de Investigaci\u00f3n para la Elaboraci\u00f3n de Trabajos fin de grado de la Facultad de Derecho de la UAH, inst\u00f3 a preparar y ensayar con antelaci\u00f3n la defensa, as\u00ed como buscar la revisi\u00f3n del director de investigaci\u00f3n, con el fin de que el mensaje sea adecuado y no rebase los 45 minutos.<\/p>\n<p class=\"p3\">Igual de importante es solicitar la venia de los miembros del jurado o tribunal acad\u00e9mico antes de iniciar la exposici\u00f3n; conocer el espacio f\u00edsico de la presentaci\u00f3n para garantizar apoyo t\u00e9cnico, en caso de ser necesario.<\/p>\n<p class=\"p1\">Indudablemente, los nervios siempre se presentan cuando hay un reto importante, no obstante, al inicio no deber\u00e1n olvidar presentarse con nombre y apellido, citar el t\u00edtulo de la tesis doctoral y del director de la investigaci\u00f3n.<\/p>\n<p class=\"p3\">Tambi\u00e9n, agregar\u00e1n por qu\u00e9 eligieron el tema, objetivo, metodolog\u00eda realizada, bibliograf\u00eda, fuentes, conclusiones claras y personales, y n\u00famero de horas invertidas en el trabajo de campo.<\/p>\n<p class=\"p3\">Cano Ruiz sugiri\u00f3 no intentar decir todo o hablar m\u00e1s de lo debido porque resulta pretencioso. Por el contrario, es importante aportar conclusiones propositivas, empezar con fuerza y terminar con la misma intensidad, llevar consigo la tesis, aguantar las cr\u00edticas que el jurado haga, y no mostrar una actitud arrogante.<\/p>\n<p class=\"p3\">Al final, los doctorantes no deben escatimar en agradecimientos, as\u00ed como a los miembros del tribunal por su presencia en el acto.<\/p>\n<p class=\"p3\">Recomend\u00f3 no acudir muy perfumados ni portar objetos que produzcan ruido, cuanto m\u00e1s sencillo o sencilla, ser\u00e1 mejor.<\/p>\n","protected":false},"excerpt":{"rendered":"<p>Indic\u00f3 que las siglas MTV son un requisito imprescindible: la M representa el modo de expresarse; la T, el tiempo, y la V, la vestimenta<\/p>\n","protected":false},"author":1775,"featured_media":116111,"comment_status":"closed","ping_status":"closed","sticky":false,"template":"","format":"standard","meta":[],"categories":[61],"tags":[7646,4163,738,7644,543,524,7647,3010,7643,6462,7645,1023,3103,3012],"_links":{"self":[{"href":"https:\/\/www.uv.mx\/prensa\/wp-json\/wp\/v2\/posts\/116108"}],"collection":[{"href":"https:\/\/www.uv.mx\/prensa\/wp-json\/wp\/v2\/posts"}],"about":[{"href":"https:\/\/www.uv.mx\/prensa\/wp-json\/wp\/v2\/types\/post"}],"author":[{"embeddable":true,"href":"https:\/\/www.uv.mx\/prensa\/wp-json\/wp\/v2\/users\/1775"}],"replies":[{"embeddable":true,"href":"https:\/\/www.uv.mx\/prensa\/wp-json\/wp\/v2\/comments?post=116108"}],"version-history":[{"count":1,"href":"https:\/\/www.uv.mx\/prensa\/wp-json\/wp\/v2\/posts\/116108\/revisions"}],"predecessor-version":[{"id":116157,"href":"https:\/\/www.uv.mx\/prensa\/wp-json\/wp\/v2\/posts\/116108\/revisions\/116157"}],"wp:featuredmedia":[{"embeddable":true,"href":"https:\/\/www.uv.mx\/prensa\/wp-json\/wp\/v2\/media\/116111"}],"wp:attachment":[{"href":"https:\/\/www.uv.mx\/prensa\/wp-json\/wp\/v2\/media?parent=116108"}],"wp:term":[{"taxonomy":"category","embeddable":true,"href":"https:\/\/www.uv.mx\/prensa\/wp-json\/wp\/v2\/categories?post=116108"},{"taxonomy":"post_tag","embeddable":true,"href":"https:\/\/www.uv.mx\/prensa\/wp-json\/wp\/v2\/tags?post=116108"}],"curies":[{"name":"wp","href":"https:\/\/api.w.org\/{rel}","templated":true}]}}