{"id":115458,"date":"2022-05-17T13:39:55","date_gmt":"2022-05-17T18:39:55","guid":{"rendered":"https:\/\/www.uv.mx\/prensa\/?p=115458"},"modified":"2022-05-18T14:08:07","modified_gmt":"2022-05-18T19:08:07","slug":"reconocimiento-de-la-uv-cierra-con-broche-de-oro-mi-labor-maria-luz-marquez","status":"publish","type":"post","link":"https:\/\/www.uv.mx\/prensa\/banner\/reconocimiento-de-la-uv-cierra-con-broche-de-oro-mi-labor-maria-luz-marquez\/","title":{"rendered":"Reconocimiento de la UV cierra con broche de oro mi labor: Mar\u00eda Luz M\u00e1rquez"},"content":{"rendered":"<ul class=\"ul1\">\n<li class=\"li1\"><i>Trabaj\u00f3 durante 43 a\u00f1os como catedr\u00e1tica, investigadora y directiva del Instituto de Investigaciones Psicol\u00f3gicas<\/i><\/li>\n<\/ul>\n<p>&nbsp;<\/p>\n<div id=\"attachment_115459\" style=\"width: 732px\" class=\"wp-caption aligncenter\"><img loading=\"lazy\" decoding=\"async\" aria-describedby=\"caption-attachment-115459\" class=\"size-full wp-image-115459\" src=\"https:\/\/www.uv.mx\/prensa\/files\/2022\/05\/160522-CARLOS-Mari\u0301a-Luz-Ma\u0301rquez-100k.jpg\" alt=\"Mar\u00eda Luz M\u00e1rquez Barradas\" width=\"722\" height=\"511\" srcset=\"https:\/\/www.uv.mx\/prensa\/files\/2022\/05\/160522-CARLOS-Mari\u0301a-Luz-Ma\u0301rquez-100k.jpg 722w, https:\/\/www.uv.mx\/prensa\/files\/2022\/05\/160522-CARLOS-Mari\u0301a-Luz-Ma\u0301rquez-100k-300x212.jpg 300w\" sizes=\"auto, (max-width: 722px) 100vw, 722px\" \/><p id=\"caption-attachment-115459\" class=\"wp-caption-text\">Mar\u00eda Luz M\u00e1rquez Barradas<\/p><\/div>\n<p>&nbsp;<\/p>\n<p class=\"p1\"><b><i>Texto y fotos: Carlos Hugo Hermida Rosales<\/i><\/b><\/p>\n<p class=\"p1\"><b><i>17\/05\/2022, Xalapa, Ver.-<\/i><\/b> \u201cEl que la Universidad Veracruzana (UV) haya reconocido mis 43 a\u00f1os de trayectoria cierra con broche de oro mi labor docente\u201d, mencion\u00f3 Mar\u00eda Luz M\u00e1rquez Barradas, catedr\u00e1tica jubilada del <a href=\"https:\/\/www.uv.mx\/iip\/\" target=\"_blank\" rel=\"noopener\">Instituto de Investigaciones Psicol\u00f3gicas<\/a> (IIP) de esta casa de estudios.<\/p>\n<p class=\"p3\">La tambi\u00e9n investigadora fue laureada junto con otros colegas en la Ceremonia del D\u00eda del Maestro y entrega del Premio al Decano 2022, realizada el 16 de mayo en la Sala Anexa de Tlaqn\u00e1, Centro Cultural.<\/p>\n<p class=\"p3\">Mar\u00eda Luz M\u00e1rquez manifest\u00f3 que tiene un apego exacerbado por el IIP, entidad a la que ve como un hijo debido a que a lo largo de su trayectoria ayud\u00f3 en las diversas etapas de su crecimiento, y a diversificar los servicios que brinda y las l\u00edneas de investigaci\u00f3n.<\/p>\n<p class=\"p3\">\u201cAmo a este instituto, me identifico totalmente con \u00e9l, para m\u00ed siempre ser\u00e1 mi casa\u201d, afirm\u00f3.<\/p>\n<p class=\"p3\">Su estancia all\u00ed le dio la oportunidad de tener excelentes compa\u00f1eros y conocer a investigadores de muchos lugares, ya que constantemente viajaba a exponer proyectos y trabajos a distintos sitios.<\/p>\n<p class=\"p3\">La docente, quien curs\u00f3 la licenciatura, especialidad y maestr\u00eda en la UV, declar\u00f3 que para ella esta instituci\u00f3n educativa lo es todo, y aunque actualmente ya se encuentre jubilada siempre la considerar\u00e1 su hogar.<\/p>\n","protected":false},"excerpt":{"rendered":"<p>Mar\u00eda Luz M\u00e1rquez Barradas, catedr\u00e1tica jubilada del Instituto de Investigaciones Psicol\u00f3gicas (IIP), afirm\u00f3 que esta casa de estudios siempre ser\u00e1 su hogar<\/p>\n","protected":false},"author":1775,"featured_media":115460,"comment_status":"closed","ping_status":"closed","sticky":false,"template":"","format":"standard","meta":{"footnotes":""},"categories":[61],"tags":[4161,1039,949,948,7513],"class_list":["post-115458","post","type-post","status-publish","format-standard","has-post-thumbnail","hentry","category-banner","tag-carlos-hugo-hermida-rosales","tag-catedratica","tag-iip","tag-instituto-de-investigaciones-psicologicas","tag-maria-luz-marquez-barradas"],"_links":{"self":[{"href":"https:\/\/www.uv.mx\/prensa\/wp-json\/wp\/v2\/posts\/115458","targetHints":{"allow":["GET"]}}],"collection":[{"href":"https:\/\/www.uv.mx\/prensa\/wp-json\/wp\/v2\/posts"}],"about":[{"href":"https:\/\/www.uv.mx\/prensa\/wp-json\/wp\/v2\/types\/post"}],"author":[{"embeddable":true,"href":"https:\/\/www.uv.mx\/prensa\/wp-json\/wp\/v2\/users\/1775"}],"replies":[{"embeddable":true,"href":"https:\/\/www.uv.mx\/prensa\/wp-json\/wp\/v2\/comments?post=115458"}],"version-history":[{"count":1,"href":"https:\/\/www.uv.mx\/prensa\/wp-json\/wp\/v2\/posts\/115458\/revisions"}],"predecessor-version":[{"id":115545,"href":"https:\/\/www.uv.mx\/prensa\/wp-json\/wp\/v2\/posts\/115458\/revisions\/115545"}],"wp:featuredmedia":[{"embeddable":true,"href":"https:\/\/www.uv.mx\/prensa\/wp-json\/wp\/v2\/media\/115460"}],"wp:attachment":[{"href":"https:\/\/www.uv.mx\/prensa\/wp-json\/wp\/v2\/media?parent=115458"}],"wp:term":[{"taxonomy":"category","embeddable":true,"href":"https:\/\/www.uv.mx\/prensa\/wp-json\/wp\/v2\/categories?post=115458"},{"taxonomy":"post_tag","embeddable":true,"href":"https:\/\/www.uv.mx\/prensa\/wp-json\/wp\/v2\/tags?post=115458"}],"curies":[{"name":"wp","href":"https:\/\/api.w.org\/{rel}","templated":true}]}}