{"id":11333,"date":"2016-05-24T09:23:26","date_gmt":"2016-05-24T14:23:26","guid":{"rendered":"https:\/\/www.uv.mx\/prensa\/?p=11333"},"modified":"2016-05-24T09:23:26","modified_gmt":"2016-05-24T14:23:26","slug":"fei-invita-a-participar-en-escuela-de-verano-software-2016","status":"publish","type":"post","link":"https:\/\/www.uv.mx\/prensa\/general\/fei-invita-a-participar-en-escuela-de-verano-software-2016\/","title":{"rendered":"FEI invita a participar en Escuela de Verano Software 2016"},"content":{"rendered":"<ul>\n<li><em>Hanna Oktaba, profesora de la UNAM, dictar\u00e1 conferencia magistral e impartir\u00e1 curso de <\/em>Essence<\/li>\n<li><em>Para mayor informaci\u00f3n sobre el evento acad\u00e9mico consultar en: <\/em><em><a href=\"http:\/\/www.quieroaprender.mx\/escuelais\/\">http:\/\/www.quieroaprender.mx\/escuelais\/<\/a><\/em><\/li>\n<\/ul>\n<p>&nbsp;<\/p>\n<div id=\"attachment_11337\" style=\"width: 732px\" class=\"wp-caption aligncenter\"><a href=\"https:\/\/www.uv.mx\/prensa\/files\/2016\/05\/Curso-si.jpg\"><img loading=\"lazy\" decoding=\"async\" aria-describedby=\"caption-attachment-11337\" class=\"size-full wp-image-11337\" src=\"https:\/\/www.uv.mx\/prensa\/files\/2016\/05\/Curso-si.jpg\" alt=\"Lizbeth Hern\u00e1ndez Gonz\u00e1lez y Juan Carlos P\u00e9rez Arriaga, docentes de la FEI, invitaron a la Escuela de Verano de Software 2016\" width=\"722\" height=\"482\" srcset=\"https:\/\/www.uv.mx\/prensa\/files\/2016\/05\/Curso-si.jpg 722w, https:\/\/www.uv.mx\/prensa\/files\/2016\/05\/Curso-si-300x200.jpg 300w\" sizes=\"auto, (max-width: 722px) 100vw, 722px\" \/><\/a><p id=\"caption-attachment-11337\" class=\"wp-caption-text\">Lizbeth Hern\u00e1ndez Gonz\u00e1lez y Juan Carlos P\u00e9rez Arriaga, docentes de la FEI, invitaron a la Escuela de Verano de Software 2016<\/p><\/div>\n<p>&nbsp;<\/p>\n<p><strong><em>Paola Cort\u00e9s P\u00e9rez<\/em><\/strong><\/p>\n<p><em>\u00a0<\/em><\/p>\n<p><strong><em>Xalapa, Ver. 24\/05\/2016.-<\/em><\/strong><em>\u00a0<\/em>La Facultad de Estad\u00edstica e Inform\u00e1tica (FEI) de la Universidad Veracruzana (UV) invita a estudiantes, acad\u00e9micos y profesionales a la Escuela de Verano de <em>Software<\/em> 2016 que tiene como tema \u201cTeor\u00eda y tecnolog\u00edas\u201d, a realizarse del 13 al 17 de junio en las instalaciones de esta entidad.<\/p>\n<p>Lizbeth Hern\u00e1ndez Gonz\u00e1lez, docente de tiempo completo, mencion\u00f3 que el objetivo es contribuir a la formaci\u00f3n y el desarrollo de profesionistas en el \u00e1rea de ingenier\u00eda de <em>software<\/em>.<\/p>\n<p>Juan Carlos P\u00e9rez Arriaga, tambi\u00e9n acad\u00e9mico de tiempo completo, destac\u00f3 que la importancia de este tipo de actividades es acercar la investigaci\u00f3n y los temas de inter\u00e9s que se abordan en la materia Ingenier\u00eda de <em>Software<\/em>, al mismo tiempo que se comparte con la industria.<\/p>\n<p>Hern\u00e1ndez Gonz\u00e1lez agreg\u00f3 que la inauguraci\u00f3n del evento ser\u00e1 el lunes 13 de junio a las 17:00 horas, despu\u00e9s de la conferencia magistral \u201cDime qu\u00e9 desayunaste y te dir\u00e9 si ser\u00e1s productivo en tu proyecto de <em>software<\/em>\u201d, a cargo de Hanna Oktaba, profesora de la Universidad Nacional Aut\u00f3noma de M\u00e9xico (UNAM), la cual estar\u00e1 abierta al p\u00fablico en general, programada a las 16:00 horas.<\/p>\n<p>Hanna Oktaba es docente de la UNAM en el \u00e1rea de Ingenier\u00eda de <em>Software<\/em>; desde 2006 es representante de M\u00e9xico ante el Work Group 24 de ISO JTC1\/SC7 Software and System Engineering, cuyo objetivo es generar un est\u00e1ndar internacional ISO\/IEC 29110 para Very Small Entities de la industria de <em>software<\/em>.<\/p>\n<p>Asimismo, coment\u00f3 que impartir\u00e1 el curso titulado \u201c<em>Essence<\/em>: un est\u00e1ndar diferente para la ingenier\u00eda de <em>software<\/em> con aportaci\u00f3n mexicana de <em>Kuali-Beh<\/em>\u201d, que es el tema a desarrollar a lo largo de la escuela de verano. Est\u00e1 programado para el lunes 13 de 18:00 a 20:00, martes 14 y jueves 16 de 8:00 a 14:00 horas; con una duraci\u00f3n total de 20 horas.<\/p>\n<p>Adem\u00e1s, indic\u00f3 que se ofrecer\u00e1n cuatro talleres: \u201cProgramaci\u00f3n con Arduino\u201d, \u201cDise\u00f1o de interfaces <em>web<\/em>\u201d, \u201cRuby y otras gemas\u201d y \u201cDesarrollo <em>web<\/em> con HTML5\u201d, los cuales se impartir\u00e1n de lunes a viernes en horario vespertino.<\/p>\n<p>\u201cElegimos estas tem\u00e1ticas porque fueron las que m\u00e1s aceptaci\u00f3n tuvieron en la primera edici\u00f3n de la Escuela de Verano, adem\u00e1s de que contamos con una importante asistencia de alumnos de diversos <em>campus<\/em> de la UNAM.\u201d<\/p>\n<p>Especific\u00f3 que el cupo para el curso es de 25 personas, mientras que para los talleres es de 20. Para mayor informaci\u00f3n sobre el registro, temario y costo de los mismos, consultar en <a href=\"http:\/\/www.quieroaprender.mx\/escuelais\/\">http:\/\/www.quieroaprender.mx\/escuelais\/<\/a> o dirigirse al correo electr\u00f3nico <a href=\"mailto:escuela.ingsoft@gmail.com\">escuela.ingsoft@gmail.com<\/a><\/p>\n","protected":false},"excerpt":{"rendered":"<p><strong><em>Paola Cort\u00e9s .-<\/em><\/strong>La Facultad de Estad\u00edstica e Inform\u00e1tica (FEI) de la Universidad Veracruzana (UV) invita a estudiantes, acad\u00e9micos y profesionales a la Escuela de Verano de Software 2016 que tiene como tema \u201cTeor\u00eda y tecnolog\u00edas\u201d, a realizarse del 13 al 17 de junio en las instalaciones de esta entidad.<\/p>\n","protected":false},"author":1810,"featured_media":11336,"comment_status":"closed","ping_status":"closed","sticky":false,"template":"","format":"standard","meta":{"footnotes":""},"categories":[1],"tags":[3],"class_list":["post-11333","post","type-post","status-publish","format-standard","has-post-thumbnail","hentry","category-general","tag-secundarias"],"_links":{"self":[{"href":"https:\/\/www.uv.mx\/prensa\/wp-json\/wp\/v2\/posts\/11333","targetHints":{"allow":["GET"]}}],"collection":[{"href":"https:\/\/www.uv.mx\/prensa\/wp-json\/wp\/v2\/posts"}],"about":[{"href":"https:\/\/www.uv.mx\/prensa\/wp-json\/wp\/v2\/types\/post"}],"author":[{"embeddable":true,"href":"https:\/\/www.uv.mx\/prensa\/wp-json\/wp\/v2\/users\/1810"}],"replies":[{"embeddable":true,"href":"https:\/\/www.uv.mx\/prensa\/wp-json\/wp\/v2\/comments?post=11333"}],"version-history":[{"count":0,"href":"https:\/\/www.uv.mx\/prensa\/wp-json\/wp\/v2\/posts\/11333\/revisions"}],"wp:featuredmedia":[{"embeddable":true,"href":"https:\/\/www.uv.mx\/prensa\/wp-json\/wp\/v2\/media\/11336"}],"wp:attachment":[{"href":"https:\/\/www.uv.mx\/prensa\/wp-json\/wp\/v2\/media?parent=11333"}],"wp:term":[{"taxonomy":"category","embeddable":true,"href":"https:\/\/www.uv.mx\/prensa\/wp-json\/wp\/v2\/categories?post=11333"},{"taxonomy":"post_tag","embeddable":true,"href":"https:\/\/www.uv.mx\/prensa\/wp-json\/wp\/v2\/tags?post=11333"}],"curies":[{"name":"wp","href":"https:\/\/api.w.org\/{rel}","templated":true}]}}