{"id":113258,"date":"2022-04-06T11:55:28","date_gmt":"2022-04-06T16:55:28","guid":{"rendered":"https:\/\/www.uv.mx\/prensa\/?p=113258"},"modified":"2022-04-06T12:30:30","modified_gmt":"2022-04-06T17:30:30","slug":"uv-y-universidad-de-letonia-podrian-trabajar-el-tema-del-cambio-climatico","status":"publish","type":"post","link":"https:\/\/www.uv.mx\/prensa\/ciencia\/uv-y-universidad-de-letonia-podrian-trabajar-el-tema-del-cambio-climatico\/","title":{"rendered":"UV y universidad de Letonia podr\u00edan trabajar el tema del cambio clim\u00e1tico"},"content":{"rendered":"<style type=\"text\/css\">\n  blockquote p { color: #28519b; font-family: helvetica; font-size: 1.4em; }<br \/><\/style>\n<ul>\n<li><em>A trav\u00e9s del Centro de Ciencias de la Tierra y el Instituto de Ciencia y Tecnolog\u00edas Innovadoras <\/em><\/li>\n<li><em>Uldis \u017daimis, director de ese instituto de la Universidad de Liepaja, visit\u00f3 el CCT-UV<\/em><\/li>\n<li><em>Carlos Welsh Rodr\u00edguez destac\u00f3 la posibilidad de colaboraci\u00f3n entre ambos organismos<\/em><\/li>\n<\/ul>\n<p>&nbsp;<\/p>\n<div id=\"attachment_113259\" style=\"width: 732px\" class=\"wp-caption aligncenter\"><img aria-describedby=\"caption-attachment-113259\" decoding=\"async\" loading=\"lazy\" class=\"size-full wp-image-113259\" src=\"https:\/\/www.uv.mx\/prensa\/files\/2022\/04\/050422-VISITA-CCT-1-100k.jpg\" alt=\"Carlos Manuel Welsh Rodr\u00edguez recibi\u00f3 en las instalaciones del CCT a Uldis \u017daimis, de la Universidad de Liepaja, Letonia\" width=\"722\" height=\"479\" srcset=\"https:\/\/www.uv.mx\/prensa\/files\/2022\/04\/050422-VISITA-CCT-1-100k.jpg 722w, https:\/\/www.uv.mx\/prensa\/files\/2022\/04\/050422-VISITA-CCT-1-100k-300x199.jpg 300w\" sizes=\"(max-width: 722px) 100vw, 722px\" \/><p id=\"caption-attachment-113259\" class=\"wp-caption-text\">Carlos Manuel Welsh Rodr\u00edguez recibi\u00f3 en las instalaciones del CCT a Uldis \u017daimis, de la Universidad de Liepaja, Letonia<\/p><\/div>\n<p>&nbsp;<\/p>\n<blockquote><p>\u201cExiste la experiencia y capacidad para compartirla con Letonia y que puedan construir sus propios planes de acci\u00f3n clim\u00e1tica, es una gran \u00e1rea de oportunidad\u201d: Carlos Manuel Welsh Rodr\u00edguez.<\/p><\/blockquote>\n<p>&nbsp;<\/p>\n<p><strong><em>Claudia Peralta V\u00e1zquez<\/em><\/strong><\/p>\n<p><strong><em>Fotos: Omar Portilla Palacios<\/em><\/strong><\/p>\n<p><strong><em>06\/04\/2022, Xalapa, Ver.- <\/em><\/strong>La <a href=\"https:\/\/www.uv.mx\/\" target=\"_blank\" rel=\"noopener\">Universidad Veracruzana<\/a> (UV) y la Universidad de Liepaja, de Letonia, buscan establecer una relaci\u00f3n de vinculaci\u00f3n y apoyo con respecto al cambio clim\u00e1tico que favorezca el intercambio y la movilidad de acad\u00e9micos, estudiantes e investigadores de ambas instituciones.<\/p>\n<p>El primer acercamiento se dio con la visita de Uldis \u017daimis, director del Instituto de Ciencia y Tecnolog\u00edas Innovadoras de la Universidad de Liepaja, al Centro de Ciencias de la Tierra (CCT) de la UV, el martes 5 de abril.<\/p>\n<p>Este encuentro realizado con el prop\u00f3sito de identificar elementos comunes de colaboraci\u00f3n entre ambas instancias, se efectu\u00f3 a trav\u00e9s del programa Plan de Acci\u00f3n de la Comunidad Europea para la Movilidad de Estudiantes Universitarios (ERASMUS, por sus siglas en ingl\u00e9s), estrategia de apoyo a la educaci\u00f3n de la Uni\u00f3n Europea (UE).<\/p>\n<div id=\"attachment_113260\" style=\"width: 732px\" class=\"wp-caption aligncenter\"><img aria-describedby=\"caption-attachment-113260\" decoding=\"async\" loading=\"lazy\" class=\"size-full wp-image-113260\" src=\"https:\/\/www.uv.mx\/prensa\/files\/2022\/04\/050422-VISITA-CCT-2-100k.jpg\" alt=\"Durante su visita al CCT, el funcionario de la universidad de Letonia constat\u00f3 el funcionamiento del OSV\" width=\"722\" height=\"470\" srcset=\"https:\/\/www.uv.mx\/prensa\/files\/2022\/04\/050422-VISITA-CCT-2-100k.jpg 722w, https:\/\/www.uv.mx\/prensa\/files\/2022\/04\/050422-VISITA-CCT-2-100k-300x195.jpg 300w\" sizes=\"(max-width: 722px) 100vw, 722px\" \/><p id=\"caption-attachment-113260\" class=\"wp-caption-text\">Durante su visita al CCT, el funcionario de la universidad de Letonia constat\u00f3 el funcionamiento del OSV<\/p><\/div>\n<p>&nbsp;<\/p>\n<p>Carlos Manuel Welsh Rodr\u00edguez dio la bienvenida a Uldis \u017daimis, a quien le extern\u00f3 la gran oportunidad que esto representa para el trabajo sobre cambio clim\u00e1tico desarrollado en la UV.<\/p>\n<p>Resalt\u00f3 la posibilidad de compartir los conocimientos generados al interior del CCT con Letonia, dado el aporte de la UV a la elaboraci\u00f3n del Programa Veracruzano ante el Cambio Clim\u00e1tico (PVCC).<\/p>\n<p>Mencion\u00f3, adem\u00e1s, la capacitaci\u00f3n a 20 estados del pa\u00eds con la finalidad de que desarrollaran su propio programa.<\/p>\n<p>\u201cExiste la experiencia y capacidad para compartirla con Letonia y que puedan construir sus propios planes de acci\u00f3n clim\u00e1tica, es una gran \u00e1rea de oportunidad\u201d, expres\u00f3 el funcionario.<\/p>\n<div id=\"attachment_113261\" style=\"width: 732px\" class=\"wp-caption aligncenter\"><img aria-describedby=\"caption-attachment-113261\" decoding=\"async\" loading=\"lazy\" class=\"size-full wp-image-113261\" src=\"https:\/\/www.uv.mx\/prensa\/files\/2022\/04\/050422-VISITA-CCT-3-100k.jpg\" alt=\"En el encuentro destac\u00f3 el inter\u00e9s de colaborar conjuntamente en proyectos futuros\" width=\"722\" height=\"465\" srcset=\"https:\/\/www.uv.mx\/prensa\/files\/2022\/04\/050422-VISITA-CCT-3-100k.jpg 722w, https:\/\/www.uv.mx\/prensa\/files\/2022\/04\/050422-VISITA-CCT-3-100k-300x193.jpg 300w\" sizes=\"(max-width: 722px) 100vw, 722px\" \/><p id=\"caption-attachment-113261\" class=\"wp-caption-text\">En el encuentro destac\u00f3 el inter\u00e9s de colaborar conjuntamente en proyectos futuros<\/p><\/div>\n<p>&nbsp;<\/p>\n<p>Welsh Rodr\u00edguez tambi\u00e9n coment\u00f3 la labor del CCT en torno al dise\u00f1o de instrumentos geof\u00edsicos, por lo que no descart\u00f3 la posibilidad de elaborar sensores de manera conjunta, dise\u00f1ar equipos e instrumentos para el \u00e1rea geof\u00edsica, \u201cpor eso nos interesa esta colaboraci\u00f3n\u201d.<\/p>\n<p>Uldis \u017daimis subray\u00f3 el inter\u00e9s de impulsar proyectos e investigaciones sobre cambio clim\u00e1tico y otros temas, por medio de recursos conjuntos y de financiamientos de la UE.<\/p>\n<p>Al recorrer las instalaciones y laboratorio, reconoci\u00f3 los avances del CCT, trabajo que compar\u00f3 con algunas actividades realizadas en su universidad en cuanto al manejo de modelos matem\u00e1ticos.<\/p>\n<div id=\"attachment_113262\" style=\"width: 732px\" class=\"wp-caption aligncenter\"><img aria-describedby=\"caption-attachment-113262\" decoding=\"async\" loading=\"lazy\" class=\"size-full wp-image-113262\" src=\"https:\/\/www.uv.mx\/prensa\/files\/2022\/04\/050422-VISITA-CCT-4-100k.jpg\" alt=\"Francisco C\u00f3rdoba Montiel, investigador del CCT, y Uldis \u017daimis\" width=\"722\" height=\"473\" srcset=\"https:\/\/www.uv.mx\/prensa\/files\/2022\/04\/050422-VISITA-CCT-4-100k.jpg 722w, https:\/\/www.uv.mx\/prensa\/files\/2022\/04\/050422-VISITA-CCT-4-100k-300x197.jpg 300w\" sizes=\"(max-width: 722px) 100vw, 722px\" \/><p id=\"caption-attachment-113262\" class=\"wp-caption-text\">Francisco C\u00f3rdoba Montiel, investigador del CCT, y Uldis \u017daimis<\/p><\/div>\n<p>&nbsp;<\/p>\n<p>Constat\u00f3 el funcionamiento y operaci\u00f3n del Observatorio Sismol\u00f3gico y Vulcanol\u00f3gico (OSV) de Veracruz, adscrito al CCT, bajo la gu\u00eda del investigador Francisco C\u00f3rdoba Montiel, quien detall\u00f3 la importancia de este centro de monitoreo, as\u00ed como la labor de la Red S\u00edsmica de Veracruz (RSV), en coordinaci\u00f3n con el Servicio Sismol\u00f3gico Nacional (SSN) y la Secretar\u00eda de Protecci\u00f3n Civil de la entidad.<\/p>\n<p>Por ello, recalc\u00f3 el inter\u00e9s por identificar \u00e1reas en las que podr\u00eda generarse dicha vinculaci\u00f3n e intercambio futuro de estudiantes, acad\u00e9micos e investigadores.<\/p>\n<p>Durante su estancia en esta ciudad, Uldis \u017daimis tambi\u00e9n contempla visitar la Facultad de Instrumentaci\u00f3n Electr\u00f3nica (FIE) y el Instituto de Investigaci\u00f3n en Inteligencia Artificial (IIIA), donde escuchar\u00e1 las propuestas y avances dentro del \u00c1rea Acad\u00e9mica T\u00e9cnica.<\/p>\n","protected":false},"excerpt":{"rendered":"<p>El primer acercamiento se dio con la visita de Uldis \u017daimis, director del Instituto de Ciencia y Tecnolog\u00edas Innovadoras de la Universidad de Liepaja, al Centro de Ciencias de la Tierra (CCT). <\/p>\n","protected":false},"author":1775,"featured_media":113259,"comment_status":"closed","ping_status":"closed","sticky":false,"template":"","format":"standard","meta":[],"categories":[45],"tags":[712,7058,1269,4163,559,7059,1340,7057,385,6462,7056,269],"_links":{"self":[{"href":"https:\/\/www.uv.mx\/prensa\/wp-json\/wp\/v2\/posts\/113258"}],"collection":[{"href":"https:\/\/www.uv.mx\/prensa\/wp-json\/wp\/v2\/posts"}],"about":[{"href":"https:\/\/www.uv.mx\/prensa\/wp-json\/wp\/v2\/types\/post"}],"author":[{"embeddable":true,"href":"https:\/\/www.uv.mx\/prensa\/wp-json\/wp\/v2\/users\/1775"}],"replies":[{"embeddable":true,"href":"https:\/\/www.uv.mx\/prensa\/wp-json\/wp\/v2\/comments?post=113258"}],"version-history":[{"count":1,"href":"https:\/\/www.uv.mx\/prensa\/wp-json\/wp\/v2\/posts\/113258\/revisions"}],"predecessor-version":[{"id":113285,"href":"https:\/\/www.uv.mx\/prensa\/wp-json\/wp\/v2\/posts\/113258\/revisions\/113285"}],"wp:featuredmedia":[{"embeddable":true,"href":"https:\/\/www.uv.mx\/prensa\/wp-json\/wp\/v2\/media\/113259"}],"wp:attachment":[{"href":"https:\/\/www.uv.mx\/prensa\/wp-json\/wp\/v2\/media?parent=113258"}],"wp:term":[{"taxonomy":"category","embeddable":true,"href":"https:\/\/www.uv.mx\/prensa\/wp-json\/wp\/v2\/categories?post=113258"},{"taxonomy":"post_tag","embeddable":true,"href":"https:\/\/www.uv.mx\/prensa\/wp-json\/wp\/v2\/tags?post=113258"}],"curies":[{"name":"wp","href":"https:\/\/api.w.org\/{rel}","templated":true}]}}