{"id":112714,"date":"2022-03-30T18:45:12","date_gmt":"2022-03-31T00:45:12","guid":{"rendered":"https:\/\/www.uv.mx\/prensa\/?p=112714"},"modified":"2022-04-01T13:58:00","modified_gmt":"2022-04-01T19:58:00","slug":"arquitectura-celebro-42-aniversario-con-coloquio-internacional","status":"publish","type":"post","link":"https:\/\/www.uv.mx\/prensa\/regiones\/arquitectura-celebro-42-aniversario-con-coloquio-internacional\/","title":{"rendered":"Arquitectura celebr\u00f3 42 aniversario con coloquio internacional"},"content":{"rendered":"<ul>\n<li><em>La conferencia magistral estuvo a cargo de Jorge Gon\u00e7alvez, acad\u00e9mico del Instituto Superior T\u00e9cnico de Lisboa<\/em><\/li>\n<li><em>Se present\u00f3 el libro <\/em>Las esferas de la arquitectura<em>, de Jonathan Espinoza Bernard<\/em><\/li>\n<\/ul>\n<p>&nbsp;<\/p>\n<div id=\"attachment_112715\" style=\"width: 732px\" class=\"wp-caption aligncenter\"><img loading=\"lazy\" decoding=\"async\" aria-describedby=\"caption-attachment-112715\" class=\"size-full wp-image-112715\" src=\"https:\/\/www.uv.mx\/prensa\/files\/2022\/03\/290322-CELIA-Coloquio-Internacional-Arquitectura-1-100k.jpg\" alt=\"Coloquio Internacional Arquitectura y Desarrollo Humano\" width=\"722\" height=\"453\" srcset=\"https:\/\/www.uv.mx\/prensa\/files\/2022\/03\/290322-CELIA-Coloquio-Internacional-Arquitectura-1-100k.jpg 722w, https:\/\/www.uv.mx\/prensa\/files\/2022\/03\/290322-CELIA-Coloquio-Internacional-Arquitectura-1-100k-300x188.jpg 300w, https:\/\/www.uv.mx\/prensa\/files\/2022\/03\/290322-CELIA-Coloquio-Internacional-Arquitectura-1-100k-200x125.jpg 200w\" sizes=\"auto, (max-width: 722px) 100vw, 722px\" \/><p id=\"caption-attachment-112715\" class=\"wp-caption-text\">Coloquio Internacional Arquitectura y Desarrollo Humano<\/p><\/div>\n<p>&nbsp;<\/p>\n<p><strong><em>Alma Celia San Mart\u00edn Cruz<\/em><\/strong><\/p>\n<p><strong><em>30\/03\/2022, Poza Rica, Ver.-<\/em><\/strong> En el marco del 42 aniversario de la <a href=\"https:\/\/www.uv.mx\/arquitectura\/\" target=\"_blank\" rel=\"noopener\">Facultad de Arquitectura <\/a>de la Universidad Veracruzana (UV), se realiz\u00f3 el Coloquio Internacional Arquitectura y Desarrollo Urbano, a trav\u00e9s de la plataforma <em>UV-Zoom<\/em>.<\/p>\n<p>Se dict\u00f3 la conferencia magistral \u201cProducci\u00f3n metropolitana: habitacional, movilidad y espacio p\u00fablico\u201d, a cargo de Jorge Gon\u00e7alvez, acad\u00e9mico del Instituto Superior T\u00e9cnico de Lisboa e integrante de la Red Universitaria Iberoamericana de Territorio y Movilidad; adem\u00e1s, se present\u00f3 el libro <em>Las esferas de la arquitectura<\/em>, a cargo del autor Jonathan Espinoza Bernard.<\/p>\n<p>La vicerrectora Liliana Cuervo L\u00f3pez inaugur\u00f3 el evento y expres\u00f3 su reconocimiento a autoridades y acad\u00e9micos de Arquitectura por este importante evento, el cual, dijo, tiene un doble prop\u00f3sito.<\/p>\n<p>El primero, es intercambiar saberes entre especialistas y profesionales del arte y la t\u00e9cnica, para beneficio de los estudiantes; el segundo, es la vinculaci\u00f3n con el desarrollo humano. Actualmente el Banco Mundial menciona que la mayor\u00eda de la poblaci\u00f3n se encuentra en zonas urbanas, por lo que los arquitectos son elementos claves para planificar un crecimiento proporcional a la sociedad en espacios donde se puedan garantizar servicios.<\/p>\n<div id=\"attachment_112716\" style=\"width: 732px\" class=\"wp-caption aligncenter\"><img loading=\"lazy\" decoding=\"async\" aria-describedby=\"caption-attachment-112716\" class=\"size-full wp-image-112716\" src=\"https:\/\/www.uv.mx\/prensa\/files\/2022\/03\/290322-CELIA-Coloquio-Internacional-Arquitectura-2-100k.jpg\" alt=\"Jorge Gon\u00e7alvez, acad\u00e9mico del Instituto Superior T\u00e9cnico de Lisboa\" width=\"722\" height=\"437\" srcset=\"https:\/\/www.uv.mx\/prensa\/files\/2022\/03\/290322-CELIA-Coloquio-Internacional-Arquitectura-2-100k.jpg 722w, https:\/\/www.uv.mx\/prensa\/files\/2022\/03\/290322-CELIA-Coloquio-Internacional-Arquitectura-2-100k-300x182.jpg 300w\" sizes=\"auto, (max-width: 722px) 100vw, 722px\" \/><p id=\"caption-attachment-112716\" class=\"wp-caption-text\">Jorge Gon\u00e7alvez, acad\u00e9mico del Instituto Superior T\u00e9cnico de Lisboa<\/p><\/div>\n<p>&nbsp;<\/p>\n<p>En la inauguraci\u00f3n estuvieron presentes el secretario Acad\u00e9mico regional, C\u00e9sar Mart\u00ednez S\u00e1nchez; el titular de la Coordinaci\u00f3n Universitaria de Observatorios (CUO) de la UV, Oth\u00f3n Flores Consejo, y la directora de la Facultad de Arquitectura, Victoria Amador Rodr\u00edguez.<\/p>\n<p>En su conferencia, Jorge Gon\u00e7alvez explic\u00f3 que la poblaci\u00f3n del planeta es m\u00e1s urbana, sobre todo en las zonas metropolitanas, las cuales generan m\u00e1s empleo y producen m\u00e1s riqueza, pero est\u00e1n fragmentadas en miles de instituciones que no dialogan porque est\u00e1n segmentadas en cientos de jurisdicciones y fronteras, por lo tanto hay muchos obst\u00e1culos y retos complejos de soluci\u00f3n.<\/p>\n<p>Se\u00f1al\u00f3 que las zonas metropolitanas son motores econ\u00f3micos de pa\u00edses y regiones, sin embargo, se ven obstaculizadas por los problemas experimentados en el medio ambiente, infraestructura, equipamiento y ordenaci\u00f3n del territorio.<\/p>\n<p>Estos espacios, dijo, fomentan la mayor interacci\u00f3n entre individuos, familias, empresas, organizaciones e instituciones que est\u00e1n en la base del sistema metropolitano, no obstante, est\u00e1n divididas entre los poderes locales, centrales y regionales, y por tanto no tienen una voz propia, legitimidad ni mando.<\/p>\n<div id=\"attachment_112717\" style=\"width: 732px\" class=\"wp-caption aligncenter\"><img loading=\"lazy\" decoding=\"async\" aria-describedby=\"caption-attachment-112717\" class=\"size-full wp-image-112717\" src=\"https:\/\/www.uv.mx\/prensa\/files\/2022\/03\/290322-CELIA-Coloquio-Internacional-Arquitectura-3-100k.jpg\" alt=\"Estudiantes, acad\u00e9micos e investigadores participaron en el coloquio\" width=\"722\" height=\"419\" srcset=\"https:\/\/www.uv.mx\/prensa\/files\/2022\/03\/290322-CELIA-Coloquio-Internacional-Arquitectura-3-100k.jpg 722w, https:\/\/www.uv.mx\/prensa\/files\/2022\/03\/290322-CELIA-Coloquio-Internacional-Arquitectura-3-100k-300x174.jpg 300w\" sizes=\"auto, (max-width: 722px) 100vw, 722px\" \/><p id=\"caption-attachment-112717\" class=\"wp-caption-text\">Estudiantes, acad\u00e9micos e investigadores participaron en el coloquio<\/p><\/div>\n<p>&nbsp;<\/p>\n<p>Por su parte, Jonathan Espinoza Bernard present\u00f3 el libro de su autor\u00eda, <em>Las esferas de la arquitectura<\/em>, en donde comenta sobre el devenir de la arquitectura.<\/p>\n<p>El texto constituye una propuesta reflexiva y anal\u00edtica para entender a la arquitectura no solamente como un elemento funcional de las sociedades humanas, sino como la uni\u00f3n de varias disciplinas.<\/p>\n<p>Fue muy significativa la participaci\u00f3n de acad\u00e9micos, investigadores de facultades de Arquitectura de la UV y otras instituciones que participaron a trav\u00e9s de la plataforma digital.<\/p>\n","protected":false},"excerpt":{"rendered":"<p>La vicerrectora Liliana Cuervo L\u00f3pez inaugur\u00f3 el evento y expres\u00f3 su reconocimiento a autoridades y acad\u00e9micos de Arquitectura por este importante evento.<\/p>\n","protected":false},"author":1775,"featured_media":112715,"comment_status":"closed","ping_status":"closed","sticky":false,"template":"","format":"standard","meta":{"footnotes":""},"categories":[54,32],"tags":[750,4339,6920,1006,5481,6951,419,6953,6955,6952,586,6954],"class_list":["post-112714","post","type-post","status-publish","format-standard","has-post-thumbnail","hentry","category-poza-rica","category-regiones","tag-academico","tag-alma-celia-san-martin-cruz","tag-aniversario","tag-arquitectura","tag-coloquio-internacional","tag-desarrollo-urbano","tag-facultad-de-arquitectura","tag-instituto-superior-tecnico-de-lisboa","tag-jonathan-espinoza-bernard","tag-jorge-goncalvez","tag-libro","tag-red-universitaria-iberoamericana-de-territorio-y-movilidad"],"_links":{"self":[{"href":"https:\/\/www.uv.mx\/prensa\/wp-json\/wp\/v2\/posts\/112714","targetHints":{"allow":["GET"]}}],"collection":[{"href":"https:\/\/www.uv.mx\/prensa\/wp-json\/wp\/v2\/posts"}],"about":[{"href":"https:\/\/www.uv.mx\/prensa\/wp-json\/wp\/v2\/types\/post"}],"author":[{"embeddable":true,"href":"https:\/\/www.uv.mx\/prensa\/wp-json\/wp\/v2\/users\/1775"}],"replies":[{"embeddable":true,"href":"https:\/\/www.uv.mx\/prensa\/wp-json\/wp\/v2\/comments?post=112714"}],"version-history":[{"count":1,"href":"https:\/\/www.uv.mx\/prensa\/wp-json\/wp\/v2\/posts\/112714\/revisions"}],"predecessor-version":[{"id":112959,"href":"https:\/\/www.uv.mx\/prensa\/wp-json\/wp\/v2\/posts\/112714\/revisions\/112959"}],"wp:featuredmedia":[{"embeddable":true,"href":"https:\/\/www.uv.mx\/prensa\/wp-json\/wp\/v2\/media\/112715"}],"wp:attachment":[{"href":"https:\/\/www.uv.mx\/prensa\/wp-json\/wp\/v2\/media?parent=112714"}],"wp:term":[{"taxonomy":"category","embeddable":true,"href":"https:\/\/www.uv.mx\/prensa\/wp-json\/wp\/v2\/categories?post=112714"},{"taxonomy":"post_tag","embeddable":true,"href":"https:\/\/www.uv.mx\/prensa\/wp-json\/wp\/v2\/tags?post=112714"}],"curies":[{"name":"wp","href":"https:\/\/api.w.org\/{rel}","templated":true}]}}