{"id":112708,"date":"2022-03-30T18:45:36","date_gmt":"2022-03-31T00:45:36","guid":{"rendered":"https:\/\/www.uv.mx\/prensa\/?p=112708"},"modified":"2022-04-01T13:57:01","modified_gmt":"2022-04-01T19:57:01","slug":"estudiosos-de-las-artes-compartiran-experiencias-en-coloquio-internacional","status":"publish","type":"post","link":"https:\/\/www.uv.mx\/prensa\/cultura\/estudiosos-de-las-artes-compartiran-experiencias-en-coloquio-internacional\/","title":{"rendered":"Estudiosos de las artes compartir\u00e1n experiencias en coloquio internacional"},"content":{"rendered":"<ul>\n<li><em>Dar\u00e1n a conocer metodolog\u00edas que generaron durante el confinamiento para fortalecer la ense\u00f1anza-aprendizaje<\/em><\/li>\n<li><em>Los d\u00edas 28 y 29 de abril participar\u00e1n virtualmente investigadores y docentes de Venezuela, Jap\u00f3n y M\u00e9xico<\/em><\/li>\n<\/ul>\n<p>&nbsp;<\/p>\n<div id=\"attachment_112709\" style=\"width: 732px\" class=\"wp-caption aligncenter\"><img loading=\"lazy\" decoding=\"async\" aria-describedby=\"caption-attachment-112709\" class=\"size-full wp-image-112709\" src=\"https:\/\/www.uv.mx\/prensa\/files\/2022\/03\/29032022-Couttolenc-Coloquio-1-100k.jpg\" alt=\"Gabriela Peralta Rosales, docente de los TLA de Coatepec\" width=\"722\" height=\"481\" srcset=\"https:\/\/www.uv.mx\/prensa\/files\/2022\/03\/29032022-Couttolenc-Coloquio-1-100k.jpg 722w, https:\/\/www.uv.mx\/prensa\/files\/2022\/03\/29032022-Couttolenc-Coloquio-1-100k-300x200.jpg 300w\" sizes=\"auto, (max-width: 722px) 100vw, 722px\" \/><p id=\"caption-attachment-112709\" class=\"wp-caption-text\">Gabriela Peralta Rosales, docente de los TLA de Coatepec<\/p><\/div>\n<p>&nbsp;<\/p>\n<p><strong><em>Jos\u00e9 Luis Couttolenc Soto<\/em><\/strong><\/p>\n<p><strong><em>Fotos: Omar Portilla Palacios<\/em><\/strong><\/p>\n<p><strong><em>30\/03\/2022, Xalapa, Ver.-<\/em><\/strong> Con la participaci\u00f3n de investigadores y docentes de las distintas disciplinas comprendidas dentro del \u00e1rea de las artes, los d\u00edas 28 y 29 de abril tendr\u00e1 lugar el 1er Coloquio Internacional Virtual \u201cRetos, estrategias y procesos de la ense\u00f1anza art\u00edstica virtual durante el confinamiento por COVID-19\u201d, inform\u00f3 Gabriela Peralta Rosales, docente del Taller Libre de Arte (TLA) de la <a href=\"https:\/\/www.uv.mx\/\" target=\"_blank\" rel=\"noopener\">Universidad Veracruzana<\/a> (UV) en Coatepec.<\/p>\n<p>La Doctoranda en Estudios Transdisciplinarios de la Cultura y la Comunicaci\u00f3n y coordinadora del evento, dijo que especialistas en artes de Venezuela, Jap\u00f3n y M\u00e9xico abordar\u00e1n tem\u00e1ticas desde su disciplina art\u00edstica como la danza, <em>performance<\/em>, teatro, m\u00fasica y artes pl\u00e1sticas, compartiendo experiencias desde la \u00f3ptica docente en la virtualidad; narrar\u00e1n c\u00f3mo desde el confinamiento tuvieron que generar metodolog\u00edas que permitieran fortalecer el proceso ense\u00f1anza-aprendizaje.<\/p>\n<p>Se tocar\u00e1n temas como la ansiedad en el <em>performance<\/em> musical; concienciaci\u00f3n en la ense\u00f1anza-aprendizaje en la ejecuci\u00f3n de la flauta; procesos creativos en el trabajo de los estudiantes, as\u00ed como los desaf\u00edos tecnol\u00f3gicos y las artes, entre otros.<\/p>\n<p>Entre los ponentes que han confirmado su participaci\u00f3n se encuentran: Gabriela Conti, miembro fundador de la Asociaci\u00f3n Argentina de <em>Performance<\/em> Musical, flautista, autora del libro <a href=\"http:\/\/www.flautistico.com.ar\/flautistico\/flautistico.nsf\/docs\/Afinando_las_emociones\"><em>Afinando las emociones<\/em><\/a>, integrante del Ensamble Italiano y docente; adem\u00e1s de la actividad musical, dicta talleres y clases individuales para el trabajo con las emociones del m\u00fasico en escena.<\/p>\n<p>Mar\u00eda Alejandra Jim\u00e9nez Mar\u00edn, de Venezuela, quien es flautista egresada del Conservatorio de M\u00fasica \u201cSim\u00f3n Bol\u00edvar\u201d; particip\u00f3 como integrante en las orquestas Infantil \u201cSergio Moreira\u201d, Sinf\u00f3nica Nacional Infantil de Venezuela, Sinf\u00f3nica Juvenil de Caracas, y Municipal de Caracas; ha intervenido en encuentros internacionales con la Orquesta Juvenil de Nueva York, y Latinoamericana de Flautas, entre otras. Actualmente participa en la Orquesta T\u00edpica Nacional.<\/p>\n<div id=\"attachment_112710\" style=\"width: 732px\" class=\"wp-caption aligncenter\"><img loading=\"lazy\" decoding=\"async\" aria-describedby=\"caption-attachment-112710\" class=\"size-full wp-image-112710\" src=\"https:\/\/www.uv.mx\/prensa\/files\/2022\/03\/29032022-Couttolenc-Coloquio-Artes-2-100k.jpg\" alt=\"Los d\u00edas 28 y 29 de abril tendr\u00e1 lugar el 1er Coloquio Internacional Virtual \u201cRetos, estrategias y procesos de la ense\u00f1anza art\u00edstica virtual durante el confinamiento por COVID-19\u201d\" width=\"722\" height=\"565\" srcset=\"https:\/\/www.uv.mx\/prensa\/files\/2022\/03\/29032022-Couttolenc-Coloquio-Artes-2-100k.jpg 722w, https:\/\/www.uv.mx\/prensa\/files\/2022\/03\/29032022-Couttolenc-Coloquio-Artes-2-100k-300x235.jpg 300w\" sizes=\"auto, (max-width: 722px) 100vw, 722px\" \/><p id=\"caption-attachment-112710\" class=\"wp-caption-text\">Los d\u00edas 28 y 29 de abril tendr\u00e1 lugar el 1er Coloquio Internacional Virtual \u201cRetos, estrategias y procesos de la ense\u00f1anza art\u00edstica virtual durante el confinamiento por COVID-19\u201d<\/p><\/div>\n<p>&nbsp;<\/p>\n<p>Magda Gallardo, tambi\u00e9n de Venezuela, es artista integral de Maracay, Aragua, m\u00fasico multiinstrumentista, arreglista y compositora, docente en m\u00fasica y arte, docente especialista en Educaci\u00f3n Musical, actualmente due\u00f1a de Taller Creativo donde se dedica a la ense\u00f1anza de la m\u00fasica y las artes pl\u00e1sticas.<\/p>\n<p>Ryuichi Yahagi, escultor mexicano-japon\u00e9s e integrante del <a href=\"https:\/\/www.uv.mx\/iap\/\">Instituto de Artes Pl\u00e1sticas<\/a> de la UV desde hace 20 a\u00f1os; ha desarrollado eventos acad\u00e9micos, art\u00edsticos y de investigaci\u00f3n, cuya finalidad es el intercambio cultural de su pa\u00eds natal con M\u00e9xico.<\/p>\n<p>Silvia Unzueta, de M\u00e9xico, es core\u00f3grafa e int\u00e9rprete, fundadora y directora del grupo P\u00farpura Danza Teatro, ha creado m\u00e1s de 50 obras esc\u00e9nicas y se ha presentado en los foros y festivales m\u00e1s importantes del pa\u00eds; ha sido ganadora del IV Premio de Composici\u00f3n Coreogr\u00e1fica INBA-UAM; actualmente es directora de la Escuela de Danza Contempor\u00e1nea del Centro Cultural Ollin Yoliztli, de la Secretar\u00eda de Cultura de la Ciudad de M\u00e9xico.<\/p>\n<p>Los interesados en participar en el coloquio pueden encontrar mayor informaci\u00f3n en <a href=\"https:\/\/www.uv.mx\/coatepec\/general\/1er-coloquio-internacional-virtual-retos-estrategias-y-procesos-de-la-ensenanza-artistica-virtual-durante-el-confinamiento-por-covid-19\/\">https:\/\/www.uv.mx\/coatepec\/general\/1er-coloquio-internacional-virtual-retos-estrategias-y-procesos-de-la-ensenanza-artistica-virtual-durante-el-confinamiento-por-covid-19\/<\/a>; el registro lo pueden hacer en <a href=\"https:\/\/forms.gle\/eMiK47d44z21ZcSLA\">https:\/\/forms.gle\/eMiK47d44z21ZcSLA<\/a>.<\/p>\n","protected":false},"excerpt":{"rendered":"<p>Los d\u00edas 28 y 29 de abril tendr\u00e1 lugar el 1er Coloquio Internacional Virtual \u201cRetos, estrategias y procesos de la ense\u00f1anza art\u00edstica virtual durante el confinamiento por COVID-19\u201d.<\/p>\n","protected":false},"author":1775,"featured_media":112709,"comment_status":"closed","ping_status":"closed","sticky":false,"template":"","format":"standard","meta":{"footnotes":""},"categories":[11],"tags":[6947,2253,6948,354,1068,1464,6949,1340,4162,6462,6950,2252],"class_list":["post-112708","post","type-post","status-publish","format-standard","has-post-thumbnail","hentry","category-cultura","tag-artes","tag-coatepec","tag-coloquio-internacional-virtual","tag-covid-19","tag-docente","tag-docentes","tag-gabriela-peralta-rosales","tag-investigadores","tag-jose-luis-couttolenc-soto","tag-omar-portilla-palacios","tag-taller-libre-de-arte","tag-tla"],"_links":{"self":[{"href":"https:\/\/www.uv.mx\/prensa\/wp-json\/wp\/v2\/posts\/112708","targetHints":{"allow":["GET"]}}],"collection":[{"href":"https:\/\/www.uv.mx\/prensa\/wp-json\/wp\/v2\/posts"}],"about":[{"href":"https:\/\/www.uv.mx\/prensa\/wp-json\/wp\/v2\/types\/post"}],"author":[{"embeddable":true,"href":"https:\/\/www.uv.mx\/prensa\/wp-json\/wp\/v2\/users\/1775"}],"replies":[{"embeddable":true,"href":"https:\/\/www.uv.mx\/prensa\/wp-json\/wp\/v2\/comments?post=112708"}],"version-history":[{"count":1,"href":"https:\/\/www.uv.mx\/prensa\/wp-json\/wp\/v2\/posts\/112708\/revisions"}],"predecessor-version":[{"id":112958,"href":"https:\/\/www.uv.mx\/prensa\/wp-json\/wp\/v2\/posts\/112708\/revisions\/112958"}],"wp:featuredmedia":[{"embeddable":true,"href":"https:\/\/www.uv.mx\/prensa\/wp-json\/wp\/v2\/media\/112709"}],"wp:attachment":[{"href":"https:\/\/www.uv.mx\/prensa\/wp-json\/wp\/v2\/media?parent=112708"}],"wp:term":[{"taxonomy":"category","embeddable":true,"href":"https:\/\/www.uv.mx\/prensa\/wp-json\/wp\/v2\/categories?post=112708"},{"taxonomy":"post_tag","embeddable":true,"href":"https:\/\/www.uv.mx\/prensa\/wp-json\/wp\/v2\/tags?post=112708"}],"curies":[{"name":"wp","href":"https:\/\/api.w.org\/{rel}","templated":true}]}}