{"id":112507,"date":"2022-03-28T14:58:58","date_gmt":"2022-03-28T20:58:58","guid":{"rendered":"https:\/\/www.uv.mx\/prensa\/?p=112507"},"modified":"2022-03-29T10:48:30","modified_gmt":"2022-03-29T16:48:30","slug":"ballet-folklorico-uv-realizo-conversatorio-y-presentacion-de-danzon","status":"publish","type":"post","link":"https:\/\/www.uv.mx\/prensa\/cultura\/ballet-folklorico-uv-realizo-conversatorio-y-presentacion-de-danzon\/","title":{"rendered":"Ballet Folkl\u00f3rico UV realiz\u00f3 conversatorio y presentaci\u00f3n de danz\u00f3n"},"content":{"rendered":"<ul>\n<li><em>Este g\u00e9nero naci\u00f3 en 1879 en Matanzas, Cuba, a trav\u00e9s del maestro Miguel Fa\u00edlde y P\u00e9rez<\/em><\/li>\n<li><em>Lleg\u00f3 a M\u00e9xico en 1880; entr\u00f3 por Yucat\u00e1n, Campeche, Tabasco y Veracruz<\/em><\/li>\n<\/ul>\n<p>&nbsp;<\/p>\n<div id=\"attachment_112509\" style=\"width: 732px\" class=\"wp-caption aligncenter\"><img aria-describedby=\"caption-attachment-112509\" decoding=\"async\" loading=\"lazy\" class=\"size-full wp-image-112509\" src=\"https:\/\/www.uv.mx\/prensa\/files\/2022\/03\/280322-EDUARDO-Conversatorio-y-presentacio\u0301n-danzo\u0301n-1-100k.jpg\" alt=\"Ballet Folkl\u00f3rico de la UV\" width=\"722\" height=\"543\" srcset=\"https:\/\/www.uv.mx\/prensa\/files\/2022\/03\/280322-EDUARDO-Conversatorio-y-presentacio\u0301n-danzo\u0301n-1-100k.jpg 722w, https:\/\/www.uv.mx\/prensa\/files\/2022\/03\/280322-EDUARDO-Conversatorio-y-presentacio\u0301n-danzo\u0301n-1-100k-300x226.jpg 300w\" sizes=\"(max-width: 722px) 100vw, 722px\" \/><p id=\"caption-attachment-112509\" class=\"wp-caption-text\">Ballet Folkl\u00f3rico de la UV<\/p><\/div>\n<p>&nbsp;<\/p>\n<p><strong><em>Eduardo Ca\u00f1edo Lom\u00e1n<\/em><\/strong><\/p>\n<p><strong><em>Fotos: Irving Lu (1 y 2)<\/em><\/strong><\/p>\n<p><strong><em>2<\/em><\/strong><strong><em>8<\/em><\/strong><strong><em>\/03\/2022, Orizaba, Ver.-<\/em><\/strong> Con un par de presentaciones did\u00e1cticas denominadas <em>Su majestad el danz\u00f3n<\/em>, el <a href=\"https:\/\/www.uv.mx\/difusioncultural\/grupos-artisticos\/ballet-folklorico\/\" target=\"_blank\" rel=\"noopener\">Ballet Folkl\u00f3rico<\/a> de la Universidad Veracruzana (UV) organiz\u00f3 un conversatorio sobre los inicios del danz\u00f3n y la tradici\u00f3n llevada a escena.<\/p>\n<p>Julio C\u00e9sar Flores Prado, director del grupo art\u00edstico, mencion\u00f3 que con estas presentaciones se busca descentralizar las artes de la capital del estado, llevando muestras culturales a todas las regiones, a toda la comunidad estudiantil y al p\u00fablico en general.<\/p>\n<p>Las sedes fueron el Teatro \u201cPedro D\u00edaz\u201d de C\u00f3rdoba y en la Facultad de Ciencias Qu\u00edmicas (FCQ) de Orizaba, en \u00e9stas se inform\u00f3 a los asistentes que el danz\u00f3n tiene sus ra\u00edces en el <em>country dance<\/em> ingl\u00e9s, siendo en La Habana, Cuba, entre 1839 y 1842, donde surgen sus primeros elementos, cuando el maestro Manuel Saumell Robredo mezcl\u00f3 su trabajo musical con la vida y tradici\u00f3n de Cuba, naciendo la habanera, un nuevo estilo de contradanza.<\/p>\n<div id=\"attachment_112510\" style=\"width: 732px\" class=\"wp-caption aligncenter\"><img aria-describedby=\"caption-attachment-112510\" decoding=\"async\" loading=\"lazy\" class=\"size-full wp-image-112510\" src=\"https:\/\/www.uv.mx\/prensa\/files\/2022\/03\/280322-EDUARDO-Conversatorio-y-presentacio\u0301n-danzo\u0301n-2-100k.jpg\" alt=\"Bailarines durante la presentaci\u00f3n en el Teatro \u201cPedro D\u00edaz\u201d de la ciudad de C\u00f3rdoba\" width=\"722\" height=\"480\" srcset=\"https:\/\/www.uv.mx\/prensa\/files\/2022\/03\/280322-EDUARDO-Conversatorio-y-presentacio\u0301n-danzo\u0301n-2-100k.jpg 722w, https:\/\/www.uv.mx\/prensa\/files\/2022\/03\/280322-EDUARDO-Conversatorio-y-presentacio\u0301n-danzo\u0301n-2-100k-300x199.jpg 300w\" sizes=\"(max-width: 722px) 100vw, 722px\" \/><p id=\"caption-attachment-112510\" class=\"wp-caption-text\">Bailarines durante la presentaci\u00f3n en el Teatro \u201cPedro D\u00edaz\u201d de la ciudad de C\u00f3rdoba<\/p><\/div>\n<p>&nbsp;<\/p>\n<p>Tambi\u00e9n se habl\u00f3 sobre el origen oficial de esta danza, la cual naci\u00f3 en 1879 en Matanzas, Cuba, a trav\u00e9s del maestro Miguel Fa\u00edlde y P\u00e9rez, quien dej\u00f3 un legado importante como lo son las piezas musicales <em>Emilio, Las Vegas<\/em> y <em>Las alturas de Simpson<\/em>, entre otras.<\/p>\n<p>Este baile lleg\u00f3 a M\u00e9xico en 1880; entr\u00f3 por Yucat\u00e1n, Campeche, Tabasco y Veracruz, siendo en este \u00faltimo estado donde se arraig\u00f3 con mayor fuerza, en gran medida por la similitud del car\u00e1cter alegre con el pueblo cubano.<\/p>\n<p>De igual manera, se mencion\u00f3 que el danz\u00f3n es una tradici\u00f3n que naci\u00f3 y se cre\u00f3 para el pueblo, bail\u00e1ndose en sus inicios de manera l\u00edrica. No obstante, con el tiempo comenz\u00f3 a evolucionar, normando cuadros b\u00e1sicos y cierta estructura danc\u00edstica.<\/p>\n<div id=\"attachment_112511\" style=\"width: 732px\" class=\"wp-caption aligncenter\"><img aria-describedby=\"caption-attachment-112511\" decoding=\"async\" loading=\"lazy\" class=\"size-full wp-image-112511\" src=\"https:\/\/www.uv.mx\/prensa\/files\/2022\/03\/280322-EDUARDO-Conversatorio-y-presentacio\u0301n-danzo\u0301n-3-100k.jpg\" alt=\"Asistentes a la presentaci\u00f3n en la FCQ interactuaron con los bailarines, danzando algunas piezas\" width=\"722\" height=\"542\" srcset=\"https:\/\/www.uv.mx\/prensa\/files\/2022\/03\/280322-EDUARDO-Conversatorio-y-presentacio\u0301n-danzo\u0301n-3-100k.jpg 722w, https:\/\/www.uv.mx\/prensa\/files\/2022\/03\/280322-EDUARDO-Conversatorio-y-presentacio\u0301n-danzo\u0301n-3-100k-300x225.jpg 300w\" sizes=\"(max-width: 722px) 100vw, 722px\" \/><p id=\"caption-attachment-112511\" class=\"wp-caption-text\">Asistentes a la presentaci\u00f3n en la FCQ interactuaron con los bailarines, danzando algunas piezas<\/p><\/div>\n<p>&nbsp;<\/p>\n<p>Para deleite de los asistentes, se mostraron algunas caracter\u00edsticas adoptadas por las distintas regiones y estados del pa\u00eds, as\u00ed como la estructura b\u00e1sica para ejecutarlo, que emanan en gran medida del danzonete \u2013creado en 1927\u2013 y posteriormente del afro, resultando parte fundamental para su coreograf\u00eda.<\/p>\n<p>Cabe recordar que el Ballet Folkl\u00f3rico de la UV se fund\u00f3 en 1971 con j\u00f3venes del Ballet de la Escuela Normal Veracruzana. Actualmente est\u00e1 conformado por bailarines del estado de Veracruz, orgullosos de representar nuestra cultura, mostrando valores y costumbres de los diversos grupos sociales.<\/p>\n","protected":false},"excerpt":{"rendered":"<p>Julio C\u00e9sar Flores Prado, director del grupo art\u00edstico, dijo que seguir\u00e1n llevando muestras culturales a todas las regiones, a toda la comunidad estudiantil y al p\u00fablico en general.<\/p>\n","protected":false},"author":1775,"featured_media":112510,"comment_status":"closed","ping_status":"closed","sticky":false,"template":"","format":"standard","meta":[],"categories":[11,53,32],"tags":[4592,813,6914,1285,4172,5204,6912,6915,6913],"_links":{"self":[{"href":"https:\/\/www.uv.mx\/prensa\/wp-json\/wp\/v2\/posts\/112507"}],"collection":[{"href":"https:\/\/www.uv.mx\/prensa\/wp-json\/wp\/v2\/posts"}],"about":[{"href":"https:\/\/www.uv.mx\/prensa\/wp-json\/wp\/v2\/types\/post"}],"author":[{"embeddable":true,"href":"https:\/\/www.uv.mx\/prensa\/wp-json\/wp\/v2\/users\/1775"}],"replies":[{"embeddable":true,"href":"https:\/\/www.uv.mx\/prensa\/wp-json\/wp\/v2\/comments?post=112507"}],"version-history":[{"count":1,"href":"https:\/\/www.uv.mx\/prensa\/wp-json\/wp\/v2\/posts\/112507\/revisions"}],"predecessor-version":[{"id":112585,"href":"https:\/\/www.uv.mx\/prensa\/wp-json\/wp\/v2\/posts\/112507\/revisions\/112585"}],"wp:featuredmedia":[{"embeddable":true,"href":"https:\/\/www.uv.mx\/prensa\/wp-json\/wp\/v2\/media\/112510"}],"wp:attachment":[{"href":"https:\/\/www.uv.mx\/prensa\/wp-json\/wp\/v2\/media?parent=112507"}],"wp:term":[{"taxonomy":"category","embeddable":true,"href":"https:\/\/www.uv.mx\/prensa\/wp-json\/wp\/v2\/categories?post=112507"},{"taxonomy":"post_tag","embeddable":true,"href":"https:\/\/www.uv.mx\/prensa\/wp-json\/wp\/v2\/tags?post=112507"}],"curies":[{"name":"wp","href":"https:\/\/api.w.org\/{rel}","templated":true}]}}