{"id":112378,"date":"2022-03-26T08:04:14","date_gmt":"2022-03-26T14:04:14","guid":{"rendered":"https:\/\/www.uv.mx\/prensa\/?p=112378"},"modified":"2022-03-28T12:16:21","modified_gmt":"2022-03-28T18:16:21","slug":"estudiantes-de-biologia-realizaron-necropsia-a-un-delfin","status":"publish","type":"post","link":"https:\/\/www.uv.mx\/prensa\/banner\/estudiantes-de-biologia-realizaron-necropsia-a-un-delfin\/","title":{"rendered":"Estudiantes de Biolog\u00eda realizaron necropsia a un delf\u00edn"},"content":{"rendered":"<style type=\"text\/css\">\n  blockquote p { color: #28519b; font-family: helvetica; font-size: 1.4em; }<br \/><\/style>\n<ul>\n<li><em>Por primera vez en la historia de la Facultad de Biolog\u00eda Xalapa, pudieron realizar una pr\u00e1ctica como \u00e9sta, con fines did\u00e1cticos<\/em><\/li>\n<\/ul>\n<p>&nbsp;<\/p>\n<div id=\"attachment_112379\" style=\"width: 732px\" class=\"wp-caption aligncenter\"><img loading=\"lazy\" decoding=\"async\" aria-describedby=\"caption-attachment-112379\" class=\"size-full wp-image-112379\" src=\"https:\/\/www.uv.mx\/prensa\/files\/2022\/03\/26032022-Karina-Necropsia-1-100k.jpg\" alt=\"Un suceso in\u00e9dito para la Facultad de Biolog\u00eda Xalapa\" width=\"722\" height=\"542\" srcset=\"https:\/\/www.uv.mx\/prensa\/files\/2022\/03\/26032022-Karina-Necropsia-1-100k.jpg 722w, https:\/\/www.uv.mx\/prensa\/files\/2022\/03\/26032022-Karina-Necropsia-1-100k-300x225.jpg 300w\" sizes=\"auto, (max-width: 722px) 100vw, 722px\" \/><p id=\"caption-attachment-112379\" class=\"wp-caption-text\">Un suceso in\u00e9dito para la Facultad de Biolog\u00eda Xalapa<\/p><\/div>\n<p>&nbsp;<\/p>\n<blockquote><p>\u201cEsto es un modelo de educaci\u00f3n activa. Profesora y estudiantes tuvieron la oportunidad de hacer un viaje al interior de un organismo y explorar todas las conexiones anat\u00f3micas, desde sus \u00f3rganos. Es un suceso muy importante y es una cuesti\u00f3n hist\u00f3rica para la Facultad\u201d: Clementina Bernal.<\/p><\/blockquote>\n<p>&nbsp;<\/p>\n<p><strong><em>Karina de la Paz Reyes D\u00edaz<\/em><\/strong><\/p>\n<p><strong><em>Fotos: Ibiza Mart\u00ednez, Karina de la Paz y Omar Portilla<\/em><\/strong><\/p>\n<p><strong><em>26\/03\/2022, Xalapa, Ver.-<\/em><\/strong> La cient\u00edfica Ibiza Mart\u00ednez Serrano, el domingo 13 de marzo, en una pr\u00e1ctica de laboratorio pregunt\u00f3 a un grupo de estudiantes de la <a href=\"https:\/\/www.uv.mx\/biologia\/\" target=\"_blank\" rel=\"noopener\">Facultad de Biolog\u00eda<\/a> de la Universidad Veracruzana (UV): \u201c\u00bfAlguna vez hab\u00edan visto los pulmones de un delf\u00edn? \u201c\u00a1No!\u201d, respondieron. \u201cF\u00edjense bien en el proceso y cu\u00e1les son los cortes que debemos hacer en el organismo para llegar a ellos\u201d. \u201c\u00bfListos?\u201d, \u201c\u00a1Miren, aprecien, qu\u00e9 pulmones tan gigantes!\u201d.<\/p>\n<p>\u00c9sta es s\u00f3lo una de las escenas de la primera necropsia \u2013Examen t\u00e9cnico-cient\u00edfico, externo e interno del cad\u00e1ver que tiene como finalidad primaria determinar la causa de la muerte y la identificaci\u00f3n del individuo\u2013 que se le realiz\u00f3 a un delf\u00edn en la Facultad de Biolog\u00eda de esta regi\u00f3n.<\/p>\n<p>Participaron alrededor de 20 estudiantes de la experiencia educativa Ecolog\u00eda Marina y se hizo con base en el protocolo \u201cNecropsia de mam\u00edferos marinos: una gu\u00eda introductoria para personal de respuesta a varamientos y bi\u00f3logos de campo\u201d de la Instituci\u00f3n Oceanogr\u00e1fica <em>Woods Hole<\/em>, y apoyados por Casandra G\u00e1lvez, veterinaria y coordinadora de Centinela del Mar, A.C.<\/p>\n<p>En alusi\u00f3n a Jacques Cousteau, la cient\u00edfica plante\u00f3 en entrevista, a prop\u00f3sito del acontecimiento: \u201cNo podemos conservar lo que no conocemos\u201d.<\/p>\n<p>Para ella, \u201cm\u00e1s all\u00e1 de ser anatom\u00eda comparada\u201d, el acercarse a estas experiencias y ver que nuestros pulmones y coraz\u00f3n son iguales, \u201cque as\u00ed como nosotros los delfines tienen un par de ri\u00f1ones, nos hace caer en consciencia de que somos iguales y que, a diferencia de ellos, nosotros sabemos del da\u00f1o que le estamos haciendo al planeta\u201d.<\/p>\n<p>Los humanos y los delfines tienen cuerpos muy parecidos, \u201cincluso tienen dedos como nosotros\u201d; es m\u00e1s, se comparten presas \u2013huachinango, sierra, calamar, pulpo\u2013 y eso permite pensar que las enfermedades que ellos sufren tambi\u00e9n las puede padecer la especie humana, explic\u00f3 la acad\u00e9mica.<\/p>\n<p>\u201cEs un recordatorio de que todo est\u00e1 conectado y lo que ellos sufran tambi\u00e9n nosotros lo podr\u00edamos padecer. Por eso, a estos organismos, adem\u00e1s de los tiburones, tortugas, aves y otros animales, se les conoce como \u2018indicadores de salud del ecosistema\u2019, porque viendo c\u00f3mo est\u00e1n ellos podemos saber c\u00f3mo est\u00e1 todo el oc\u00e9ano y eso repercute en nuestros h\u00e1bitos alimenticios.\u201d<\/p>\n<p>En palabras de Clementina Barrera Bernal, directora de la Facultad de Biolog\u00eda, este suceso fue una oportunidad para los estudiantes, que a su vez fortalece la capacidad del profesorado.<\/p>\n<p>\u201cEsto es un modelo de educaci\u00f3n activa. Profesora y estudiantes tuvieron la oportunidad de hacer un viaje al interior de un organismo y explorar todas las conexiones anat\u00f3micas, desde sus \u00f3rganos. Es un suceso muy importante y es una cuesti\u00f3n hist\u00f3rica para la Facultad.\u00bb<\/p>\n<div id=\"attachment_112381\" style=\"width: 732px\" class=\"wp-caption aligncenter\"><img loading=\"lazy\" decoding=\"async\" aria-describedby=\"caption-attachment-112381\" class=\"size-full wp-image-112381\" src=\"https:\/\/www.uv.mx\/prensa\/files\/2022\/03\/26032022-KARINA-Necropsia-de-delfi\u0301n-2-100k.jpg\" alt=\"Para el estudiantado, identificar, conocer y palpar \u00f3rganos de un animal que normalmente ven en dibujos, fue algo maravilloso\" width=\"722\" height=\"361\" srcset=\"https:\/\/www.uv.mx\/prensa\/files\/2022\/03\/26032022-KARINA-Necropsia-de-delfi\u0301n-2-100k.jpg 722w, https:\/\/www.uv.mx\/prensa\/files\/2022\/03\/26032022-KARINA-Necropsia-de-delfi\u0301n-2-100k-300x150.jpg 300w\" sizes=\"auto, (max-width: 722px) 100vw, 722px\" \/><p id=\"caption-attachment-112381\" class=\"wp-caption-text\">Para el estudiantado, identificar, conocer y palpar \u00f3rganos de un animal que normalmente ven en dibujos, fue algo maravilloso<\/p><\/div>\n<p>&nbsp;<\/p>\n<p><strong>Del varamiento a la utilidad para la ciencia<\/strong><br \/>\nCabe recordar que en diciembre pasado, <em>Universo<\/em>, Sistema de Noticias de la UV inform\u00f3 que la UV ten\u00eda en resguardo delfines que hab\u00edan fallecido en una playa de Boca del R\u00edo.<\/p>\n<p>Los ejemplares de la especie manchado <em>pantropical<\/em> (<em>Stenella attenuata<\/em>) fueron cedidos por la Procuradur\u00eda Federal de Protecci\u00f3n al Ambiente (<em>Profepa<\/em>), tras haber muerto varados en la playa Penacho del Indio.<\/p>\n<p>En su momento, se inform\u00f3 que el varamiento ocurri\u00f3 la madrugada del lunes 20 de diciembre de 2021. Autoridades del Parque Nacional Sistema Arrecifal Veracruzano (PNSAV) dieron cuenta a una de las especialistas en la materia de la UV, la acad\u00e9mica Ibiza Mart\u00ednez, del Laboratorio de Hidrobiolog\u00eda de la citada Facultad, quien coincidentemente se encontraba muy cerca del lugar. Ella, a su vez, dio parte a la <em>Profepa<\/em>.<\/p>\n<p>Favorablemente para la comunidad cient\u00edfica, fue posible llegar cuando los tres organismos a\u00fan estaban frescos, de ah\u00ed que los hayan trasladado a las oficinas del PNSAV, donde hay congeladores adecuados para mantenerlos en buenas condiciones.<\/p>\n<p>Acto seguido, la <em>Profepa<\/em> dio en resguardo los tres ejemplares a la UV: dos al Instituto de Investigaciones Biol\u00f3gicas, dirigido por Eduardo Morteo Ortiz, y uno m\u00e1s a la Facultad de Biolog\u00eda Xalapa, a trav\u00e9s de Ibiza Mart\u00ednez, para fines did\u00e1cticos.<\/p>\n<p>Clementina Barrera cit\u00f3 las posturas encontradas que a la fecha hay en cuanto al uso \u00e9tico de organismos para fines de investigaci\u00f3n. Pero, remarc\u00f3, \u201cen este caso no aplican porque lamentablemente el organismo ya hab\u00eda fallecido\u201d.<\/p>\n<p>Por otro lado, expres\u00f3 su pensar al respecto: \u201cEstas acciones han permitido avances significativos en la ciencia. En ese sentido, valoro enormemente, en t\u00e9rminos formativos, esta actividad\u201d.<\/p>\n<p>Para la Directora de la Facultad se trat\u00f3 de una afortunada confluencia que permiti\u00f3 un suceso beneficioso, el cual quedar\u00e1 para la historia de esa entidad acad\u00e9mica y para celebrarse por la UV: un varamiento, las autoridades presentes y su disposici\u00f3n de ceder el organismo, la oportunidad para la instituci\u00f3n \u2013a trav\u00e9s de la cient\u00edfica Ibiza Mart\u00ednez\u2013 y el poder compartir con los estudiantes la experiencia de hacer una necropsia.<\/p>\n<div id=\"attachment_112382\" style=\"width: 732px\" class=\"wp-caption aligncenter\"><img loading=\"lazy\" decoding=\"async\" aria-describedby=\"caption-attachment-112382\" class=\"size-full wp-image-112382\" src=\"https:\/\/www.uv.mx\/prensa\/files\/2022\/03\/26032022-KARINA-Necropsia-de-delfi\u0301n-3-100k.jpg\" alt=\"Ibiza Mart\u00ednez Serrano dirigi\u00f3 esta pr\u00e1ctica de laboratorio\" width=\"722\" height=\"469\" srcset=\"https:\/\/www.uv.mx\/prensa\/files\/2022\/03\/26032022-KARINA-Necropsia-de-delfi\u0301n-3-100k.jpg 722w, https:\/\/www.uv.mx\/prensa\/files\/2022\/03\/26032022-KARINA-Necropsia-de-delfi\u0301n-3-100k-300x195.jpg 300w\" sizes=\"auto, (max-width: 722px) 100vw, 722px\" \/><p id=\"caption-attachment-112382\" class=\"wp-caption-text\">Ibiza Mart\u00ednez Serrano dirigi\u00f3 esta pr\u00e1ctica de laboratorio<\/p><\/div>\n<p>&nbsp;<\/p>\n<p><strong>No hubo infarto, s\u00f3lo paro cardiaco<\/strong><br \/>\nLuego de los tr\u00e1mites oficiales pertinentes ante la <em>Profepa<\/em>, la necropsia se concret\u00f3 el domingo 13 de marzo y dur\u00f3 alrededor de nueve horas.<\/p>\n<p>Gracias a este proceso hoy es posible decir que el evento de \u201cnorte\u201d del lunes 20 de diciembre de 2021 desorient\u00f3 al grupo de delfines y esto provoc\u00f3 el varamiento. En el ejemplar en posesi\u00f3n de la Facultad de Biolog\u00eda se confirm\u00f3 un pulm\u00f3n colapsado y no se observ\u00f3 tejido en coraz\u00f3n que sugiriera infarto, s\u00f3lo paro cardiaco al estar fuera de su h\u00e1bitat acu\u00e1tico.<\/p>\n<p>Adem\u00e1s, los \u00f3rganos obtenidos del delf\u00edn pasar\u00e1n a formar parte de la Colecci\u00f3n Did\u00e1ctica del Museo de Zoolog\u00eda de la propia Facultad \u2013que precisamente trabajan en renovar.<\/p>\n<p>\u201cLos estudiantes podr\u00e1n ver c\u00f3mo es un cerebro de delf\u00edn, el coraz\u00f3n, la tr\u00e1quea; se podr\u00e1n explicar distintos procesos fisiol\u00f3gicos de los mam\u00edferos marinos y de otros organismos, como adaptaciones a la vida en el mar\u201d, coment\u00f3 Ibiza Mart\u00ednez.<\/p>\n<p><strong>De clases en l\u00ednea a experiencia de laboratorio \u00fanica<\/strong><br \/>\nTestimonios de los estudiantes part\u00edcipes en la necropsia coinciden en que se trata de una suerte de recompensa acad\u00e9mica, porque luego de dos a\u00f1os de clases en l\u00ednea, vivieron una pr\u00e1ctica de laboratorio \u00fanica e in\u00e9dita.<\/p>\n<p>Para el estudiantado, identificar, conocer y palpar \u00f3rganos de un animal que normalmente ven en dibujos, libros, videos o diapositivas, es algo maravilloso.<\/p>\n<p>David Alonso Fern\u00e1ndez V\u00e1zquez explic\u00f3 que esta experiencia les sirve para conocer m\u00e1s a detalle de los mam\u00edferos marinos. \u201cNo es com\u00fan que en la Facultad se abran delfines y \u00e9sta es una oportunidad muy, muy especial. Despu\u00e9s de dos a\u00f1os de pandemia es muy bonito regresar a las aulas y ver este tipo de pr\u00e1cticas en laboratorio\u201d, a\u00f1adi\u00f3.<\/p>\n<p>Karla Mar\u00eda Alba Robles calific\u00f3 el suceso como \u201cfuera de lo com\u00fan\u201d en su formaci\u00f3n como bi\u00f3loga: \u201cDespu\u00e9s de la pandemia, de estar en casa, y de que nos quej\u00e1bamos porque no pod\u00edamos hacer tantas pr\u00e1cticas, esto me parece una s\u00faper actualizaci\u00f3n de todo lo que no hemos podido ver\u201d, expres\u00f3.<\/p>\n<p>A Mariana Melissa Alejandre Bustamante le caus\u00f3 tal impacto la necropsia al delf\u00edn, que puso en duda la elecci\u00f3n de su carrera profesional, quiz\u00e1 debi\u00f3 estudiar biolog\u00eda marina. \u201cNecesito d\u00edas para digerir qu\u00e9 es lo que estoy viviendo ahora, porque son muchas cosas las que estoy viendo en este animal tan hermoso, pero con la ayuda de la doctora (Ibiza Mart\u00ednez) ser\u00e1 mucho m\u00e1s f\u00e1cil\u201d.<\/p>\n<div id=\"attachment_112380\" style=\"width: 732px\" class=\"wp-caption aligncenter\"><img loading=\"lazy\" decoding=\"async\" aria-describedby=\"caption-attachment-112380\" class=\"size-full wp-image-112380\" src=\"https:\/\/www.uv.mx\/prensa\/files\/2022\/03\/26032022-Karina-Necropsia-4-100k.jpg\" alt=\"El delf\u00edn, junto con otros dos ejemplares, var\u00f3 en una playa de Boca del R\u00edo en diciembre del a\u00f1o pasado y fue cedido a la Facultad por la Profepa\" width=\"722\" height=\"542\" srcset=\"https:\/\/www.uv.mx\/prensa\/files\/2022\/03\/26032022-Karina-Necropsia-4-100k.jpg 722w, https:\/\/www.uv.mx\/prensa\/files\/2022\/03\/26032022-Karina-Necropsia-4-100k-300x225.jpg 300w\" sizes=\"auto, (max-width: 722px) 100vw, 722px\" \/><p id=\"caption-attachment-112380\" class=\"wp-caption-text\">El delf\u00edn, junto con otros dos ejemplares, var\u00f3 en una playa de Boca del R\u00edo en diciembre del a\u00f1o pasado y fue cedido a la Facultad por la <em>Profepa<\/em><\/p><\/div>\n<p>&nbsp;<\/p>\n<p>Daniela Amador D\u00edaz expres\u00f3 que estar en una necropsia de cualquier animal es muy emocionante y ni se diga en la de un delf\u00edn. Adem\u00e1s, ella desea dedicarse a la biolog\u00eda marina, por lo cual \u00e9sta es una gran oportunidad. Lo que m\u00e1s destac\u00f3 y desconoc\u00eda de esta labor, es la importancia, tan fundamental, que tiene la higiene con que debe manejarse un organismo ya muerto, as\u00ed como el reconocimiento de los \u00f3rganos y qu\u00e9 cortes deben hacerse para llegar a ellos.<\/p>\n<p>Abner N\u00e1jera Santes, como muchos de sus colegas, particip\u00f3 por primera vez en la necropsia de un animal y que se trate de un delf\u00edn le caus\u00f3 un inter\u00e9s may\u00fasculo. \u201cAl ser un mam\u00edfero como nosotros, se puede relacionar la presencia de enfermedades\u201d, refiri\u00f3.<\/p>\n<p>Diana Michel Cort\u00e9s Cort\u00e9s comparti\u00f3 que por la pandemia se quedaron sin pr\u00e1cticas de laboratorio y era lo que m\u00e1s disfrutaba de esta carrera. \u201cEl tener esta oportunidad es incre\u00edble. En el tiempo que llevamos aqu\u00ed (en la necropsia) he aprendido bastante. No es lo mismo la teor\u00eda que la pr\u00e1ctica. \u00a1Estoy muy contenta con esto!\u201d, enfatiz\u00f3.<\/p>\n<p>Mart\u00edn Eduardo Lagunes G\u00f3mez expuso su contento por regresar a las aulas, despu\u00e9s de dos a\u00f1os sin pr\u00e1cticas de laboratorio ni de campo.<\/p>\n<p>\u201cHab\u00eda tenido materias en las que abr\u00edamos insectos, pero ver un mam\u00edfero de ese tama\u00f1o, con todos sus \u00f3rganos, m\u00fasculos, todo lo interno, es otra cosa. Personalmente, me da un poco de \u2018cosa\u2019 la sangre, pero ahora, aunque con un ligero temor, estoy en esta pr\u00e1ctica tan interesante que ser\u00e1 para recordarse en la Facultad y para aprenderle mucho.\u201d<\/p>\n<p>El estudiantado tambi\u00e9n coincidi\u00f3 en compartir a la comunidad de su Facultad, y de la UV en general, que aprovechen todas las oportunidades y experiencias acad\u00e9micas que la instituci\u00f3n les brinda, as\u00ed como valorar el trabajo en equipo para lograr un fin com\u00fan y hacerlo con previa preparaci\u00f3n y organizaci\u00f3n, como fue su caso.<\/p>\n<p>En este sentido, la Directora de la Facultad coment\u00f3 que, con pandemia y sin ella, los estudiantes han visto la manera de realizar sus actividades, \u201cpero no se compara con esta pr\u00e1ctica conducida, que les permiti\u00f3 adentrarse en un viaje al interior de este organismo\u201d.<\/p>\n<p><strong>La historia continuar\u00e1<\/strong><br \/>\nEl delf\u00edn continuar\u00e1 proveyendo informaci\u00f3n a la comunidad estudiantil y acad\u00e9mica de la Facultad de Biolog\u00eda, toda vez que el d\u00eda de la necropsia se sacaron muestras de sangre a varios \u00f3rganos y, paulatinamente, se har\u00e1n diversos estudios, por ejemplo, para saber qu\u00e9 metales pesados hab\u00eda en el h\u00edgado.<\/p>\n<p>Estudiar los metales pesados y compuestos org\u00e1nicos persistentes en los \u00f3rganos permitir\u00e1 saber cu\u00e1les son las fuentes de donde emanan esos contaminantes y comparar, por ejemplo, que si los delfines los acumulan, la especie humana tambi\u00e9n lo hace, adelant\u00f3 Ibiza Mart\u00ednez.<\/p>\n<p>\u201cEs la ciencia al servicio de la sociedad. Nosotros hacemos el trabajo rudo de abrir el organismo y despu\u00e9s de mucho tiempo, esfuerzo y recursos financieros, es nuestra responsabilidad decirles, en palabras f\u00e1ciles, para qu\u00e9 sirvi\u00f3 que hici\u00e9ramos esto.\u201d<\/p>\n","protected":false},"excerpt":{"rendered":"<p>Los humanos y los delfines tienen cuerpos muy parecidos; es m\u00e1s, se permite pensar que las enfermedades que ellos padecen tambi\u00e9n se manifiestan en la especie humana.<\/p>\n","protected":false},"author":1775,"featured_media":112383,"comment_status":"closed","ping_status":"closed","sticky":false,"template":"","format":"standard","meta":{"footnotes":""},"categories":[61],"tags":[6710,668,670,147,6300,4015,6876,6877],"class_list":["post-112378","post","type-post","status-publish","format-standard","has-post-thumbnail","hentry","category-banner","tag-clementina-barrera-bernal","tag-delfin","tag-directora","tag-facultad-de-biologia","tag-ibiza-martinez-serrano","tag-karina-de-la-paz-reyes-diaz","tag-necropsia","tag-omar-portilla"],"_links":{"self":[{"href":"https:\/\/www.uv.mx\/prensa\/wp-json\/wp\/v2\/posts\/112378","targetHints":{"allow":["GET"]}}],"collection":[{"href":"https:\/\/www.uv.mx\/prensa\/wp-json\/wp\/v2\/posts"}],"about":[{"href":"https:\/\/www.uv.mx\/prensa\/wp-json\/wp\/v2\/types\/post"}],"author":[{"embeddable":true,"href":"https:\/\/www.uv.mx\/prensa\/wp-json\/wp\/v2\/users\/1775"}],"replies":[{"embeddable":true,"href":"https:\/\/www.uv.mx\/prensa\/wp-json\/wp\/v2\/comments?post=112378"}],"version-history":[{"count":1,"href":"https:\/\/www.uv.mx\/prensa\/wp-json\/wp\/v2\/posts\/112378\/revisions"}],"predecessor-version":[{"id":112502,"href":"https:\/\/www.uv.mx\/prensa\/wp-json\/wp\/v2\/posts\/112378\/revisions\/112502"}],"wp:featuredmedia":[{"embeddable":true,"href":"https:\/\/www.uv.mx\/prensa\/wp-json\/wp\/v2\/media\/112383"}],"wp:attachment":[{"href":"https:\/\/www.uv.mx\/prensa\/wp-json\/wp\/v2\/media?parent=112378"}],"wp:term":[{"taxonomy":"category","embeddable":true,"href":"https:\/\/www.uv.mx\/prensa\/wp-json\/wp\/v2\/categories?post=112378"},{"taxonomy":"post_tag","embeddable":true,"href":"https:\/\/www.uv.mx\/prensa\/wp-json\/wp\/v2\/tags?post=112378"}],"curies":[{"name":"wp","href":"https:\/\/api.w.org\/{rel}","templated":true}]}}