{"id":112162,"date":"2022-03-22T19:36:26","date_gmt":"2022-03-23T01:36:26","guid":{"rendered":"https:\/\/www.uv.mx\/prensa\/?p=112162"},"modified":"2022-03-23T13:51:59","modified_gmt":"2022-03-23T19:51:59","slug":"espacios-multifuncionales-y-seguridad-solicitaron-artistas-y-deportistas-a-la-uv","status":"publish","type":"post","link":"https:\/\/www.uv.mx\/prensa\/banner\/espacios-multifuncionales-y-seguridad-solicitaron-artistas-y-deportistas-a-la-uv\/","title":{"rendered":"Espacios multifuncionales y seguridad, solicitaron artistas y deportistas a la UV"},"content":{"rendered":"<ul>\n<li><em>Los estudiantes y docentes de los Talleres Libres de Arte (TLA) de Papantla y Poza Rica requieren que haya un mejor equipamiento y acondicionamiento de las \u00e1reas para ensayos art\u00edsticos<\/em><\/li>\n<li><em>En materia deportiva, la comunidad pidi\u00f3 m\u00e1s infraestura y entrenadores para llevar a cabo su preparaci\u00f3n de la mejor manera posible<\/em><\/li>\n<\/ul>\n<p>&nbsp;<\/p>\n<div id=\"attachment_112168\" style=\"width: 732px\" class=\"wp-caption aligncenter\"><img loading=\"lazy\" decoding=\"async\" aria-describedby=\"caption-attachment-112168\" class=\"size-full wp-image-112168\" src=\"https:\/\/www.uv.mx\/prensa\/files\/2022\/03\/Banner-1-100k.jpg\" alt=\"Autoridades universitarias escucharon necesidades, peticiones y propuestas realizadas por j\u00f3venes deportistas y artistas\" width=\"722\" height=\"481\" srcset=\"https:\/\/www.uv.mx\/prensa\/files\/2022\/03\/Banner-1-100k.jpg 722w, https:\/\/www.uv.mx\/prensa\/files\/2022\/03\/Banner-1-100k-300x200.jpg 300w\" sizes=\"auto, (max-width: 722px) 100vw, 722px\" \/><p id=\"caption-attachment-112168\" class=\"wp-caption-text\">Autoridades universitarias escucharon necesidades, peticiones y propuestas realizadas en esta regi\u00f3n<\/p><\/div>\n<p>&nbsp;<\/p>\n<p><strong><em>Paola Cort\u00e9s P\u00e9rez<\/em><\/strong><\/p>\n<p><strong><em>Fotos: C\u00e9sar Pisil Ramos y Alma Celia San Mart\u00edn<\/em><\/strong><\/p>\n<p><strong><em>22\/03\/2022, Poza Rica, Ver.-<\/em><\/strong> En el recorrido de trabajo que realiza el rector de la <a href=\"https:\/\/www.uv.mx\/\" target=\"_blank\" rel=\"noopener\">Universidad Veracruzana<\/a> (UV), Mart\u00edn Aguilar S\u00e1nchez, por la regi\u00f3n Poza Rica-Tuxpan, sostuvo una reuni\u00f3n con grupos art\u00edsticos y deportivos para conocer las necesidades de infraestructura para entrenamientos f\u00edsico y de actividades art\u00edsticas. Ah\u00ed, inform\u00f3 que ser\u00e1n atendidas de manera paulatina, mediante la aplicaci\u00f3n y reorientaci\u00f3n de los recursos disponibles, adem\u00e1s del aprovechamiento de espacios conjuntos.<\/p>\n<p>El objetivo del ejercicio acad\u00e9mico y democr\u00e1tico es establecer canales de di\u00e1logo, a fin de vincular dichas propuestas al Programa de Trabajo (PT) 2021-2025 \u201cPor una transformaci\u00f3n integral\u201d que, previamente, se present\u00f3 ante el Consejo Universitario Regional durante Sesi\u00f3n Extraordinaria.<\/p>\n<p>Aguilar S\u00e1nchez, al hablar sobre los planteamientos presentados por docentes y alumnos, asegur\u00f3 que ser\u00e1n canalizados, ordenados y atendidos de manera inteligente, reorientando los recursos disponibles en la atenci\u00f3n de las prioridades y diversas problem\u00e1ticas.<\/p>\n<p>A las solicitudes de mejoramiento de infraestructura, respondi\u00f3 que dicha problem\u00e1tica est\u00e1 contemplada en su programa de trabajo. Por cuanto hace al deporte, mencion\u00f3 que lo complicado no es detectar los problemas sino solucionarlos, de ah\u00ed que destacara la propuesta que hicieran varios alumnos de contar con espacios multifuncionales para su mejor aprovechamiento y en donde desarrollar distintas disciplinas deportivas.<\/p>\n<div id=\"attachment_112163\" style=\"width: 732px\" class=\"wp-caption aligncenter\"><img loading=\"lazy\" decoding=\"async\" aria-describedby=\"caption-attachment-112163\" class=\"size-full wp-image-112163\" src=\"https:\/\/www.uv.mx\/prensa\/files\/2022\/03\/220322-Artistas-deportes-1-100k.jpg\" alt=\"El rector Mart\u00edn Aguilar dijo a los universitarios que cada una de sus solicitudes fue registrada y ser\u00e1 atendida de acuerdo a su prioridad\" width=\"722\" height=\"481\" srcset=\"https:\/\/www.uv.mx\/prensa\/files\/2022\/03\/220322-Artistas-deportes-1-100k.jpg 722w, https:\/\/www.uv.mx\/prensa\/files\/2022\/03\/220322-Artistas-deportes-1-100k-300x200.jpg 300w\" sizes=\"auto, (max-width: 722px) 100vw, 722px\" \/><p id=\"caption-attachment-112163\" class=\"wp-caption-text\">El rector Mart\u00edn Aguilar dijo a los universitarios que cada una de sus solicitudes fue registrada y ser\u00e1 atendida de acuerdo a su prioridad<\/p><\/div>\n<p>&nbsp;<\/p>\n<p>A la comunidad universitaria le pidi\u00f3 apropiarse del PT, en donde plantea metas y objetivos para la promoci\u00f3n de las artes, la difusi\u00f3n cultural; y enfatiza en la importancia del deporte en cuestiones de salud para los estudiantes. \u201cLo tenemos contemplado, ahora faltan realmente programas de aterrizaje concreto\u201d.<\/p>\n<p>Respecto a la solicitud de ampliar los comedores universitarios, coment\u00f3: \u201cEn nuestro Programa de Trabajo est\u00e1 muy claro ese punto de apoyo; a partir del impacto de la pandemia se agudiz\u00f3 la necesidad de mayor atenci\u00f3n; hay m\u00e1s falta de recursos, pero en esta administraci\u00f3n vamos a impulsar este apoyo de comedores y cafeter\u00edas. Ya estamos trabajando, estamos reabriendo los pocos comedores que existen pues los estudiantes est\u00e1n regresando a lo presencial y comienzan a crecer estas necesidades.\u201d<\/p>\n<p><strong>M\u00e1s vigilancia y mejores espacios<\/strong><br \/>\nLos estudiantes y docentes de los Talleres Libres de Arte (TLA) de Papantla y Poza Rica coincidieron al solicitar que haya un mejor equipamiento y acondicionamiento de los espacios art\u00edsticos, as\u00ed como mayor vigilancia.<\/p>\n<div id=\"attachment_112164\" style=\"width: 732px\" class=\"wp-caption aligncenter\"><img loading=\"lazy\" decoding=\"async\" aria-describedby=\"caption-attachment-112164\" class=\"size-full wp-image-112164\" src=\"https:\/\/www.uv.mx\/prensa\/files\/2022\/03\/220322-Artistas-deportes-2-100k.jpg\" alt=\"Autoridades de la UV, encabezadas por el Rector, se reunieron con grupos art\u00edsticos y deportistas de la regi\u00f3n\" width=\"722\" height=\"481\" srcset=\"https:\/\/www.uv.mx\/prensa\/files\/2022\/03\/220322-Artistas-deportes-2-100k.jpg 722w, https:\/\/www.uv.mx\/prensa\/files\/2022\/03\/220322-Artistas-deportes-2-100k-300x200.jpg 300w\" sizes=\"auto, (max-width: 722px) 100vw, 722px\" \/><p id=\"caption-attachment-112164\" class=\"wp-caption-text\">Autoridades de la UV, encabezadas por el Rector, se reunieron con grupos art\u00edsticos y deportistas<\/p><\/div>\n<p>&nbsp;<\/p>\n<p>Ana Mar\u00eda P\u00e9rez P\u00e9rez, representante de los TLA \u201cTeodoro Cano\u201d de Papantla, dijo: \u201cTenemos muchas necesidades, empezando con la falta de un vigilante ya que la zona donde nos ubicamos es muy insegura; tambi\u00e9n necesitamos m\u00e1s herramientas para continuar trabajando, como un horno para cer\u00e1mica, herramientas para el tallado de madera, un aula audiovisual y un mejor acondicionamiento de las ya existentes\u201d.<\/p>\n<p>No s\u00f3lo expusieron sus peticiones, tambi\u00e9n realizaron propuestas. Andrea Guevara, estudiante de la Licenciatura en la Ense\u00f1anza de las Artes sugiri\u00f3 \u201cla organizaci\u00f3n de un congreso internacional de pedagog\u00eda de las artes, con el que se busca participen estudiantes no s\u00f3lo del estado, sino del pa\u00eds y del mundo\u201d. Sin embargo, la conexi\u00f3n a Internet y el equipo de c\u00f3mputo no son suficientes para poder concretarlo.<\/p>\n<p>Durante el encuentro con las autoridades universitarias se present\u00f3 el mon\u00f3logo <em>Espejos de Camila<\/em> y el video de artes esc\u00e9nicas intitulado <em>Ansiedad en la cuarentena<\/em>, realizados por estudiantes de la Licenciatura en Ense\u00f1anza de las Artes (<em>Lena<\/em>).<\/p>\n<div id=\"attachment_112165\" style=\"width: 732px\" class=\"wp-caption aligncenter\"><img loading=\"lazy\" decoding=\"async\" aria-describedby=\"caption-attachment-112165\" class=\"size-full wp-image-112165\" src=\"https:\/\/www.uv.mx\/prensa\/files\/2022\/03\/220322-Artistas-deportes-3-100k.jpg\" alt=\"Gabriela Zamora interpret\u00f3 Las 3 huastecas, de Nicandro Castillo\" width=\"722\" height=\"481\" srcset=\"https:\/\/www.uv.mx\/prensa\/files\/2022\/03\/220322-Artistas-deportes-3-100k.jpg 722w, https:\/\/www.uv.mx\/prensa\/files\/2022\/03\/220322-Artistas-deportes-3-100k-300x200.jpg 300w\" sizes=\"auto, (max-width: 722px) 100vw, 722px\" \/><p id=\"caption-attachment-112165\" class=\"wp-caption-text\">Gabriela Zamora interpret\u00f3 Las 3 huastecas, de Nicandro Castillo<\/p><\/div>\n<p>&nbsp;<\/p>\n<p>Gabriela Zamora, estudiante de la Lena, interpret\u00f3 <em>Las 3 huastecas<\/em>, autor\u00eda de Nicandro Castillo. Tambi\u00e9n intervinieron el Ballet Folkl\u00f3rico de los TLA de Papantla con el son huapango <em>Chiles verdes de Coyutla<\/em>, y el Ballet Folkl\u00f3rico Flor de Retama con el son La rosa.<\/p>\n<p>Por \u00faltimo, el <em>lobby<\/em> de la Unidad de Servicios Bibliotecarios y de Informaci\u00f3n (USBI) alberga la exposici\u00f3n pl\u00e1stica Fiestas, costumbres y tradiciones del Totonacapan, de estudiantes de los TLA \u201cTeodoro Cano\u201d.<\/p>\n<p><strong>Espacios multifuncionales: deportistas<\/strong><br \/>\nEn materia deportiva, los estudiantes plantearon las necesidades y obst\u00e1culos a los que se enfrentan, principalmente la falta de espacios y entrenadores para llevar a cabo su preparaci\u00f3n f\u00edsica de la mejor manera posible.<\/p>\n<p>Adem\u00e1s, solicitaron a las autoridades universitarias gestionar un apoyo econ\u00f3mico para solventar los gastos que conlleva el practicar alg\u00fan deporte.<\/p>\n<div id=\"attachment_112166\" style=\"width: 732px\" class=\"wp-caption aligncenter\"><img loading=\"lazy\" decoding=\"async\" aria-describedby=\"caption-attachment-112166\" class=\"size-full wp-image-112166\" src=\"https:\/\/www.uv.mx\/prensa\/files\/2022\/03\/220322-Artistas-deportes-4-100k.jpg\" alt=\"El Ballet Folkl\u00f3rico de los TLA \u201cTeodoro Cano\u201d de Papantla present\u00f3 con el huapango Chiles verdes de Coyutla\" width=\"722\" height=\"481\" srcset=\"https:\/\/www.uv.mx\/prensa\/files\/2022\/03\/220322-Artistas-deportes-4-100k.jpg 722w, https:\/\/www.uv.mx\/prensa\/files\/2022\/03\/220322-Artistas-deportes-4-100k-300x200.jpg 300w\" sizes=\"auto, (max-width: 722px) 100vw, 722px\" \/><p id=\"caption-attachment-112166\" class=\"wp-caption-text\">El Ballet Folkl\u00f3rico de los TLA \u201cTeodoro Cano\u201d de Papantla present\u00f3 el huapango <em>Chiles verdes de Coyutla<\/em><\/p><\/div>\n<p>&nbsp;<\/p>\n<p>Aranza Maga\u00f1a, estudiante de la Licenciatura en Medicina Veterinaria y Zootecnia y quien practica <em>tochito<\/em> bandera o futbol bandera, expres\u00f3: \u201cQueremos contar con espacios multifuncionales donde todos puedan realizar sus actividades deportivas, y que adem\u00e1s cuenten con las medidas higi\u00e9nicas y sanitarias\u201d.<\/p>\n<p>Paola Arredondo, alumna de la Facultad de Odontolog\u00eda, lament\u00f3 que un problema com\u00fan es la justificaci\u00f3n de faltas: \u201cA veces no podemos asistir a algunas clases, ya que las concentraciones se empatan con nuestras horas en el aula y los profesores nos dicen que escojamos entre el deporte y lo acad\u00e9mico\u201d.<\/p>\n<p>Por \u00faltimo, Alejandra Flores, entrenadora de Judo, agradeci\u00f3 al rector Mart\u00edn Aguilar la oportunidad de expresar sus necesidades y peticiones. \u201cEsperamos nos apoyen para llevar el nombre de la Universidad Veracruzano a lo m\u00e1s alto en materia deportiva\u201d.<\/p>\n<p>Acompa\u00f1aron al Rector: Elena Rustri\u00e1n Portilla, secretaria Acad\u00e9mica; Lizbeth Margarita Viveros Cancino, secretaria de Administraci\u00f3n y Finanzas; Jaqueline Jongitud Zamora, secretaria de Desarrollo Institucional, y Liliana Cuervo L\u00f3pez, vicerrectora.<\/p>\n<div id=\"attachment_112167\" style=\"width: 732px\" class=\"wp-caption aligncenter\"><img loading=\"lazy\" decoding=\"async\" aria-describedby=\"caption-attachment-112167\" class=\"size-full wp-image-112167\" src=\"https:\/\/www.uv.mx\/prensa\/files\/2022\/03\/220322-Artistas-deportes-5-100k.jpg\" alt=\"Integrantes del Ballet Folkl\u00f3rico Flor de Retama\" width=\"722\" height=\"481\" srcset=\"https:\/\/www.uv.mx\/prensa\/files\/2022\/03\/220322-Artistas-deportes-5-100k.jpg 722w, https:\/\/www.uv.mx\/prensa\/files\/2022\/03\/220322-Artistas-deportes-5-100k-300x200.jpg 300w\" sizes=\"auto, (max-width: 722px) 100vw, 722px\" \/><p id=\"caption-attachment-112167\" class=\"wp-caption-text\">Integrantes del Ballet Folkl\u00f3rico Flor de Retama<\/p><\/div>\n<p>&nbsp;<\/p>\n<p>Tambi\u00e9n estuvieron presentes: Alfonso Colorado Hern\u00e1ndez, director general de Difusi\u00f3n Cultural; Maribel Barradas Landa, directora de Actividades Deportivas; Jorge S\u00e1nchez Mejorada, coordinador del Centro para el Desarrollo Humano e Integral de los Universitarios; Anabel Ojeda Guti\u00e9rrez, coordinadora de la Unidad de G\u00e9nero; Homero \u00c1vila Landa, coordinador universitario de Asuntos Estudiantiles; Norma Trujillo B\u00e1ez, directora general de Comunicaci\u00f3n Universitaria, as\u00ed como titulares de diversas \u00e1reas acad\u00e9micas.<\/p>\n<p>&nbsp;<\/p>\n<p><img loading=\"lazy\" decoding=\"async\" class=\"aligncenter size-full wp-image-112182\" src=\"https:\/\/www.uv.mx\/prensa\/files\/2022\/03\/IMG_0418-230322.jpg\" alt=\"\" width=\"722\" height=\"481\" srcset=\"https:\/\/www.uv.mx\/prensa\/files\/2022\/03\/IMG_0418-230322.jpg 722w, https:\/\/www.uv.mx\/prensa\/files\/2022\/03\/IMG_0418-230322-300x200.jpg 300w\" sizes=\"auto, (max-width: 722px) 100vw, 722px\" \/><\/p>\n","protected":false},"excerpt":{"rendered":"<p>En la regi\u00f3n Poza Rica-Tuxpan, Mart\u00edn Aguilar S\u00e1nchez, reiter\u00f3 que la comunidad universitaria debe apropiarse del Programa de Trabajo (PT) 2021-2025 \u201cPor una transformaci\u00f3n integral\u201d.<\/p>\n","protected":false},"author":1775,"featured_media":112173,"comment_status":"closed","ping_status":"closed","sticky":false,"template":"","format":"standard","meta":{"footnotes":""},"categories":[61],"tags":[4463,6263,4906,2700,4164,4634,6689,2276,2976,6848],"class_list":["post-112162","post","type-post","status-publish","format-standard","has-post-thumbnail","hentry","category-banner","tag-alma-celia-san-martin","tag-cesar-pisil-ramos","tag-consejo-universitario-regional","tag-martin-aguilar-sanchez","tag-paola-cortes-perez","tag-programa-de-trabajo","tag-pt","tag-rector","tag-region-poza-rica-tuxpan","tag-sesion-extraordinaria"],"_links":{"self":[{"href":"https:\/\/www.uv.mx\/prensa\/wp-json\/wp\/v2\/posts\/112162","targetHints":{"allow":["GET"]}}],"collection":[{"href":"https:\/\/www.uv.mx\/prensa\/wp-json\/wp\/v2\/posts"}],"about":[{"href":"https:\/\/www.uv.mx\/prensa\/wp-json\/wp\/v2\/types\/post"}],"author":[{"embeddable":true,"href":"https:\/\/www.uv.mx\/prensa\/wp-json\/wp\/v2\/users\/1775"}],"replies":[{"embeddable":true,"href":"https:\/\/www.uv.mx\/prensa\/wp-json\/wp\/v2\/comments?post=112162"}],"version-history":[{"count":1,"href":"https:\/\/www.uv.mx\/prensa\/wp-json\/wp\/v2\/posts\/112162\/revisions"}],"predecessor-version":[{"id":112207,"href":"https:\/\/www.uv.mx\/prensa\/wp-json\/wp\/v2\/posts\/112162\/revisions\/112207"}],"wp:featuredmedia":[{"embeddable":true,"href":"https:\/\/www.uv.mx\/prensa\/wp-json\/wp\/v2\/media\/112173"}],"wp:attachment":[{"href":"https:\/\/www.uv.mx\/prensa\/wp-json\/wp\/v2\/media?parent=112162"}],"wp:term":[{"taxonomy":"category","embeddable":true,"href":"https:\/\/www.uv.mx\/prensa\/wp-json\/wp\/v2\/categories?post=112162"},{"taxonomy":"post_tag","embeddable":true,"href":"https:\/\/www.uv.mx\/prensa\/wp-json\/wp\/v2\/tags?post=112162"}],"curies":[{"name":"wp","href":"https:\/\/api.w.org\/{rel}","templated":true}]}}