{"id":112103,"date":"2022-03-22T14:00:05","date_gmt":"2022-03-22T20:00:05","guid":{"rendered":"https:\/\/www.uv.mx\/prensa\/?p=112103"},"modified":"2022-03-23T13:45:56","modified_gmt":"2022-03-23T19:45:56","slug":"movilidad-estudiantil-ofrece-crecimiento-personal-y-profesional","status":"publish","type":"post","link":"https:\/\/www.uv.mx\/prensa\/general\/movilidad-estudiantil-ofrece-crecimiento-personal-y-profesional\/","title":{"rendered":"Movilidad estudiantil ofrece crecimiento personal y profesional"},"content":{"rendered":"<ul>\n<li><em>Los estudiantes de posgrado tienen la oportunidad de realizar alguna actividad en una de las m\u00e1s de 200 universidades con las que la UV tiene convenios de colaboraci\u00f3n<\/em><\/li>\n<\/ul>\n<p>&nbsp;<\/p>\n<div id=\"attachment_112105\" style=\"width: 732px\" class=\"wp-caption aligncenter\"><img loading=\"lazy\" decoding=\"async\" aria-describedby=\"caption-attachment-112105\" class=\"size-full wp-image-112105\" src=\"https:\/\/www.uv.mx\/prensa\/files\/2022\/03\/220322-PAOLA-Evento-del-di\u0301a-Movilidad-Posgrados-100k.jpg\" alt=\"Marcelo Cruz, responsable de Difusi\u00f3n y Programas Especiales de la Coordinaci\u00f3n de Movilidad Estudiantil y Acad\u00e9mica\" width=\"722\" height=\"419\" srcset=\"https:\/\/www.uv.mx\/prensa\/files\/2022\/03\/220322-PAOLA-Evento-del-di\u0301a-Movilidad-Posgrados-100k.jpg 722w, https:\/\/www.uv.mx\/prensa\/files\/2022\/03\/220322-PAOLA-Evento-del-di\u0301a-Movilidad-Posgrados-100k-300x174.jpg 300w\" sizes=\"auto, (max-width: 722px) 100vw, 722px\" \/><p id=\"caption-attachment-112105\" class=\"wp-caption-text\">Marcelo Cruz, responsable de Difusi\u00f3n y Programas Especiales de la Coordinaci\u00f3n de Movilidad Estudiantil y Acad\u00e9mica<\/p><\/div>\n<p>&nbsp;<\/p>\n<p><em><strong>Texto y Foto: Paola Cort\u00e9s P\u00e9rez<\/strong><\/em><\/p>\n<p><em><strong>22\/03\/2022, Xalapa, Ver.-<\/strong><\/em> La <a href=\"https:\/\/www.uv.mx\/internacional\/\" target=\"_blank\" rel=\"noopener\">Direcci\u00f3n General de Relaciones Internacionales<\/a> (DGRI) de la Universidad Veracruzana (UV) present\u00f3 las opciones de movilidad nacional e internacional para estudiantes de los programas educativos (PE) de posgrado, en el marco de Expo Orienta UV Posgrado 2022.<\/p>\n<p>La charla, realizada la tarde del mi\u00e9rcoles 16 de marzo, fue impartida por Marcelo Cruz S\u00e1nchez, responsable de Difusi\u00f3n y Programas Especiales de la Coordinaci\u00f3n de Movilidad Estudiantil y Acad\u00e9mica, de la DGRI.<\/p>\n<p>Dijo que las opciones de movilidad son una oportunidad para el crecimiento personal y profesional de los estudiantes, al permitirles realizar alguna actividad en una de las m\u00e1s de 200 universidades con las que la UV tiene convenios de colaboraci\u00f3n.<\/p>\n<p>Adem\u00e1s, pueden convivir con otros j\u00f3venes y obtener una perspectiva global como futuros profesionistas, as\u00ed como enriquecer sus intereses acad\u00e9micos y expectativas personales al conocer otras opciones educativas y, tambi\u00e9n, diferentes sociedades y culturas.<\/p>\n<p>\u201cHay diversas opciones de acuerdo a sus intereses, pueden hacer estancia semestral para obtener cr\u00e9ditos acad\u00e9micos; realizar actividades de investigaci\u00f3n; fortalecer su l\u00ednea de investigaci\u00f3n; desarrollar pr\u00e1cticas profesionales; participar en congresos y seminarios, y crear redes acad\u00e9micas con estudiantes y profesores de otras instituciones, a fin de fortalecer sus conocimientos y habilidad espec\u00edficas.\u201d<\/p>\n<p>Las opciones que ofrece el Programa de Movilidad de la UV (<em>Promuv<\/em>) son: por Asignaturas, la estancia es de dos semanas a seis meses, en universidades con las que se tiene convenios; de Investigaci\u00f3n, dos semanas a seis meses en universidades e institutos con o sin convenio con la UV, incluye las\u00a0 oportunidades para los Veranos de Investigaci\u00f3n.<\/p>\n<p>Y de Vinculaci\u00f3n, de dos semanas a cuatro meses en instituciones de educaci\u00f3n superior, fundaciones, organizaciones gubernamentales y organismos no gubernamentales, con o sin convenio con la UV, con el objetivo de desarrollar pr\u00e1cticas profesionales, proyectos de intervenci\u00f3n y desarrollo social.<\/p>\n<p>Un punto a considerar, indic\u00f3, son los recursos financieros y al respecto la Universidad ofrece apoyos que ayudan a cubrir algunas de las necesidades propias de la movilidad. Tambi\u00e9n pueden consultar otras fuentes externas como las becas DGRI-SEP, Santander <em>Universia<\/em> y CNBES.<\/p>\n<p>Sobre los requisitos b\u00e1sicos, se\u00f1al\u00f3 que son: estar inscrito en un programa de posgrado de la UV; promedio m\u00ednimo de 8 (maestr\u00eda y doctorado) o promedio de 8 o superior en el \u00faltimo grado acad\u00e9mico cursado (especialidad); haber cursado el primer periodo de su programa educativo, y cumplir con los requerimientos de idioma de la universidad receptora.<\/p>\n<p>Mayor informaci\u00f3n en <a href=\"https:\/\/www.uv.mx\/promuv\/\">www.uv.mx\/promuv<\/a>, as\u00ed como a los correos de movilidad internacional <a href=\"mailto:promuvinternacional@uv.mx\">promuvinternacional@uv.mx<\/a>, de movilidad nacional <a href=\"mailto:cpn@uv.mx\">cpn@uv.mx<\/a> y de Veranos de la investigaci\u00f3n <a href=\"mailto:domvazquez@uv.mx\">domvazquez@uv.mx<\/a>.<\/p>\n","protected":false},"excerpt":{"rendered":"<p>Mayor informaci\u00f3n en www.uv.mx\/promuv, as\u00ed como a los correos de movilidad internacional promuvinternacional@uv.mx, de movilidad nacional cpn@uv.mx y de Veranos de la investigaci\u00f3n domvazquez@uv.mx.<\/p>\n","protected":false},"author":1775,"featured_media":112105,"comment_status":"closed","ping_status":"closed","sticky":false,"template":"","format":"standard","meta":{"footnotes":""},"categories":[1],"tags":[193,1027,559,453,5084,5083,4164,507,83,506],"class_list":["post-112103","post","type-post","status-publish","format-standard","has-post-thumbnail","hentry","category-general","tag-dgri","tag-direccion-general-de-relaciones-internacionales","tag-estudiantes","tag-expo-orienta","tag-movilidad-internacional","tag-movilidad-nacional","tag-paola-cortes-perez","tag-pe","tag-posgrado","tag-programas-educativos"],"_links":{"self":[{"href":"https:\/\/www.uv.mx\/prensa\/wp-json\/wp\/v2\/posts\/112103","targetHints":{"allow":["GET"]}}],"collection":[{"href":"https:\/\/www.uv.mx\/prensa\/wp-json\/wp\/v2\/posts"}],"about":[{"href":"https:\/\/www.uv.mx\/prensa\/wp-json\/wp\/v2\/types\/post"}],"author":[{"embeddable":true,"href":"https:\/\/www.uv.mx\/prensa\/wp-json\/wp\/v2\/users\/1775"}],"replies":[{"embeddable":true,"href":"https:\/\/www.uv.mx\/prensa\/wp-json\/wp\/v2\/comments?post=112103"}],"version-history":[{"count":1,"href":"https:\/\/www.uv.mx\/prensa\/wp-json\/wp\/v2\/posts\/112103\/revisions"}],"predecessor-version":[{"id":112220,"href":"https:\/\/www.uv.mx\/prensa\/wp-json\/wp\/v2\/posts\/112103\/revisions\/112220"}],"wp:featuredmedia":[{"embeddable":true,"href":"https:\/\/www.uv.mx\/prensa\/wp-json\/wp\/v2\/media\/112105"}],"wp:attachment":[{"href":"https:\/\/www.uv.mx\/prensa\/wp-json\/wp\/v2\/media?parent=112103"}],"wp:term":[{"taxonomy":"category","embeddable":true,"href":"https:\/\/www.uv.mx\/prensa\/wp-json\/wp\/v2\/categories?post=112103"},{"taxonomy":"post_tag","embeddable":true,"href":"https:\/\/www.uv.mx\/prensa\/wp-json\/wp\/v2\/tags?post=112103"}],"curies":[{"name":"wp","href":"https:\/\/api.w.org\/{rel}","templated":true}]}}