{"id":112005,"date":"2022-03-17T15:20:59","date_gmt":"2022-03-17T21:20:59","guid":{"rendered":"https:\/\/www.uv.mx\/prensa\/?p=112005"},"modified":"2022-03-24T10:59:49","modified_gmt":"2022-03-24T16:59:49","slug":"estudiantes-uv-festejaran-dia-mundial-del-teatro-con-festival-presencial-y-virtual","status":"publish","type":"post","link":"https:\/\/www.uv.mx\/prensa\/cultura\/estudiantes-uv-festejaran-dia-mundial-del-teatro-con-festival-presencial-y-virtual\/","title":{"rendered":"Estudiantes UV festejar\u00e1n D\u00eda Mundial del Teatro con festival presencial y virtual"},"content":{"rendered":"<p>&nbsp;<\/p>\n<ul>\n<li><em>El <\/em><em>Festival del D\u00eda Mundial del Teatro UV 2022 <\/em><em>se realizar\u00e1 de forma h\u00edbrida del 21 al 27 de marzo, e incluir\u00e1 talleres, conferencias y puestas en escena, entre otros eventos<\/em><\/li>\n<\/ul>\n<p>&nbsp;<\/p>\n<div id=\"attachment_112006\" style=\"width: 732px\" class=\"wp-caption aligncenter\"><img aria-describedby=\"caption-attachment-112006\" decoding=\"async\" loading=\"lazy\" class=\"size-full wp-image-112006\" src=\"https:\/\/www.uv.mx\/prensa\/files\/2022\/03\/170322-CARLOS-Festival-Teatro-1.jpg\" alt=\"\" width=\"722\" height=\"452\" srcset=\"https:\/\/www.uv.mx\/prensa\/files\/2022\/03\/170322-CARLOS-Festival-Teatro-1.jpg 722w, https:\/\/www.uv.mx\/prensa\/files\/2022\/03\/170322-CARLOS-Festival-Teatro-1-300x188.jpg 300w, https:\/\/www.uv.mx\/prensa\/files\/2022\/03\/170322-CARLOS-Festival-Teatro-1-200x125.jpg 200w\" sizes=\"(max-width: 722px) 100vw, 722px\" \/><p id=\"caption-attachment-112006\" class=\"wp-caption-text\">El festival es organizado por estudiantes de la Facultad de Teatro, apoyados por directivos de la entidad acad\u00e9mica<\/p><\/div>\n<p><strong><em>\u00a0<\/em><\/strong><\/p>\n<p><strong><em>Carlos Hugo Hermida Rosales<\/em><\/strong><\/p>\n<p><strong><em>Fotos<\/em><\/strong><strong><em>: Omar Portilla Palacios<\/em><\/strong><\/p>\n<p><strong><em>17\/03\/2022, Xalapa, Ver.-<\/em><\/strong> Estudiantes de la <a href=\"https:\/\/www.uv.mx\/teatro\/\" target=\"_blank\" rel=\"noopener\">Facultad de Teatro<\/a> de la Universidad Veracruzana (UV), apoyados por directivos de la entidad acad\u00e9mica, festejar\u00e1n el d\u00eda mundial de esta arte esc\u00e9nica a trav\u00e9s de un festival que se realizar\u00e1 del 21 al 27 de marzo, el cual incluir\u00e1 talleres, conferencias y puestas en escena, entre otros eventos.<\/p>\n<p>La inauguraci\u00f3n oficial del Festival del D\u00eda Mundial del Teatro UV 2022 se llevar\u00e1 a cabo el d\u00eda 22 a las 9:00 horas, y se transmitir\u00e1 por <em><a href=\"https:\/\/www.facebook.com\/FDMTUV\">Facebook<\/a><\/em>.<\/p>\n<p>Nerio Gonz\u00e1lez Morales, director de la Facultad de Teatro, comparti\u00f3 que esta festividad fue creada en 1961, y desde esa fecha se celebra el 27 de marzo de cada a\u00f1o.<\/p>\n<p>El festival representa para esta entidad acad\u00e9mica una forma de difusi\u00f3n del arte, pero tambi\u00e9n de impacto social que contribuye a la transformaci\u00f3n de la sociedad veracruzana a trav\u00e9s de \u00e9sta.<\/p>\n<p>Sus principales objetivos son reforzar la formaci\u00f3n profesional de los estudiantes con la oferta de talleres extracurriculares que enriquecen su ense\u00f1anza, propiciar el acercamiento con creadores esc\u00e9nicos de toda la Rep\u00fablica y establecer v\u00ednculos con personalidades del teatro de diversos pa\u00edses.<\/p>\n<p>&nbsp;<\/p>\n<div id=\"attachment_112007\" style=\"width: 732px\" class=\"wp-caption aligncenter\"><img aria-describedby=\"caption-attachment-112007\" decoding=\"async\" loading=\"lazy\" class=\"size-full wp-image-112007\" src=\"https:\/\/www.uv.mx\/prensa\/files\/2022\/03\/170322-CARLOS-Festival-Teatro-2.jpg\" alt=\"\" width=\"722\" height=\"471\" srcset=\"https:\/\/www.uv.mx\/prensa\/files\/2022\/03\/170322-CARLOS-Festival-Teatro-2.jpg 722w, https:\/\/www.uv.mx\/prensa\/files\/2022\/03\/170322-CARLOS-Festival-Teatro-2-300x196.jpg 300w\" sizes=\"(max-width: 722px) 100vw, 722px\" \/><p id=\"caption-attachment-112007\" class=\"wp-caption-text\">Nerio Gonz\u00e1lez Morales<\/p><\/div>\n<p>&nbsp;<\/p>\n<p>La edici\u00f3n actual contar\u00e1 con la participaci\u00f3n de actores, maestros e investigadores provenientes de Guanajuato, Ciudad de M\u00e9xico, Colombia, Espa\u00f1a, Argentina y Chile, entre quienes est\u00e1n Luis Eduardo Yee, Alberto Lomnitz, Gustavo \u00c1lvarez e Ivonne Ramos.<\/p>\n<p>Vyridia Estrada, consejera alumna de la Licenciatura en Teatro, declar\u00f3 que organizar el festival represent\u00f3 un gran reto, ya que desde 2019 no se realizaba de forma presencial y algunos patrocinadores frenaron labores debido a la pandemia de COVID-19, por lo que fue necesario crear v\u00ednculos con nuevas empresas.<\/p>\n<p>\u201cEl que varias actividades se lleven a cabo presencialmente tiene una importancia fundamental, porque los estudiantes de Teatro somos actores en formaci\u00f3n que debemos atender cada detalle de una puesta en escena, y eso no se puede hacer por medio de una pantalla\u201d, puntualiz\u00f3.<\/p>\n<p>Invit\u00f3 al p\u00fablico a disfrutar del festival, en el que asegur\u00f3 que los involucrados \u201cpondr\u00e1n todo su coraz\u00f3n y energ\u00eda al momento de participar\u201d.<\/p>\n<p>Los eventos del Festival del D\u00eda Mundial del Teatro UV 2022 se llevar\u00e1n a cabo en la Unidad de Artes y se transmitir\u00e1n a trav\u00e9s de su p\u00e1gina de <em><a href=\"https:\/\/www.facebook.com\/FDMTUV\">Facebook<\/a><\/em>, sitio en el que tambi\u00e9n se puede consultar el programa completo de actividades.<\/p>\n<p><strong>\u00a0<\/strong><\/p>\n<div id=\"attachment_112008\" style=\"width: 732px\" class=\"wp-caption aligncenter\"><img aria-describedby=\"caption-attachment-112008\" decoding=\"async\" loading=\"lazy\" class=\"size-full wp-image-112008\" src=\"https:\/\/www.uv.mx\/prensa\/files\/2022\/03\/170322-CARLOS-Festival-Teatro-3.jpg\" alt=\"\" width=\"722\" height=\"475\" srcset=\"https:\/\/www.uv.mx\/prensa\/files\/2022\/03\/170322-CARLOS-Festival-Teatro-3.jpg 722w, https:\/\/www.uv.mx\/prensa\/files\/2022\/03\/170322-CARLOS-Festival-Teatro-3-300x197.jpg 300w\" sizes=\"(max-width: 722px) 100vw, 722px\" \/><p id=\"caption-attachment-112008\" class=\"wp-caption-text\">Vyridia Estrada, consejera alumna de la Licenciatura en Teatro<\/p><\/div>\n","protected":false},"excerpt":{"rendered":"<p>La inauguraci\u00f3n oficial del Festival del D\u00eda Mundial del Teatro UV 2022 se llevar\u00e1 a cabo el d\u00eda 22 a las 9:00 horas, y se transmitir\u00e1 por <a href=\"https:\/\/www.facebook.com\/FDMTUV\">Facebook<\/a><\/p>\n","protected":false},"author":1869,"featured_media":112006,"comment_status":"closed","ping_status":"closed","sticky":false,"template":"","format":"standard","meta":[],"categories":[11],"tags":[],"_links":{"self":[{"href":"https:\/\/www.uv.mx\/prensa\/wp-json\/wp\/v2\/posts\/112005"}],"collection":[{"href":"https:\/\/www.uv.mx\/prensa\/wp-json\/wp\/v2\/posts"}],"about":[{"href":"https:\/\/www.uv.mx\/prensa\/wp-json\/wp\/v2\/types\/post"}],"author":[{"embeddable":true,"href":"https:\/\/www.uv.mx\/prensa\/wp-json\/wp\/v2\/users\/1869"}],"replies":[{"embeddable":true,"href":"https:\/\/www.uv.mx\/prensa\/wp-json\/wp\/v2\/comments?post=112005"}],"version-history":[{"count":1,"href":"https:\/\/www.uv.mx\/prensa\/wp-json\/wp\/v2\/posts\/112005\/revisions"}],"predecessor-version":[{"id":112262,"href":"https:\/\/www.uv.mx\/prensa\/wp-json\/wp\/v2\/posts\/112005\/revisions\/112262"}],"wp:featuredmedia":[{"embeddable":true,"href":"https:\/\/www.uv.mx\/prensa\/wp-json\/wp\/v2\/media\/112006"}],"wp:attachment":[{"href":"https:\/\/www.uv.mx\/prensa\/wp-json\/wp\/v2\/media?parent=112005"}],"wp:term":[{"taxonomy":"category","embeddable":true,"href":"https:\/\/www.uv.mx\/prensa\/wp-json\/wp\/v2\/categories?post=112005"},{"taxonomy":"post_tag","embeddable":true,"href":"https:\/\/www.uv.mx\/prensa\/wp-json\/wp\/v2\/tags?post=112005"}],"curies":[{"name":"wp","href":"https:\/\/api.w.org\/{rel}","templated":true}]}}