{"id":111978,"date":"2022-03-18T08:00:57","date_gmt":"2022-03-18T14:00:57","guid":{"rendered":"https:\/\/www.uv.mx\/prensa\/?p=111978"},"modified":"2022-03-23T14:04:41","modified_gmt":"2022-03-23T20:04:41","slug":"uv-realizara-curso-elaboracion-y-diseno-de-cartografia-tematica-sig","status":"publish","type":"post","link":"https:\/\/www.uv.mx\/prensa\/eventos\/uv-realizara-curso-elaboracion-y-diseno-de-cartografia-tematica-sig\/","title":{"rendered":"UV realizar\u00e1 curso Elaboraci\u00f3n y dise\u00f1o de cartograf\u00eda tem\u00e1tica SIG"},"content":{"rendered":"<ul>\n<li><em>Est\u00e1 dirigido a ge\u00f3logos, ge\u00f3grafos, arquitectos, urbanistas, antrop\u00f3logos y profesionistas orientados al an\u00e1lisis, gesti\u00f3n o planificaci\u00f3n medioambiental, territorial y sectorial<\/em><\/li>\n<li><em>Ser\u00e1 impartido por Karina Zapata Cu\u00e9llar, catedr\u00e1tica de la Licenciatura en Geograf\u00eda<\/em><\/li>\n<\/ul>\n<p>&nbsp;<\/p>\n<div id=\"attachment_111980\" style=\"width: 732px\" class=\"wp-caption aligncenter\"><img loading=\"lazy\" decoding=\"async\" aria-describedby=\"caption-attachment-111980\" class=\"wp-image-111980 size-full\" src=\"https:\/\/www.uv.mx\/prensa\/files\/2022\/03\/150322-CARLOS-Curso-SIG-1-100k.jpg\" alt=\"El curso se realizar\u00e1 de manera virtual y constar\u00e1 de 12 sesiones\" width=\"722\" height=\"280\" srcset=\"https:\/\/www.uv.mx\/prensa\/files\/2022\/03\/150322-CARLOS-Curso-SIG-1-100k.jpg 722w, https:\/\/www.uv.mx\/prensa\/files\/2022\/03\/150322-CARLOS-Curso-SIG-1-100k-300x116.jpg 300w\" sizes=\"auto, (max-width: 722px) 100vw, 722px\" \/><p id=\"caption-attachment-111980\" class=\"wp-caption-text\">El curso se realizar\u00e1 de manera virtual y constar\u00e1 de 12 sesiones<\/p><\/div>\n<p>&nbsp;<\/p>\n<p><strong><em>Carlos Hugo Hermida Rosales<\/em><\/strong><\/p>\n<p><strong><em>Fotos: Cortes\u00eda de Karina Zapata<\/em><\/strong><\/p>\n<p><strong><em>18\/03\/2022, Xalapa, Ver.-<\/em><\/strong> La <a href=\"https:\/\/www.uv.mx\/dgti\/\" target=\"_blank\" rel=\"noopener\">Direcci\u00f3n General de Tecnolog\u00eda de Informaci\u00f3n<\/a> (DGTI), a trav\u00e9s de la Direcci\u00f3n de Extensi\u00f3n de Servicios Tecnol\u00f3gicos, y la Licenciatura en Geograf\u00eda de la Facultad de Econom\u00eda de la Universidad Veracruzana (UV), realizar\u00e1n el curso Elaboraci\u00f3n y Dise\u00f1o de Cartograf\u00eda Tem\u00e1tica SIG.<\/p>\n<p>Est\u00e1 dirigido a ge\u00f3logos, ge\u00f3grafos, arquitectos, urbanistas, antrop\u00f3logos y a todo profesionista interesado en el manejo de Sistemas de Informaci\u00f3n Geogr\u00e1fica (SIG) u orientado al an\u00e1lisis, gesti\u00f3n o planificaci\u00f3n medioambiental, territorial y sectorial.<\/p>\n<p>Ser\u00e1 impartido por Karina Zapata Cu\u00e9llar, catedr\u00e1tica de la Facultad de Econom\u00eda, a lo largo de 12 sesiones virtuales que se desarrollar\u00e1n los viernes y s\u00e1bados comprendidos entre el 25 de marzo y el 7 de mayo, de 18:00 a 21:00 y 10:00 a 14:00 horas, respectivamente.<\/p>\n<p>Cuenta con un nivel b\u00e1sico-intermedio y tiene por objetivo que las y los participantes obtengan conocimiento te\u00f3rico-pr\u00e1ctico en el manejo de SIG aplicados al \u00e1mbito de la planeaci\u00f3n y gesti\u00f3n territorial; sus contenidos proporcionan informaci\u00f3n para el uso de herramientas de visualizaci\u00f3n, an\u00e1lisis y elaboraci\u00f3n de material cartogr\u00e1fico.<\/p>\n<p>La capacitaci\u00f3n contempla el uso del software privado y libre, Arcgis 10.8 y Qgis3.16., en ese orden, y los ejercicios facilitados servir\u00e1n como instrumentos de apoyo al estudio y la toma de decisiones en proyectos.<\/p>\n<div id=\"attachment_111981\" style=\"width: 732px\" class=\"wp-caption aligncenter\"><img loading=\"lazy\" decoding=\"async\" aria-describedby=\"caption-attachment-111981\" class=\"size-full wp-image-111981\" src=\"https:\/\/www.uv.mx\/prensa\/files\/2022\/03\/150322-CARLOS-Curso-SIG-2-100k.jpg\" alt=\"Karina Zapata Cu\u00e9llar, catedr\u00e1tica de la Facultad de Econom\u00eda\" width=\"722\" height=\"524\" srcset=\"https:\/\/www.uv.mx\/prensa\/files\/2022\/03\/150322-CARLOS-Curso-SIG-2-100k.jpg 722w, https:\/\/www.uv.mx\/prensa\/files\/2022\/03\/150322-CARLOS-Curso-SIG-2-100k-300x218.jpg 300w\" sizes=\"auto, (max-width: 722px) 100vw, 722px\" \/><p id=\"caption-attachment-111981\" class=\"wp-caption-text\">Karina Zapata Cu\u00e9llar, catedr\u00e1tica de la Facultad de Econom\u00eda<\/p><\/div>\n<p>&nbsp;<\/p>\n<p>Entre los temas que se abordar\u00e1n est\u00e1n: Introducci\u00f3n a la cartograf\u00eda; Bases de datos geogr\u00e1ficos oficiales, nacionales e internacionales; Visualizaci\u00f3n de la plataforma de Qgis y Arcgis; An\u00e1lisis espacial con formatos r\u00e1ster; y Dise\u00f1o y edici\u00f3n de mapas cartogr\u00e1ficos.<\/p>\n<p>Karina Zapata comparti\u00f3 que este a\u00f1o es la tercera vez que se imparte, y que en sus anteriores versiones ha contado con asistentes de universidades de diversas partes de la Rep\u00fablica Mexicana.<\/p>\n<p>\u201cLos SIG son una herramienta novedosa que tienen la capacidad de integrar una gran cantidad de informaci\u00f3n espacial y territorial, por lo que son de mucha utilidad para dar respuesta precisa a distintas problem\u00e1ticas\u201d, enfatiz\u00f3.<\/p>\n<p>El curso Elaboraci\u00f3n y Dise\u00f1o de Cartograf\u00eda Tem\u00e1tica SIG es un programa registrado y autorizado por el Departamento de Educaci\u00f3n Continua de la Direcci\u00f3n General de Desarrollo Acad\u00e9mico e Innovaci\u00f3n Educativa de la UV.<\/p>\n<p>El formato de inscripci\u00f3n y el temario completo est\u00e1n disponibles en el enlace <a href=\"https:\/\/n9.cl\/bga5u\">https:\/\/n9.cl\/bga5u<\/a><\/p>\n","protected":false},"excerpt":{"rendered":"<p>Actividad conjunta entre la DGTI, a trav\u00e9s de la Direcci\u00f3n de Extensi\u00f3n de Servicios Tecnol\u00f3gicos, y la Licenciatura en Geograf\u00eda de la Facultad de Econom\u00eda.<\/p>\n","protected":false},"author":1775,"featured_media":111980,"comment_status":"closed","ping_status":"closed","sticky":false,"template":"","format":"standard","meta":{"footnotes":""},"categories":[47],"tags":[4161,490,3227,6831,3798,1114,6830,5229],"class_list":["post-111978","post","type-post","status-publish","format-standard","has-post-thumbnail","hentry","category-eventos","tag-carlos-hugo-hermida-rosales","tag-curso","tag-dgti","tag-direccion-de-extension-de-servicios-tecnologicos","tag-direccion-general-de-tecnologia-de-informacion","tag-facultad-de-economia","tag-karina-zapata","tag-licenciatura-en-geografia"],"_links":{"self":[{"href":"https:\/\/www.uv.mx\/prensa\/wp-json\/wp\/v2\/posts\/111978","targetHints":{"allow":["GET"]}}],"collection":[{"href":"https:\/\/www.uv.mx\/prensa\/wp-json\/wp\/v2\/posts"}],"about":[{"href":"https:\/\/www.uv.mx\/prensa\/wp-json\/wp\/v2\/types\/post"}],"author":[{"embeddable":true,"href":"https:\/\/www.uv.mx\/prensa\/wp-json\/wp\/v2\/users\/1775"}],"replies":[{"embeddable":true,"href":"https:\/\/www.uv.mx\/prensa\/wp-json\/wp\/v2\/comments?post=111978"}],"version-history":[{"count":1,"href":"https:\/\/www.uv.mx\/prensa\/wp-json\/wp\/v2\/posts\/111978\/revisions"}],"predecessor-version":[{"id":112222,"href":"https:\/\/www.uv.mx\/prensa\/wp-json\/wp\/v2\/posts\/111978\/revisions\/112222"}],"wp:featuredmedia":[{"embeddable":true,"href":"https:\/\/www.uv.mx\/prensa\/wp-json\/wp\/v2\/media\/111980"}],"wp:attachment":[{"href":"https:\/\/www.uv.mx\/prensa\/wp-json\/wp\/v2\/media?parent=111978"}],"wp:term":[{"taxonomy":"category","embeddable":true,"href":"https:\/\/www.uv.mx\/prensa\/wp-json\/wp\/v2\/categories?post=111978"},{"taxonomy":"post_tag","embeddable":true,"href":"https:\/\/www.uv.mx\/prensa\/wp-json\/wp\/v2\/tags?post=111978"}],"curies":[{"name":"wp","href":"https:\/\/api.w.org\/{rel}","templated":true}]}}