{"id":111963,"date":"2022-03-17T13:00:38","date_gmt":"2022-03-17T19:00:38","guid":{"rendered":"https:\/\/www.uv.mx\/prensa\/?p=111963"},"modified":"2022-03-24T11:21:16","modified_gmt":"2022-03-24T17:21:16","slug":"uv-sexto-lugar-nacional-por-posgrados-registrados-en-el-snp","status":"publish","type":"post","link":"https:\/\/www.uv.mx\/prensa\/general\/uv-sexto-lugar-nacional-por-posgrados-registrados-en-el-snp\/","title":{"rendered":"UV, sexto lugar nacional por posgrados registrados en el SNP"},"content":{"rendered":"<style type=\"text\/css\">\n  blockquote p { color: #28519b; font-family: helvetica; font-size: 1.4em; }<br \/><\/style>\n<ul>\n<li><em>La Universidad ha puesto inter\u00e9s por ingresar programas, por ello ha sistematizado el proceso de evaluaci\u00f3n interna y se ha apegado a los lineamientos del <\/em>Conacyt<\/li>\n<\/ul>\n<p>&nbsp;<\/p>\n<div id=\"attachment_111965\" style=\"width: 732px\" class=\"wp-caption aligncenter\"><img loading=\"lazy\" decoding=\"async\" aria-describedby=\"caption-attachment-111965\" class=\"size-full wp-image-111965\" src=\"https:\/\/www.uv.mx\/prensa\/files\/2022\/03\/170322-PAOLA-Evento-del-dia-PNPC-100k.jpg\" alt=\"Edna P\u00e9rez, de la Direcci\u00f3n General de la Unidad de Estudios de Posgrado\" width=\"722\" height=\"442\" srcset=\"https:\/\/www.uv.mx\/prensa\/files\/2022\/03\/170322-PAOLA-Evento-del-dia-PNPC-100k.jpg 722w, https:\/\/www.uv.mx\/prensa\/files\/2022\/03\/170322-PAOLA-Evento-del-dia-PNPC-100k-300x184.jpg 300w\" sizes=\"auto, (max-width: 722px) 100vw, 722px\" \/><p id=\"caption-attachment-111965\" class=\"wp-caption-text\">Edna P\u00e9rez, de la Direcci\u00f3n General de la Unidad de Estudios de Posgrado<\/p><\/div>\n<p>&nbsp;<\/p>\n<blockquote><p>Esta casa de estudios ofrece a los aspirantes 153 PE, de ellos 77 est\u00e1n en el padr\u00f3n del SNP: 18 de Reciente creaci\u00f3n, 29 En desarrollo, 24 Consolidados y seis de Competencia internacional.<\/p><\/blockquote>\n<p>&nbsp;<\/p>\n<p><em><strong>Paola Cort\u00e9s P\u00e9rez<\/strong><\/em><\/p>\n<p><em><strong>Fotos: Omar Portilla Palacios<\/strong><\/em><\/p>\n<p><em><strong>17\/03\/2022, Xalapa, Ver.-<\/strong><\/em> La <a href=\"https:\/\/www.uv.mx\/\" target=\"_blank\" rel=\"noopener\">Universidad Veracruzana<\/a> (UV) ha puesto inter\u00e9s y se ha apegado a los lineamientos del Consejo Nacional de Ciencia y Tecnolog\u00eda (<em>Conacyt<\/em>) para ingresar programas educativos (PE) al padr\u00f3n del Sistema Nacional de Posgrados (SNP).<\/p>\n<p>Al participar en la sesi\u00f3n informativa de Expo Orienta UV, la tarde del lunes 14 de marzo a trav\u00e9s de la cuenta de <em>Facebook<\/em> @ExpoOrientaUV, Edna P\u00e9rez Lazarin, coordinadora del SNP en la UV, dijo que la Direcci\u00f3n General de la Unidad de Estudios de Posgrado (DGUEP), preocupada por apoyar a los coordinadores de los PE, ha sistematizado el proceso de evaluaci\u00f3n interna.<\/p>\n<p>Mencion\u00f3 que la Universidad ha tenido un buen desempe\u00f1o y lo demuestra al ubicarse en la sexta posici\u00f3n a nivel nacional por el n\u00famero de posgrados en el SNP, resultado de \u201cuna tarea constante y ardua entre los coordinadores de los programas y la DGUEP, para su permanencia y para que asciendan de nivel\u201d.<\/p>\n<p>Esta casa de estudios ofrece a los aspirantes 153 PE, de ellos 77 est\u00e1n en el padr\u00f3n del SNP: 18 de Reciente creaci\u00f3n, 29 En desarrollo, 24 Consolidados y seis de Competencia internacional.<\/p>\n<div id=\"attachment_111964\" style=\"width: 732px\" class=\"wp-caption aligncenter\"><img loading=\"lazy\" decoding=\"async\" aria-describedby=\"caption-attachment-111964\" class=\"size-full wp-image-111964\" src=\"https:\/\/www.uv.mx\/prensa\/files\/2022\/03\/170322-PAOLA-Evento-del-dia-PNPC-2-100k.jpg\" alt=\"Olivia Jarvio, de la Especializaci\u00f3n en Promoci\u00f3n de la Lectura\" width=\"722\" height=\"445\" srcset=\"https:\/\/www.uv.mx\/prensa\/files\/2022\/03\/170322-PAOLA-Evento-del-dia-PNPC-2-100k.jpg 722w, https:\/\/www.uv.mx\/prensa\/files\/2022\/03\/170322-PAOLA-Evento-del-dia-PNPC-2-100k-300x185.jpg 300w\" sizes=\"auto, (max-width: 722px) 100vw, 722px\" \/><p id=\"caption-attachment-111964\" class=\"wp-caption-text\">Olivia Jarvio, de la Especializaci\u00f3n en Promoci\u00f3n de la Lectura<\/p><\/div>\n<p>&nbsp;<\/p>\n<p>Cabe mencionar que el SNP surgi\u00f3 en 1991 con la misi\u00f3n de reconocer la calidad de los posgrados de instituciones p\u00fablicas y privadas del pa\u00eds, a trav\u00e9s de un modelo de evaluaci\u00f3n que comprende cinco categor\u00edas: Contexto y responsabilidad social de la instituci\u00f3n; Estructura e infraestructura del programa; Proceso acad\u00e9mico del programa; Pertinencia del programa de posgrado, y Relevancia de los resultados del programa.<\/p>\n<p>Ubica a los programas en cuatro niveles: Reciente creaci\u00f3n, En desarrollo, Consolidado, y Competencia internacional. Tambi\u00e9n los divide en dos orientaciones: investigaci\u00f3n y profesionalizante. La acreditaci\u00f3n tiene una vigencia que va de uno a cinco a\u00f1os y al finalizar \u00e9sta se vuelven a postular a evaluaci\u00f3n.<\/p>\n<p>Finalmente, Olivia Jarvio Fern\u00e1ndez habl\u00f3 sobre la Especializaci\u00f3n en Promoci\u00f3n de la Lectura y su experiencia al pertenecer al SNP. Dijo que es un programa multisede \u2013Xalapa y C\u00f3rdoba\u2013, \u201cha sido importante estar en el <em>Conacyt<\/em> porque nos ha marcado la direcci\u00f3n operativa para consolidarnos como un proyecto de calidad\u201d.<\/p>\n<p>El n\u00facleo b\u00e1sico acad\u00e9mico est\u00e1 conformado por nueve profesores con grado de doctorado, tres con maestr\u00eda y dos con especializaci\u00f3n; siete est\u00e1n adscritos al Sistema Nacional de Investigadores (SNI) y siete tienen perfil del Programa para el Desarrollo Profesional Docente (<em>Prodep<\/em>).<\/p>\n","protected":false},"excerpt":{"rendered":"<p>Resultado de \u201cuna tarea constante y ardua entre los coordinadores de los programas y la DGUEP, para su permanencia y para que asciendan de nivel\u201d: Edna P\u00e9rez Lazarin<\/p>\n","protected":false},"author":1775,"featured_media":111965,"comment_status":"closed","ping_status":"closed","sticky":false,"template":"","format":"standard","meta":{"footnotes":""},"categories":[1],"tags":[174,503,6462,6827,4164,507,506,6828,6829],"class_list":["post-111963","post","type-post","status-publish","format-standard","has-post-thumbnail","hentry","category-general","tag-conacyt","tag-consejo-nacional-de-ciencia-y-tecnologia","tag-omar-portilla-palacios","tag-padron","tag-paola-cortes-perez","tag-pe","tag-programas-educativos","tag-sistema-nacional-de-posgrados","tag-snp"],"_links":{"self":[{"href":"https:\/\/www.uv.mx\/prensa\/wp-json\/wp\/v2\/posts\/111963","targetHints":{"allow":["GET"]}}],"collection":[{"href":"https:\/\/www.uv.mx\/prensa\/wp-json\/wp\/v2\/posts"}],"about":[{"href":"https:\/\/www.uv.mx\/prensa\/wp-json\/wp\/v2\/types\/post"}],"author":[{"embeddable":true,"href":"https:\/\/www.uv.mx\/prensa\/wp-json\/wp\/v2\/users\/1775"}],"replies":[{"embeddable":true,"href":"https:\/\/www.uv.mx\/prensa\/wp-json\/wp\/v2\/comments?post=111963"}],"version-history":[{"count":1,"href":"https:\/\/www.uv.mx\/prensa\/wp-json\/wp\/v2\/posts\/111963\/revisions"}],"predecessor-version":[{"id":112272,"href":"https:\/\/www.uv.mx\/prensa\/wp-json\/wp\/v2\/posts\/111963\/revisions\/112272"}],"wp:featuredmedia":[{"embeddable":true,"href":"https:\/\/www.uv.mx\/prensa\/wp-json\/wp\/v2\/media\/111965"}],"wp:attachment":[{"href":"https:\/\/www.uv.mx\/prensa\/wp-json\/wp\/v2\/media?parent=111963"}],"wp:term":[{"taxonomy":"category","embeddable":true,"href":"https:\/\/www.uv.mx\/prensa\/wp-json\/wp\/v2\/categories?post=111963"},{"taxonomy":"post_tag","embeddable":true,"href":"https:\/\/www.uv.mx\/prensa\/wp-json\/wp\/v2\/tags?post=111963"}],"curies":[{"name":"wp","href":"https:\/\/api.w.org\/{rel}","templated":true}]}}