{"id":111402,"date":"2022-03-10T14:01:59","date_gmt":"2022-03-10T20:01:59","guid":{"rendered":"https:\/\/www.uv.mx\/prensa\/?p=111402"},"modified":"2022-03-11T14:57:27","modified_gmt":"2022-03-11T20:57:27","slug":"cendhiu-instalo-centro-centinela-en-la-facultad-de-arquitectura","status":"publish","type":"post","link":"https:\/\/www.uv.mx\/prensa\/general\/cendhiu-instalo-centro-centinela-en-la-facultad-de-arquitectura\/","title":{"rendered":"<em>Cendhiu<\/em> instal\u00f3 Centro Centinela en la Facultad de Arquitectura"},"content":{"rendered":"<p>&nbsp;<\/p>\n<ul>\n<li><em>Se brindar\u00e1 atenci\u00f3n m\u00e9dica y psicol\u00f3gica en este espacio<\/em><\/li>\n<li><em>Tambi\u00e9n dar\u00e1 <\/em><em>capacitaci\u00f3n y asesor\u00eda a profesores y estudiantes en temas de drogas il\u00edcitas, salud mental, m\u00e9todos anticonceptivos y desarrollo de la sexualidad, entre otros<\/em><\/li>\n<\/ul>\n<p>&nbsp;<\/p>\n<div id=\"attachment_111405\" style=\"width: 732px\" class=\"wp-caption aligncenter\"><img loading=\"lazy\" decoding=\"async\" aria-describedby=\"caption-attachment-111405\" class=\"size-full wp-image-111405\" src=\"https:\/\/www.uv.mx\/prensa\/files\/2022\/03\/100322-CARLOS-instalacion-centro-centinela-1.jpg\" alt=\"\" width=\"722\" height=\"481\" srcset=\"https:\/\/www.uv.mx\/prensa\/files\/2022\/03\/100322-CARLOS-instalacion-centro-centinela-1.jpg 722w, https:\/\/www.uv.mx\/prensa\/files\/2022\/03\/100322-CARLOS-instalacion-centro-centinela-1-300x200.jpg 300w\" sizes=\"auto, (max-width: 722px) 100vw, 722px\" \/><p id=\"caption-attachment-111405\" class=\"wp-caption-text\">El corte de list\u00f3n fue realizado por Arturo Aguilar Ye y Arturo V\u00e1zquez Honorato<\/p><\/div>\n<p>&nbsp;<\/p>\n<p><em>Estos centros promueven, tambi\u00e9n, cuestiones relacionadas con la prevenci\u00f3n de enfermedades, con un abordaje multidisciplinario que se modifica en funci\u00f3n de las necesidades de docentes y estudiantes.<\/em><\/p>\n<p><strong><em>\u00a0<\/em><\/strong><\/p>\n<p><strong><em>Carlos Hugo Hermida Rosales<\/em><\/strong><\/p>\n<p><strong><em>Fotos: C\u00e9sar Pisil Ramos<\/em><\/strong><\/p>\n<p><strong><em>10\/03\/2022, Xalapa, Ver.-<\/em><\/strong> En la <a href=\"https:\/\/www.uv.mx\/arquitectura\/\" target=\"_blank\" rel=\"noopener\">Facultad de Arquitectura<\/a> (FAUV) se instal\u00f3 el Centro Centinela n\u00famero 11, que est\u00e1 ubicado en la explanada del Edificio \u201cD\u201d de la entidad acad\u00e9mica y ser\u00e1 coordinado por el Centro para el Desarrollo Humano e Integral de los Universitarios (<em>Cendhiu<\/em>).<\/p>\n<p>Se inaugur\u00f3 el 4 de marzo, con la participaci\u00f3n de Luis Arturo V\u00e1zquez Honorato y Arturo Aguilar Ye, directores generales de las \u00c1reas Acad\u00e9micas T\u00e9cnica y de Ciencias de la Salud, respectivamente; Jorge S\u00e1nchez Mejorada Fern\u00e1ndez, coordinador del <em>Cendhiu<\/em>; Guadalupe Noemi Uehara Guerrero y Ezequiel Melgarejo Ochoa, directora y secretario de la FAUV, respectivamente, docentes y estudiantes.<\/p>\n<p>Los Centros Centinela son sitios que realizan vigilancia epidemiol\u00f3gica, capacitaci\u00f3n y asesor\u00eda para profesores y alumnos en los temas que el <em>Cendhiu<\/em> trabaja: alcohol, tabaco, drogas il\u00edcitas, salud mental, m\u00e9todos anticonceptivos y desarrollo de la sexualidad, por mencionar algunos.<\/p>\n<p>Arturo Aguilar declar\u00f3 que para el \u00c1rea Acad\u00e9mica de Ciencias de la Salud representa una fortaleza contar con el apoyo del <em>Cendhiu <\/em>al implementar la encomienda del rector Mart\u00edn Aguilar de educar en materia de salud a toda la comunidad universitaria.<\/p>\n<p>\u201cLos Centros Centinelas son el brazo operativo para la articulaci\u00f3n de la pol\u00edtica de universidades saludables\u201d, coment\u00f3.<\/p>\n<p>&nbsp;<\/p>\n<div id=\"attachment_111403\" style=\"width: 732px\" class=\"wp-caption aligncenter\"><img loading=\"lazy\" decoding=\"async\" aria-describedby=\"caption-attachment-111403\" class=\"size-full wp-image-111403\" src=\"https:\/\/www.uv.mx\/prensa\/files\/2022\/03\/040322-CARLOS-instalacion-centro-centinela-2.jpg\" alt=\"\" width=\"722\" height=\"481\" srcset=\"https:\/\/www.uv.mx\/prensa\/files\/2022\/03\/040322-CARLOS-instalacion-centro-centinela-2.jpg 722w, https:\/\/www.uv.mx\/prensa\/files\/2022\/03\/040322-CARLOS-instalacion-centro-centinela-2-300x200.jpg 300w\" sizes=\"auto, (max-width: 722px) 100vw, 722px\" \/><p id=\"caption-attachment-111403\" class=\"wp-caption-text\">Participaron autoridades universitarias y directivos de la FAUV<\/p><\/div>\n<p>&nbsp;<\/p>\n<p>Estos espacios no s\u00f3lo brindan atenci\u00f3n m\u00e9dica, tambi\u00e9n promueven cuestiones relacionadas con la prevenci\u00f3n de enfermedades, con un abordaje multidisciplinario que se modifica en funci\u00f3n de las necesidades de docentes y estudiantes.<\/p>\n<p>V\u00e1zquez Honorato mencion\u00f3 que las condiciones que actualmente se padecen debido a la pandemia de COVID-19 dificultan que la comunidad universitaria cuente con una adecuada salud f\u00edsica y mental, por lo que tener un Centro Centinela es de gran ayuda para las entidades acad\u00e9micas.<\/p>\n<p>Afirm\u00f3 que al albergar uno de estos espacios, la FAUV busca consolidar el bienestar de sus estudiantes y catedr\u00e1ticos, lo que permitir\u00e1 que tengan un mejor rendimiento en su desarrollo.<\/p>\n<p>Jorge S\u00e1nchez Mejorada comparti\u00f3 que el Centro Centinela contar\u00e1 con personal que promover\u00e1 las actividades del <em>Cendhiu<\/em>, una pasante de la Facultad de Medicina, y una psic\u00f3loga que atender\u00e1 los jueves.<\/p>\n<p>Destac\u00f3 el inter\u00e9s y compromiso que los directivos de la FAUV muestran con su comunidad, y manifest\u00f3 que para la dependencia a su cargo ser\u00e1 un gusto colaborar y ayudar con cualquier medida necesaria.<\/p>\n<p>Noemi Uehara reconoci\u00f3 el apoyo de las autoridades universitarias para inaugurar el Centro Centinela, que adem\u00e1s de ofrecer servicios m\u00e9dicos brindar\u00e1 atenci\u00f3n psicol\u00f3gica en temas de violencia o estr\u00e9s.<\/p>\n<p>Jessica Miriam\u00a0Mendoza Ferrer, consejera alumna de la FAUV, agradeci\u00f3 en nombre de sus compa\u00f1eros a todos los involucrados en mejorar las \u00e1reas en que se desenvuelven como estudiantes, y por tomarse el tiempo para atender sus necesidades.<\/p>\n<p><strong>\u00a0<\/strong><\/p>\n<div id=\"attachment_111404\" style=\"width: 732px\" class=\"wp-caption aligncenter\"><img loading=\"lazy\" decoding=\"async\" aria-describedby=\"caption-attachment-111404\" class=\"size-full wp-image-111404\" src=\"https:\/\/www.uv.mx\/prensa\/files\/2022\/03\/040322-CARLOS-instalacion-centro-centinela-3.jpg\" alt=\"\" width=\"722\" height=\"481\" srcset=\"https:\/\/www.uv.mx\/prensa\/files\/2022\/03\/040322-CARLOS-instalacion-centro-centinela-3.jpg 722w, https:\/\/www.uv.mx\/prensa\/files\/2022\/03\/040322-CARLOS-instalacion-centro-centinela-3-300x200.jpg 300w\" sizes=\"auto, (max-width: 722px) 100vw, 722px\" \/><p id=\"caption-attachment-111404\" class=\"wp-caption-text\">Los estudiantes ser\u00e1n los principales beneficiados con el Centro Centinela<\/p><\/div>\n","protected":false},"excerpt":{"rendered":"<p>Este tipo de centros realizan vigilancia epidemiol\u00f3gica, capacitaci\u00f3n y asesor\u00eda para profesores y alumnos en temas como alcohol, tabaco, drogas il\u00edcitas, salud mental, y m\u00e1s<\/p>\n","protected":false},"author":1869,"featured_media":111403,"comment_status":"closed","ping_status":"closed","sticky":false,"template":"","format":"standard","meta":{"footnotes":""},"categories":[6301,1],"tags":[],"class_list":["post-111402","post","type-post","status-publish","format-standard","has-post-thumbnail","hentry","category-derechos-humanos","category-general"],"_links":{"self":[{"href":"https:\/\/www.uv.mx\/prensa\/wp-json\/wp\/v2\/posts\/111402","targetHints":{"allow":["GET"]}}],"collection":[{"href":"https:\/\/www.uv.mx\/prensa\/wp-json\/wp\/v2\/posts"}],"about":[{"href":"https:\/\/www.uv.mx\/prensa\/wp-json\/wp\/v2\/types\/post"}],"author":[{"embeddable":true,"href":"https:\/\/www.uv.mx\/prensa\/wp-json\/wp\/v2\/users\/1869"}],"replies":[{"embeddable":true,"href":"https:\/\/www.uv.mx\/prensa\/wp-json\/wp\/v2\/comments?post=111402"}],"version-history":[{"count":1,"href":"https:\/\/www.uv.mx\/prensa\/wp-json\/wp\/v2\/posts\/111402\/revisions"}],"predecessor-version":[{"id":111506,"href":"https:\/\/www.uv.mx\/prensa\/wp-json\/wp\/v2\/posts\/111402\/revisions\/111506"}],"wp:featuredmedia":[{"embeddable":true,"href":"https:\/\/www.uv.mx\/prensa\/wp-json\/wp\/v2\/media\/111403"}],"wp:attachment":[{"href":"https:\/\/www.uv.mx\/prensa\/wp-json\/wp\/v2\/media?parent=111402"}],"wp:term":[{"taxonomy":"category","embeddable":true,"href":"https:\/\/www.uv.mx\/prensa\/wp-json\/wp\/v2\/categories?post=111402"},{"taxonomy":"post_tag","embeddable":true,"href":"https:\/\/www.uv.mx\/prensa\/wp-json\/wp\/v2\/tags?post=111402"}],"curies":[{"name":"wp","href":"https:\/\/api.w.org\/{rel}","templated":true}]}}