{"id":110282,"date":"2022-02-17T11:37:36","date_gmt":"2022-02-17T17:37:36","guid":{"rendered":"https:\/\/www.uv.mx\/prensa\/?p=110282"},"modified":"2022-02-18T14:37:40","modified_gmt":"2022-02-18T20:37:40","slug":"uv-participo-en-evento-del-50-aniversario-entre-mexico-y-la-rpch","status":"publish","type":"post","link":"https:\/\/www.uv.mx\/prensa\/banner\/uv-participo-en-evento-del-50-aniversario-entre-mexico-y-la-rpch\/","title":{"rendered":"UV particip\u00f3 en evento del 50 aniversario entre M\u00e9xico y la RPCh"},"content":{"rendered":"<ul>\n<li><i><span data-contrast=\"none\">El <\/span><\/i><i><span data-contrast=\"none\">acto<\/span><\/i><i><span data-contrast=\"none\"> conmemorativo fue realizado por la Comisi\u00f3n de Relaciones Exteriores Asia-Pac\u00edfico-\u00c1frica del Senado de la Rep\u00fablica<\/span><\/i><span data-ccp-props=\"{}\">\u00a0<\/span><\/li>\n<li data-leveltext=\"\uf0b7\" data-font=\"Symbol\" data-listid=\"5\" data-aria-posinset=\"2\" data-aria-level=\"1\"><i><span data-contrast=\"none\">An\u00edbal Zottele, coordinador del <\/span><\/i><span data-contrast=\"none\">Cechiver<\/span><i><span data-contrast=\"none\">, <\/span><\/i><i><span data-contrast=\"none\">estuvo en la mesa de di\u00e1logo \u201cLa relaci\u00f3n M\u00e9xico-China: hacia nuevas formas de colaboraci\u00f3n<\/span><\/i><span data-contrast=\"none\">\u201d<\/span><span data-ccp-props=\"{}\">\u00a0<\/span><\/li>\n<\/ul>\n<p>&nbsp;<\/p>\n<div id=\"attachment_110287\" style=\"width: 732px\" class=\"wp-caption aligncenter\"><img loading=\"lazy\" decoding=\"async\" aria-describedby=\"caption-attachment-110287\" class=\"size-full wp-image-110287\" src=\"https:\/\/www.uv.mx\/prensa\/files\/2022\/02\/170222-China-Mexico-1.jpg\" alt=\"\" width=\"722\" height=\"481\" srcset=\"https:\/\/www.uv.mx\/prensa\/files\/2022\/02\/170222-China-Mexico-1.jpg 722w, https:\/\/www.uv.mx\/prensa\/files\/2022\/02\/170222-China-Mexico-1-300x200.jpg 300w\" sizes=\"auto, (max-width: 722px) 100vw, 722px\" \/><p id=\"caption-attachment-110287\" class=\"wp-caption-text\">Los asistentes al evento coincidieron en el inter\u00e9s de China y M\u00e9xico por abrir un nuevo cap\u00edtulo en sus lazos bilaterales<\/p><\/div>\n<p>&nbsp;<\/p>\n<p><b><i><span data-contrast=\"none\">Carlos Hugo Hermida Rosales<\/span><\/i><\/b><span data-ccp-props=\"{}\">\u00a0<\/span><\/p>\n<p><b><i><span data-contrast=\"none\">Fotos: <\/span><\/i><\/b><b><i><span data-contrast=\"auto\">C\u00e9sar Pisil Ramos<\/span><\/i><\/b><span data-ccp-props=\"{}\">\u00a0<\/span><\/p>\n<p><b><i><span data-contrast=\"none\">17\/02\/2022, Xalapa, Ver.-<\/span><\/i><\/b><span data-contrast=\"none\"> La <a href=\"https:\/\/www.uv.mx\/\" target=\"_blank\" rel=\"noopener\">Universidad Veracruzana<\/a> (UV) fue una de las tres instituciones de educaci\u00f3n superior<\/span><span data-contrast=\"none\"> (IES)<\/span><span data-contrast=\"none\"> invitadas por la Comisi\u00f3n de Relaciones Exteriores Asia-Pac\u00edfico-\u00c1frica del Senado de la Rep\u00fablica, el Instituto \u201cBelisario Dom\u00ednguez\u201d y el Centro de Estudios China-M\u00e9xico de la UNAM, a la conmemoraci\u00f3n del 50 aniversario del establecimiento de las relaciones diplom\u00e1ticas entre M\u00e9xico y la Rep<\/span><span data-contrast=\"none\">\u00fa<\/span><span data-contrast=\"none\">blica Popular China<\/span><span data-contrast=\"none\"> (RPCh)<\/span><span data-contrast=\"none\">, realizado el 14 de febrero.\u00a0<\/span><span data-ccp-props=\"{}\">\u00a0<\/span><\/p>\n<p><span data-contrast=\"none\">An\u00edbal Carlos Zottele Allende, coordinador del Centro de Estudios China-Veracruz<\/span><span data-contrast=\"none\"> (<\/span><i><span data-contrast=\"none\">Cechiver<\/span><\/i><span data-contrast=\"none\">)<\/span><span data-contrast=\"none\">, represent\u00f3 a<\/span> <span data-contrast=\"none\">la UV en este evento <\/span><span data-contrast=\"none\">en el que estuvieron presentes Zhu\u202fQingqiao, embajador de la <\/span><span data-contrast=\"none\">RPCh<\/span><span data-contrast=\"none\"> en M\u00e9xico; los senadores Jos\u00e9 Narro C\u00e9spedes, Cora Cecilia Pinedo Alonso, Miguel \u00c1ngel Osorio Chong, Beatriz Elena Paredes Rangel y Arturo del Carmen Moo Cahuich; los ex embajadores de M\u00e9xico en China<\/span><span data-contrast=\"none\">:<\/span><span data-contrast=\"none\"> Sergio Ley L\u00f3pez, actual presidente en Consejo Empresarial Mexicano de Comercio Exterior (<\/span><i><span data-contrast=\"none\">Comce<\/span><\/i><span data-contrast=\"none\">) de la regi\u00f3n Asia-Ocean\u00eda, y Juli\u00e1n Ventura Valero, quien adem\u00e1s fungi\u00f3 como vicecanciller de la naci\u00f3n.<\/span><span data-ccp-props=\"{&quot;335559731&quot;:708}\">\u00a0<\/span><\/p>\n<p><span data-contrast=\"none\">Tambi\u00e9n participaron Aliza Chelminsky, coordinadora general del Centro de Estudios Internacionales \u201cGilberto Bosques\u201d; Enrique Dussel Peters, coordinador del Centro de Estudios China-M\u00e9xico de la UNAM, Lijlana Arsovska, catedr\u00e1tica de El Colegio de M\u00e9xico, y Zou Chuanming, ministro consejero de la Embajada de China en M\u00e9xico.<\/span><span data-ccp-props=\"{&quot;335559731&quot;:708}\">\u00a0<\/span><\/p>\n<p><span data-contrast=\"none\">Los <\/span><span data-contrast=\"none\">expositores<\/span><span data-contrast=\"none\"> coincidieron en que M\u00e9xico y China son pa\u00edses que cuentan con civilizaciones milenarias y un gran orgullo por su herencia, que buscan abrir un nuevo cap\u00edtulo en sus lazos bilaterales.\u00a0<\/span><span data-ccp-props=\"{&quot;335559731&quot;:708}\">\u00a0<\/span><\/p>\n<p><span data-contrast=\"none\">Destacaron que la naci\u00f3n asi\u00e1tica reduce la desigualdad e impulsa la prosperidad com\u00fan a trav\u00e9s de acciones como la atenci\u00f3n de los rezagados y el desarrollo de las comunidades m\u00e1s pobres, y ha dado un ejemplo al mundo de c\u00f3mo mantener un crecimiento sostenido y constante que beneficia a un gran sector de la poblaci\u00f3n.<\/span><span data-ccp-props=\"{&quot;335559731&quot;:708}\">\u00a0<\/span><\/p>\n<p>&nbsp;<\/p>\n<div id=\"attachment_110286\" style=\"width: 732px\" class=\"wp-caption aligncenter\"><img loading=\"lazy\" decoding=\"async\" aria-describedby=\"caption-attachment-110286\" class=\"size-full wp-image-110286\" src=\"https:\/\/www.uv.mx\/prensa\/files\/2022\/02\/170222-China-Mexico-2.jpg\" alt=\"\" width=\"722\" height=\"481\" srcset=\"https:\/\/www.uv.mx\/prensa\/files\/2022\/02\/170222-China-Mexico-2.jpg 722w, https:\/\/www.uv.mx\/prensa\/files\/2022\/02\/170222-China-Mexico-2-300x200.jpg 300w\" sizes=\"auto, (max-width: 722px) 100vw, 722px\" \/><p id=\"caption-attachment-110286\" class=\"wp-caption-text\">An\u00edbal Carlos Zottele Allende, coordinador del <em>Cechiver<\/em><\/p><\/div>\n<p>&nbsp;<\/p>\n<p><span data-contrast=\"none\">Dentro de su participaci\u00f3n en la mesa de di\u00e1logo \u201cLa relaci\u00f3n M\u00e9xico-China: hacia nuevas formas de colaboraci\u00f3n\u201d, <\/span><span data-contrast=\"none\">An\u00edbal Zottele remarc\u00f3 que M\u00e9xico e<\/span><span data-contrast=\"none\">s un pa\u00eds estrat\u00e9gico para China, dada su ubicaci\u00f3n geogr\u00e1fica y sus acuerdos econ\u00f3micos con gran parte del mundo.<\/span><span data-ccp-props=\"{&quot;335559731&quot;:708}\">\u00a0<\/span><\/p>\n<p><span data-contrast=\"none\">La naci\u00f3n es l\u00edder en Am\u00e9rica Latina y el Caribe en materia de transacciones exteriores de bienes y servicios, y sus intercambios comerciales con China en 2021 se acercaron a los 100 mil millones de d\u00f3lares.<\/span><span data-ccp-props=\"{&quot;335559731&quot;:708}\">\u00a0<\/span><\/p>\n<p><span data-contrast=\"none\">A pesar de la gran semejanza en las notables experiencias sociales milenarias, M\u00e9xico y China tienen culturas diferentes, por lo que deben profundizar su di\u00e1logo con el fin de dar respuesta al c\u00famulo de complejidades derivadas del crecimiento de las actividades conjuntas, y mejorar la capacidad de afrontar de manera articulada los aspectos de orden estrat\u00e9gico, t\u00e1ctico y operativo.<\/span><span data-ccp-props=\"{&quot;335559731&quot;:708}\">\u00a0<\/span><\/p>\n<p><span data-contrast=\"none\">El Coordinador del <\/span><i><span data-contrast=\"none\">Cechiver<\/span><\/i><span data-contrast=\"none\"> propuso generar alternativas para que el desarrollo de las relaciones entre ambos pa\u00edses tenga repercusiones favorables a nivel de la regi\u00f3n de Am\u00e9rica Latina y el Caribe.<\/span><span data-ccp-props=\"{&quot;335559731&quot;:708}\">\u00a0<\/span><\/p>\n<p><span data-contrast=\"none\">Habl\u00f3 de las numerosas actividades derivadas de la implementaci\u00f3n de infraestructura, que contempla la expansi\u00f3n de la Iniciativa de la Franja y la Ruta (IFR), pueden realizarse en M\u00e9xico<\/span><span data-contrast=\"none\"> puesto<\/span><span data-contrast=\"none\"> que cuenta con alta competitividad y capacidad de desarrollar proyectos industriales.\u00a0<\/span><span data-ccp-props=\"{&quot;335559731&quot;:708}\">\u00a0<\/span><\/p>\n<p><span data-contrast=\"none\">Y cerr\u00f3 su participaci\u00f3n diciendo: \u201cLa mirada conjunta y las acciones entre M\u00e9xico y China ser\u00e1n puntos medulares para el progreso propio y de los dem\u00e1s pa\u00edses del \u00e1rea. Por ello, el estado de Veracruz se prepara con determinaci\u00f3n a fin de participar en el impacto positivo, en el plano socioecon\u00f3mico, que producir\u00e1 la sinergia cultural de las relaciones sino-mexicanas y el fortalecimiento de la IFR.\u201d<\/span><span data-ccp-props=\"{&quot;335559731&quot;:708}\">\u00a0<\/span><\/p>\n<p><span data-ccp-props=\"{}\">\u00a0<\/span><\/p>\n<div id=\"attachment_110285\" style=\"width: 732px\" class=\"wp-caption aligncenter\"><img loading=\"lazy\" decoding=\"async\" aria-describedby=\"caption-attachment-110285\" class=\"size-full wp-image-110285\" src=\"https:\/\/www.uv.mx\/prensa\/files\/2022\/02\/170222-China-Mexico-3.jpg\" alt=\"\" width=\"722\" height=\"481\" srcset=\"https:\/\/www.uv.mx\/prensa\/files\/2022\/02\/170222-China-Mexico-3.jpg 722w, https:\/\/www.uv.mx\/prensa\/files\/2022\/02\/170222-China-Mexico-3-300x200.jpg 300w\" sizes=\"auto, (max-width: 722px) 100vw, 722px\" \/><p id=\"caption-attachment-110285\" class=\"wp-caption-text\">Enrique Dussel Peters<\/p><\/div>\n<p>&nbsp;<\/p>\n<p><b><span data-contrast=\"none\">Participaci\u00f3n de miembros del claustro de la UV<\/span><\/b><span data-ccp-props=\"{}\">\u00a0<\/span><\/p>\n<p><span data-contrast=\"none\">El acto conmemorativo tambi\u00e9n cont\u00f3 con dos miembros del claustro de esta casa de estudios: <\/span><span data-contrast=\"none\">Enrique Dussel Peters, coordinador del Centro de Estudios China-M\u00e9xico de la UNAM,<\/span><span data-contrast=\"none\"> y <\/span><span data-contrast=\"auto\">Liljana\u202fArsovska, investigadora de El Colegio de M\u00e9xico<\/span><span data-contrast=\"auto\">, quienes en marzo de 2021 fueron condecorados con la Medalla al M\u00e9rito Universitario.<\/span><span data-ccp-props=\"{}\">\u00a0<\/span><\/p>\n<p><span data-contrast=\"none\">Enrique Dussel hizo \u00e9nfasis en la importancia de cuidar, proteger y ampliar las instituciones bilaterales que sustentan<\/span><span data-contrast=\"none\"> la relaci\u00f3n entre nuestro pa\u00eds y la RPCh<\/span><span data-contrast=\"none\">, tales como la comisi\u00f3n binacional y el grupo de trabajo de alto nivel.\u00a0<\/span><span data-ccp-props=\"{&quot;335559731&quot;:708}\">\u00a0<\/span><\/p>\n<p><span data-contrast=\"auto\">Liljana\u202fArsovska, <\/span><span data-contrast=\"auto\">antes de entrar en el tema, <\/span><span data-contrast=\"auto\">manifest\u00f3 que es un privilegio sentirse miembro de <\/span><span data-contrast=\"auto\">la UV<\/span><span data-contrast=\"auto\">. Declar\u00f3 que la Iniciativa de la Franja y la Ruta<\/span><span data-contrast=\"auto\">,<\/span> <span data-contrast=\"auto\">propuesta por China,<\/span><span data-contrast=\"auto\"> traspasa el \u00e1mbito econ\u00f3mico y comercial, ya que tambi\u00e9n engloba el intercambio art\u00edstico y cultural, situaci\u00f3n que puede ser de gran provecho para M\u00e9xico y Am\u00e9rica Latina y el Caribe.\u00a0<\/span><span data-ccp-props=\"{&quot;335559731&quot;:708}\">\u00a0<\/span><\/p>\n<p><span data-contrast=\"auto\">\u201cEs labor de las instituciones de educaci\u00f3n superior mexicanas atraer estudiantes chinos, y fomentar que sus pares nacionales acudan al pa\u00eds asi\u00e1tico, ya que de esta forma se podr\u00e1n tejer lazos y relaciones uno a uno\u201d, concluy\u00f3.<\/span><span data-ccp-props=\"{&quot;335559731&quot;:708}\">\u00a0<\/span><\/p>\n<p>&nbsp;<\/p>\n<div id=\"attachment_110284\" style=\"width: 732px\" class=\"wp-caption aligncenter\"><img loading=\"lazy\" decoding=\"async\" aria-describedby=\"caption-attachment-110284\" class=\"size-full wp-image-110284\" src=\"https:\/\/www.uv.mx\/prensa\/files\/2022\/02\/170222-China-Mexico-4.jpg\" alt=\"\" width=\"722\" height=\"481\" srcset=\"https:\/\/www.uv.mx\/prensa\/files\/2022\/02\/170222-China-Mexico-4.jpg 722w, https:\/\/www.uv.mx\/prensa\/files\/2022\/02\/170222-China-Mexico-4-300x200.jpg 300w\" sizes=\"auto, (max-width: 722px) 100vw, 722px\" \/><p id=\"caption-attachment-110284\" class=\"wp-caption-text\">Liljana\u202fArsovska<\/p><\/div>\n","protected":false},"excerpt":{"rendered":"<p>\u201cLa mirada conjunta y las acciones entre M\u00e9xico y China ser\u00e1n puntos medulares para el progreso propio y de los dem\u00e1s pa\u00edses del \u00e1rea\u201d: An\u00edbal Zottele Allende  <\/p>\n","protected":false},"author":1508,"featured_media":110283,"comment_status":"closed","ping_status":"closed","sticky":false,"template":"","format":"standard","meta":{"footnotes":""},"categories":[61],"tags":[],"class_list":["post-110282","post","type-post","status-publish","format-standard","has-post-thumbnail","hentry","category-banner"],"_links":{"self":[{"href":"https:\/\/www.uv.mx\/prensa\/wp-json\/wp\/v2\/posts\/110282","targetHints":{"allow":["GET"]}}],"collection":[{"href":"https:\/\/www.uv.mx\/prensa\/wp-json\/wp\/v2\/posts"}],"about":[{"href":"https:\/\/www.uv.mx\/prensa\/wp-json\/wp\/v2\/types\/post"}],"author":[{"embeddable":true,"href":"https:\/\/www.uv.mx\/prensa\/wp-json\/wp\/v2\/users\/1508"}],"replies":[{"embeddable":true,"href":"https:\/\/www.uv.mx\/prensa\/wp-json\/wp\/v2\/comments?post=110282"}],"version-history":[{"count":1,"href":"https:\/\/www.uv.mx\/prensa\/wp-json\/wp\/v2\/posts\/110282\/revisions"}],"predecessor-version":[{"id":110409,"href":"https:\/\/www.uv.mx\/prensa\/wp-json\/wp\/v2\/posts\/110282\/revisions\/110409"}],"wp:featuredmedia":[{"embeddable":true,"href":"https:\/\/www.uv.mx\/prensa\/wp-json\/wp\/v2\/media\/110283"}],"wp:attachment":[{"href":"https:\/\/www.uv.mx\/prensa\/wp-json\/wp\/v2\/media?parent=110282"}],"wp:term":[{"taxonomy":"category","embeddable":true,"href":"https:\/\/www.uv.mx\/prensa\/wp-json\/wp\/v2\/categories?post=110282"},{"taxonomy":"post_tag","embeddable":true,"href":"https:\/\/www.uv.mx\/prensa\/wp-json\/wp\/v2\/tags?post=110282"}],"curies":[{"name":"wp","href":"https:\/\/api.w.org\/{rel}","templated":true}]}}